{"id":41149,"date":"2023-11-29T15:37:14","date_gmt":"2023-11-29T14:37:14","guid":{"rendered":"https:\/\/www.civiluavsinitiative.com\/?p=41149"},"modified":"2024-01-30T15:55:33","modified_gmt":"2024-01-30T14:55:33","slug":"o-polo-aeroespacial-de-galicia-exhibe-en-sedexpo-as-capacidades-dos-vehiculos-non-tripulados-no-eido-das-emerxencias","status":"publish","type":"post","link":"https:\/\/www.civiluavsinitiative.com\/gl\/o-polo-aeroespacial-de-galicia-exhibe-en-sedexpo-as-capacidades-dos-vehiculos-non-tripulados-no-eido-das-emerxencias\/","title":{"rendered":"O Polo Aeroespacial de Galicia exhibe en SEDEXPO as capacidades dos veh\u00edculos non tripulados no eido das emerxencias"},"content":{"rendered":"<p><em>A directora da Axencia Galega de Innovaci\u00f3n, Patricia Argerey, visitou a Feira Internacional de Seguridade, Defensa e Emerxencias que se celebra en Silleda e que conta co apoio da Xunta de Galicia<\/em><\/p>\n<p><em>No programa de actividades do evento d\u00e9ronse a co\u00f1ecer tres soluci\u00f3ns con tecnolox\u00edas de veh\u00edculos non tripulados aplicadas a este eido desenvolvidas por Indra, Aeromedia e o ITG e polas startups da Business Factory Aero Vig-Sec Drone e Beagle<\/em><\/p>\n<p><strong>Silleda, 29 de novembro de 2023.-<\/strong> A directora da Axencia Galega de Innovaci\u00f3n, Patricia Argerey, visitou hoxe a segunda edici\u00f3n da Feira Internacional de Seguridade, Defensa e Emerxencias (Sedexpo) que se celebra no recinto da Feira Internacional de Galicia en Silleda onde destacou as capacidades das soluci\u00f3ns baseadas en tecnolox\u00edas de veh\u00edculos e sistemas non tripulados no eido das emerxencias.<\/p>\n<p>M\u00e1is de 200 firmas de 24 pa\u00edses participan nesta edici\u00f3n de Sedexpo, que abriu onte as s\u00faas portas. O Polo Aeroespacial de Galicia conta cun espazo propio na \u00e1rea de exposici\u00f3ns na que hai unha importante presenza de empresas e centros de co\u00f1ecemento do ecosistema como Airbus, Catec, Aeromedia \u2013 Umiles, Beagle e o Instituto Tecnol\u00f3gico de Galicia.<\/p>\n<p>No programa de actividades present\u00e1ronse hoxe tres soluci\u00f3ns con tecnolox\u00edas de veh\u00edculos e sistemas non tripulados desenvolvidas no Polo Aeroespacial de Galicia aplicadas ao sector das emerxencias, en d\u00faas mesas redondas moderadas por un representante da Axencia Galega de Innovaci\u00f3n, que tiveron lugar na sala Civil UAVs Initiative.<\/p>\n<p>O primeiro deles \u00e9 unha soluci\u00f3n innovadora para a localizaci\u00f3n de persoas extraviadas por medio de drons e intelixencia artificial, desenvolvida por Indra, Aeromedia e o Instituto Tecnol\u00f3gico de Galicia. O sistema, denominado DroneFinder, lanza un aviso directo aos sistemas de emerxencias, reducindo ao m\u00ednimo os tempos de resposta e optimizando os recursos empregados na busca, contribu\u00edndo as\u00ed, a salvar vidas.<\/p>\n<p>A continuaci\u00f3n, present\u00e1ronse d\u00faas soluci\u00f3ns con aplicaci\u00f3ns na \u00e1rea das emerxencias que se est\u00e1n a desenvolver no marco da Business Factory Aero (BFAero), o programa de incubaci\u00f3n, aceleraci\u00f3n e consolidaci\u00f3n de proxectos innovadores no eido dos veh\u00edculos non tripulados do Polo Aeroespacial de Galicia.<\/p>\n<p>O proxecto ACRE (\u00c1rea de Control Restrinxida de Emerxencias) da empresa Vig-Sec Drone, \u00e9 un software de xesti\u00f3n do espazo a\u00e9reo de emerxencias, enfocado de forma espec\u00edfica nos incendios forestais, que permite o uso simult\u00e1neo de aeronaves tripuladas e non tripuladas. Valorado pola s\u00faa singularidade para o ecosistema aeron\u00e1utico galego, este proxecto foi seleccionado no itinerario de aceleraci\u00f3n da 5\u00aa edici\u00f3n da Business Factory Aero. Tam\u00e9n participou en ViaGalicia e recibiu financiamento do programa de Recuperaci\u00f3n Excelencia Neotec de Galicia.<\/p>\n<p>Pola s\u00faa parte, Beagle Technology accedeu ao itinerario de consolidaci\u00f3n da 5\u00aa edici\u00f3n da Business Factory Aero cun proxecto que xa pasou polo itinerario de aceleraci\u00f3n da 4\u00aa convocatoria. \u00c9 unha soluci\u00f3n de hardware e software que permite ofrecer informaci\u00f3n situacional mellorada en operaci\u00f3ns de emerxencias (imaxe a\u00e9rea integrada en vista tridimensional, veh\u00edculos e recursos m\u00f3biles xeoposicionados, informaci\u00f3n completa e r\u00e1pida e sinxeleza de uso) co obxectivo de facilitar a coordinaci\u00f3n de medios e a toma de decisi\u00f3ns.<\/p>\n<p>Os veh\u00edculos e sistemas non tripulados est\u00e1n a ter unha importante presenza en Sedexpo 2023, tanto no programa de conferencias como na \u00e1rea de exhibici\u00f3ns, na que se realizar\u00e1 un exercicio-simulacro sobre as futuras capacidades da unidade operativa de drons da Axencia Galega de Emerxencias (AXEGA) na busca de persoas desaparecidas, organizado pola Xunta de Galicia.<\/p>\n<p>No novo per\u00edodo estrat\u00e9xico iniciado en 2021 t\u00e9\u00f1ense mobilizado ata a data no Polo Aeroespacial de Galicia 106,12 M\u20ac de investimento p\u00fablico e son xa m\u00e1is de 100 os axentes do ecosistema do segmento dos veh\u00edculos non tripulados, entre eles, grandes empresas tractoras como Airbus, Avincis, Telespazio, GMV e Telef\u00f3nica.<\/p>\n<p>Ademais, un total de 31 proxectos empresariais incub\u00e1ronse, aceler\u00e1ronse ou consolid\u00e1ronse nas cinco edici\u00f3ns da Business Factory Aero, desde 2018 ata a actualidade.<\/p>\n","protected":false},"excerpt":{"rendered":"<p>A directora da Axencia Galega de Innovaci\u00f3n, Patricia Argerey, visitou a Feira Internacional de Seguridade, Defensa e Emerxencias que se celebra en Silleda e que conta co apoio da Xunta de Galicia No programa de actividades do evento d\u00e9ronse a co\u00f1ecer tres soluci\u00f3ns con tecnolox\u00edas de veh\u00edculos non tripulados aplicadas a este eido desenvolvidas por [&hellip;]<\/p>\n","protected":false},"author":3,"featured_media":41150,"comment_status":"open","ping_status":"open","sticky":false,"template":"","format":"standard","meta":{"_et_pb_use_builder":"","_et_pb_old_content":"","_et_gb_content_width":""},"categories":[150],"tags":[1044,1046,741,944,1043,1045,377,307,1048,602,1041,886,306,783,1047,1040,1042,742,311,498],"acf":[],"yoast_head":"<!-- This site is optimized with the Yoast SEO plugin v20.9 - https:\/\/yoast.com\/wordpress\/plugins\/seo\/ -->\n<title>O Polo Aeroespacial de Galicia exhibe en SEDEXPO as capacidades dos veh\u00edculos non tripulados no eido das emerxencias - Civil UAVs Initiative<\/title>\n<meta name=\"robots\" content=\"index, follow, max-snippet:-1, max-image-preview:large, max-video-preview:-1\" \/>\n<link rel=\"canonical\" href=\"https:\/\/www.civiluavsinitiative.com\/el-polo-aeroespacial-de-galicia-exhibe-en-sedexpo-las-capacidades-de-los-vehiculos-no-tripulados-en-el-ambito-de-las-emergencias\/\" \/>\n<meta property=\"og:locale\" content=\"gl_ES\" \/>\n<meta property=\"og:type\" content=\"article\" \/>\n<meta property=\"og:title\" content=\"O Polo Aeroespacial de Galicia exhibe en SEDEXPO as capacidades dos veh\u00edculos non tripulados no eido das emerxencias - Civil UAVs Initiative\" \/>\n<meta property=\"og:description\" content=\"A directora da Axencia Galega de Innovaci\u00f3n, Patricia Argerey, visitou a Feira Internacional de Seguridade, Defensa e Emerxencias que se celebra en Silleda e que conta co apoio da Xunta de Galicia No programa de actividades do evento d\u00e9ronse a co\u00f1ecer tres soluci\u00f3ns con tecnolox\u00edas de veh\u00edculos non tripulados aplicadas a este eido desenvolvidas por [&hellip;]\" \/>\n<meta property=\"og:url\" content=\"https:\/\/www.civiluavsinitiative.com\/el-polo-aeroespacial-de-galicia-exhibe-en-sedexpo-las-capacidades-de-los-vehiculos-no-tripulados-en-el-ambito-de-las-emergencias\/\" \/>\n<meta property=\"og:site_name\" content=\"Civil UAVs Initiative\" \/>\n<meta property=\"article:published_time\" content=\"2023-11-29T14:37:14+00:00\" \/>\n<meta property=\"article:modified_time\" content=\"2024-01-30T14:55:33+00:00\" \/>\n<meta property=\"og:image\" content=\"https:\/\/www.civiluavsinitiative.com\/wp-content\/uploads\/2023\/11\/20231129-Sedexpo1.png\" \/>\n\t<meta property=\"og:image:width\" content=\"1181\" \/>\n\t<meta property=\"og:image:height\" content=\"787\" \/>\n\t<meta property=\"og:image:type\" content=\"image\/png\" \/>\n<meta name=\"author\" content=\"pvillanueva\" \/>\n<meta name=\"twitter:card\" content=\"summary_large_image\" \/>\n<meta name=\"twitter:label1\" content=\"Escrito por\" \/>\n\t<meta name=\"twitter:data1\" content=\"pvillanueva\" \/>\n\t<meta name=\"twitter:label2\" content=\"Tempo de lectura\" \/>\n\t<meta name=\"twitter:data2\" content=\"3 minutos\" \/>\n<script type=\"application\/ld+json\" class=\"yoast-schema-graph\">{\"@context\":\"https:\/\/schema.org\",\"@graph\":[{\"@type\":\"WebPage\",\"@id\":\"https:\/\/www.civiluavsinitiative.com\/el-polo-aeroespacial-de-galicia-exhibe-en-sedexpo-las-capacidades-de-los-vehiculos-no-tripulados-en-el-ambito-de-las-emergencias\/\",\"url\":\"https:\/\/www.civiluavsinitiative.com\/el-polo-aeroespacial-de-galicia-exhibe-en-sedexpo-las-capacidades-de-los-vehiculos-no-tripulados-en-el-ambito-de-las-emergencias\/\",\"name\":\"O Polo Aeroespacial de Galicia exhibe en SEDEXPO as capacidades dos veh\u00edculos non tripulados no eido das emerxencias - Civil UAVs Initiative\",\"isPartOf\":{\"@id\":\"https:\/\/www.civiluavsinitiative.com\/#website\"},\"datePublished\":\"2023-11-29T14:37:14+00:00\",\"dateModified\":\"2024-01-30T14:55:33+00:00\",\"author\":{\"@id\":\"https:\/\/www.civiluavsinitiative.com\/#\/schema\/person\/58af028627c8c00ec53ba6f40d2f9bac\"},\"breadcrumb\":{\"@id\":\"https:\/\/www.civiluavsinitiative.com\/el-polo-aeroespacial-de-galicia-exhibe-en-sedexpo-las-capacidades-de-los-vehiculos-no-tripulados-en-el-ambito-de-las-emergencias\/#breadcrumb\"},\"inLanguage\":\"gl-ES\",\"potentialAction\":[{\"@type\":\"ReadAction\",\"target\":[\"https:\/\/www.civiluavsinitiative.com\/el-polo-aeroespacial-de-galicia-exhibe-en-sedexpo-las-capacidades-de-los-vehiculos-no-tripulados-en-el-ambito-de-las-emergencias\/\"]}]},{\"@type\":\"BreadcrumbList\",\"@id\":\"https:\/\/www.civiluavsinitiative.com\/el-polo-aeroespacial-de-galicia-exhibe-en-sedexpo-las-capacidades-de-los-vehiculos-no-tripulados-en-el-ambito-de-las-emergencias\/#breadcrumb\",\"itemListElement\":[{\"@type\":\"ListItem\",\"position\":1,\"name\":\"Home\",\"item\":\"https:\/\/www.civiluavsinitiative.com\/gl\/\"},{\"@type\":\"ListItem\",\"position\":2,\"name\":\"O Polo Aeroespacial de Galicia exhibe en SEDEXPO as capacidades dos veh\u00edculos non tripulados no eido das emerxencias\"}]},{\"@type\":\"WebSite\",\"@id\":\"https:\/\/www.civiluavsinitiative.com\/#website\",\"url\":\"https:\/\/www.civiluavsinitiative.com\/\",\"name\":\"Civil UAVs Initiative\",\"description\":\"Civil UAVs Initiative, favorece y fomenta el emprendimiento innovador, con el fin de atraer y retener en Galicia talento en el sector aeroespacial.\",\"potentialAction\":[{\"@type\":\"SearchAction\",\"target\":{\"@type\":\"EntryPoint\",\"urlTemplate\":\"https:\/\/www.civiluavsinitiative.com\/?s={search_term_string}\"},\"query-input\":\"required name=search_term_string\"}],\"inLanguage\":\"gl-ES\"},{\"@type\":\"Person\",\"@id\":\"https:\/\/www.civiluavsinitiative.com\/#\/schema\/person\/58af028627c8c00ec53ba6f40d2f9bac\",\"name\":\"pvillanueva\",\"image\":{\"@type\":\"ImageObject\",\"inLanguage\":\"gl-ES\",\"@id\":\"https:\/\/www.civiluavsinitiative.com\/#\/schema\/person\/image\/\",\"url\":\"https:\/\/secure.gravatar.com\/avatar\/26c228395505196df76a7de2e9ed4de6?s=96&d=mm&r=g\",\"contentUrl\":\"https:\/\/secure.gravatar.com\/avatar\/26c228395505196df76a7de2e9ed4de6?s=96&d=mm&r=g\",\"caption\":\"pvillanueva\"}}]}<\/script>\n<!-- \/ Yoast SEO plugin. -->","yoast_head_json":{"title":"O Polo Aeroespacial de Galicia exhibe en SEDEXPO as capacidades dos veh\u00edculos non tripulados no eido das emerxencias - Civil UAVs Initiative","robots":{"index":"index","follow":"follow","max-snippet":"max-snippet:-1","max-image-preview":"max-image-preview:large","max-video-preview":"max-video-preview:-1"},"canonical":"https:\/\/www.civiluavsinitiative.com\/el-polo-aeroespacial-de-galicia-exhibe-en-sedexpo-las-capacidades-de-los-vehiculos-no-tripulados-en-el-ambito-de-las-emergencias\/","og_locale":"gl_ES","og_type":"article","og_title":"O Polo Aeroespacial de Galicia exhibe en SEDEXPO as capacidades dos veh\u00edculos non tripulados no eido das emerxencias - Civil UAVs Initiative","og_description":"A directora da Axencia Galega de Innovaci\u00f3n, Patricia Argerey, visitou a Feira Internacional de Seguridade, Defensa e Emerxencias que se celebra en Silleda e que conta co apoio da Xunta de Galicia No programa de actividades do evento d\u00e9ronse a co\u00f1ecer tres soluci\u00f3ns con tecnolox\u00edas de veh\u00edculos non tripulados aplicadas a este eido desenvolvidas por [&hellip;]","og_url":"https:\/\/www.civiluavsinitiative.com\/el-polo-aeroespacial-de-galicia-exhibe-en-sedexpo-las-capacidades-de-los-vehiculos-no-tripulados-en-el-ambito-de-las-emergencias\/","og_site_name":"Civil UAVs Initiative","article_published_time":"2023-11-29T14:37:14+00:00","article_modified_time":"2024-01-30T14:55:33+00:00","og_image":[{"width":1181,"height":787,"url":"https:\/\/www.civiluavsinitiative.com\/wp-content\/uploads\/2023\/11\/20231129-Sedexpo1.png","type":"image\/png"}],"author":"pvillanueva","twitter_card":"summary_large_image","twitter_misc":{"Escrito por":"pvillanueva","Tempo de lectura":"3 minutos"},"schema":{"@context":"https:\/\/schema.org","@graph":[{"@type":"WebPage","@id":"https:\/\/www.civiluavsinitiative.com\/el-polo-aeroespacial-de-galicia-exhibe-en-sedexpo-las-capacidades-de-los-vehiculos-no-tripulados-en-el-ambito-de-las-emergencias\/","url":"https:\/\/www.civiluavsinitiative.com\/el-polo-aeroespacial-de-galicia-exhibe-en-sedexpo-las-capacidades-de-los-vehiculos-no-tripulados-en-el-ambito-de-las-emergencias\/","name":"O Polo Aeroespacial de Galicia exhibe en SEDEXPO as capacidades dos veh\u00edculos non tripulados no eido das emerxencias - Civil UAVs Initiative","isPartOf":{"@id":"https:\/\/www.civiluavsinitiative.com\/#website"},"datePublished":"2023-11-29T14:37:14+00:00","dateModified":"2024-01-30T14:55:33+00:00","author":{"@id":"https:\/\/www.civiluavsinitiative.com\/#\/schema\/person\/58af028627c8c00ec53ba6f40d2f9bac"},"breadcrumb":{"@id":"https:\/\/www.civiluavsinitiative.com\/el-polo-aeroespacial-de-galicia-exhibe-en-sedexpo-las-capacidades-de-los-vehiculos-no-tripulados-en-el-ambito-de-las-emergencias\/#breadcrumb"},"inLanguage":"gl-ES","potentialAction":[{"@type":"ReadAction","target":["https:\/\/www.civiluavsinitiative.com\/el-polo-aeroespacial-de-galicia-exhibe-en-sedexpo-las-capacidades-de-los-vehiculos-no-tripulados-en-el-ambito-de-las-emergencias\/"]}]},{"@type":"BreadcrumbList","@id":"https:\/\/www.civiluavsinitiative.com\/el-polo-aeroespacial-de-galicia-exhibe-en-sedexpo-las-capacidades-de-los-vehiculos-no-tripulados-en-el-ambito-de-las-emergencias\/#breadcrumb","itemListElement":[{"@type":"ListItem","position":1,"name":"Home","item":"https:\/\/www.civiluavsinitiative.com\/gl\/"},{"@type":"ListItem","position":2,"name":"O Polo Aeroespacial de Galicia exhibe en SEDEXPO as capacidades dos veh\u00edculos non tripulados no eido das emerxencias"}]},{"@type":"WebSite","@id":"https:\/\/www.civiluavsinitiative.com\/#website","url":"https:\/\/www.civiluavsinitiative.com\/","name":"Civil UAVs Initiative","description":"Civil UAVs Initiative, favorece y fomenta el emprendimiento innovador, con el fin de atraer y retener en Galicia talento en el sector aeroespacial.","potentialAction":[{"@type":"SearchAction","target":{"@type":"EntryPoint","urlTemplate":"https:\/\/www.civiluavsinitiative.com\/?s={search_term_string}"},"query-input":"required name=search_term_string"}],"inLanguage":"gl-ES"},{"@type":"Person","@id":"https:\/\/www.civiluavsinitiative.com\/#\/schema\/person\/58af028627c8c00ec53ba6f40d2f9bac","name":"pvillanueva","image":{"@type":"ImageObject","inLanguage":"gl-ES","@id":"https:\/\/www.civiluavsinitiative.com\/#\/schema\/person\/image\/","url":"https:\/\/secure.gravatar.com\/avatar\/26c228395505196df76a7de2e9ed4de6?s=96&d=mm&r=g","contentUrl":"https:\/\/secure.gravatar.com\/avatar\/26c228395505196df76a7de2e9ed4de6?s=96&d=mm&r=g","caption":"pvillanueva"}}]}},"_links":{"self":[{"href":"https:\/\/www.civiluavsinitiative.com\/gl\/wp-json\/wp\/v2\/posts\/41149"}],"collection":[{"href":"https:\/\/www.civiluavsinitiative.com\/gl\/wp-json\/wp\/v2\/posts"}],"about":[{"href":"https:\/\/www.civiluavsinitiative.com\/gl\/wp-json\/wp\/v2\/types\/post"}],"author":[{"embeddable":true,"href":"https:\/\/www.civiluavsinitiative.com\/gl\/wp-json\/wp\/v2\/users\/3"}],"replies":[{"embeddable":true,"href":"https:\/\/www.civiluavsinitiative.com\/gl\/wp-json\/wp\/v2\/comments?post=41149"}],"version-history":[{"count":1,"href":"https:\/\/www.civiluavsinitiative.com\/gl\/wp-json\/wp\/v2\/posts\/41149\/revisions"}],"predecessor-version":[{"id":41153,"href":"https:\/\/www.civiluavsinitiative.com\/gl\/wp-json\/wp\/v2\/posts\/41149\/revisions\/41153"}],"wp:featuredmedia":[{"embeddable":true,"href":"https:\/\/www.civiluavsinitiative.com\/gl\/wp-json\/wp\/v2\/media\/41150"}],"wp:attachment":[{"href":"https:\/\/www.civiluavsinitiative.com\/gl\/wp-json\/wp\/v2\/media?parent=41149"}],"wp:term":[{"taxonomy":"category","embeddable":true,"href":"https:\/\/www.civiluavsinitiative.com\/gl\/wp-json\/wp\/v2\/categories?post=41149"},{"taxonomy":"post_tag","embeddable":true,"href":"https:\/\/www.civiluavsinitiative.com\/gl\/wp-json\/wp\/v2\/tags?post=41149"}],"curies":[{"name":"wp","href":"https:\/\/api.w.org\/{rel}","templated":true}]}}