{"id":41077,"date":"2023-11-01T12:16:56","date_gmt":"2023-11-01T11:16:56","guid":{"rendered":"https:\/\/www.civiluavsinitiative.com\/?p=41077"},"modified":"2023-11-02T14:18:33","modified_gmt":"2023-11-02T13:18:33","slug":"o-iet-comparte-co-alumnado-do-master-en-sistemas-aereos-non-tripulados-da-uvigo-a-experiencia-da-xunta-na-utilizacion-de-drons-para-proxectos-cartograficos","status":"publish","type":"post","link":"https:\/\/www.civiluavsinitiative.com\/gl\/o-iet-comparte-co-alumnado-do-master-en-sistemas-aereos-non-tripulados-da-uvigo-a-experiencia-da-xunta-na-utilizacion-de-drons-para-proxectos-cartograficos\/","title":{"rendered":"O IET comparte co alumnado do m\u00e1ster en Sistemas A\u00e9reos Non Tripulados da UVigo a experiencia da Xunta na utilizaci\u00f3n de drons para proxectos cartogr\u00e1ficos"},"content":{"rendered":"<p><em>O organismo dependente da Vicepresidencia Segunda e Conseller\u00eda de Medio Ambiente, Territorio e Vivenda colabora neste t\u00edtulo expo\u00f1endo o labor realizado no marco do proxecto pioneiro en Europa Civil UAVs Initiative<\/em><\/p>\n<p><em>O director do Instituto de Estudos do Territorio mostroulle ao estudantado exemplos de traballos realizados con esta tecnolox\u00eda<\/em><\/p>\n<p><b>Santiago de Compostela, 1 de novembro de 2023.\u00a0<\/b>O Instituto de Estudos do Territorio (IET) compartiu recentemente a experiencia da Xunta na utilizaci\u00f3n de sistemas a\u00e9reos non tripulados (comunmente co\u00f1ecidos como drons) co alumnado do m\u00e1ster da Universidade de Vigo especializado no uso e aplicaci\u00f3ns desta tecnolox\u00eda.<\/p>\n<p>O estudantado desta titulaci\u00f3n puido co\u00f1ecer da man do director do IET, Enrique de Salvador, os traballos do seu departamento en materia de obtenci\u00f3n de informaci\u00f3n xeogr\u00e1fica, un labor realizado no marco do proxecto\u00a0<span class=\"fckItalic\"><i>Civil UAVs Initiative<\/i><\/span>. Esta iniciativa estrat\u00e9xica, liderada polo Goberno galego e pioneiro en Europa, ten como obxectivo crear un ecosistema de innovaci\u00f3n capaz de xerar novas ideas, atraer investimento estranxeiro e reter capital humano altamente cualificado na Comunidade.<\/p>\n<p>M\u00e1is polo mi\u00fado, ao abeiro desta iniciativa foron desenvolvidos, coa colaboraci\u00f3n da Axencia galega de innovaci\u00f3n (GAIN) e da Amtega, tres sistemas destinados \u00e1 recompilaci\u00f3n de datos cartogr\u00e1ficos: a plataforma Terra 1, Terra 2 e Terra 3.<\/p>\n<p>Estas aplicaci\u00f3ns funcionan integrando e almacenando a informaci\u00f3n capturada con drons e aparellos semellantes, realizando o mantemento das bases topogr\u00e1ficas e cartogr\u00e1ficas e permitindo o desenvolvemento de ferramentas de apoio \u00e1 planificaci\u00f3n territorial.<\/p>\n<p>Ademais, o IET compartiu co alumnado do M\u00e1ster en sistemas a\u00e9reos non tripulados da Universidade de Vigo outros traballos relacionados co estudo do territorio, como o proxecto Xesbio\u00a0\u2014que amosa as parcelas comprendidas nas faixas secundarias de protecci\u00f3n de n\u00facleos de poboaci\u00f3n galegos\u2014 ou os visores que xestiona, como\u00a0<span class=\"fckItalic\"><i>A paisaxe de Galicia desde a bicicleta<\/i><\/span>.<\/p>\n","protected":false},"excerpt":{"rendered":"<p>O organismo dependente da Vicepresidencia Segunda e Conseller\u00eda de Medio Ambiente, Territorio e Vivenda colabora neste t\u00edtulo expo\u00f1endo o labor realizado no marco do proxecto pioneiro en Europa Civil UAVs Initiative O director do Instituto de Estudos do Territorio mostroulle ao estudantado exemplos de traballos realizados con esta tecnolox\u00eda Santiago de Compostela, 1 de novembro [&hellip;]<\/p>\n","protected":false},"author":3,"featured_media":41075,"comment_status":"open","ping_status":"open","sticky":false,"template":"","format":"standard","meta":{"_et_pb_use_builder":"","_et_pb_old_content":"","_et_gb_content_width":""},"categories":[145],"tags":[997,1018,998,999,1000,1001,307,1002,836,1003,885,380,859,1004,1005,1006,1007,306,1008,1009,311],"acf":[],"yoast_head":"<!-- This site is optimized with the Yoast SEO plugin v20.9 - https:\/\/yoast.com\/wordpress\/plugins\/seo\/ -->\n<title>O IET comparte co alumnado do m\u00e1ster en Sistemas A\u00e9reos Non Tripulados da UVigo a experiencia da Xunta na utilizaci\u00f3n de drons para proxectos cartogr\u00e1ficos - Civil UAVs Initiative<\/title>\n<meta name=\"robots\" content=\"index, follow, max-snippet:-1, max-image-preview:large, max-video-preview:-1\" \/>\n<link rel=\"canonical\" href=\"https:\/\/www.civiluavsinitiative.com\/el-iet-comparte-con-el-alumnado-del-master-en-sistemas-aereos-no-tripulados-de-la-uvigo-la-experiencia-de-la-xunta-en-la-utilizacion-de-drones-para-proyectos-cartograficos\/\" \/>\n<meta property=\"og:locale\" content=\"gl_ES\" \/>\n<meta property=\"og:type\" content=\"article\" \/>\n<meta property=\"og:title\" content=\"O IET comparte co alumnado do m\u00e1ster en Sistemas A\u00e9reos Non Tripulados da UVigo a experiencia da Xunta na utilizaci\u00f3n de drons para proxectos cartogr\u00e1ficos - Civil UAVs Initiative\" \/>\n<meta property=\"og:description\" content=\"O organismo dependente da Vicepresidencia Segunda e Conseller\u00eda de Medio Ambiente, Territorio e Vivenda colabora neste t\u00edtulo expo\u00f1endo o labor realizado no marco do proxecto pioneiro en Europa Civil UAVs Initiative O director do Instituto de Estudos do Territorio mostroulle ao estudantado exemplos de traballos realizados con esta tecnolox\u00eda Santiago de Compostela, 1 de novembro [&hellip;]\" \/>\n<meta property=\"og:url\" content=\"https:\/\/www.civiluavsinitiative.com\/el-iet-comparte-con-el-alumnado-del-master-en-sistemas-aereos-no-tripulados-de-la-uvigo-la-experiencia-de-la-xunta-en-la-utilizacion-de-drones-para-proyectos-cartograficos\/\" \/>\n<meta property=\"og:site_name\" content=\"Civil UAVs Initiative\" \/>\n<meta property=\"article:published_time\" content=\"2023-11-01T11:16:56+00:00\" \/>\n<meta property=\"article:modified_time\" content=\"2023-11-02T13:18:33+00:00\" \/>\n<meta property=\"og:image\" content=\"https:\/\/www.civiluavsinitiative.com\/wp-content\/uploads\/2023\/11\/web-cui.jpg\" \/>\n\t<meta property=\"og:image:width\" content=\"2100\" \/>\n\t<meta property=\"og:image:height\" content=\"1575\" \/>\n\t<meta property=\"og:image:type\" content=\"image\/jpeg\" \/>\n<meta name=\"author\" content=\"pvillanueva\" \/>\n<meta name=\"twitter:card\" content=\"summary_large_image\" \/>\n<meta name=\"twitter:label1\" content=\"Escrito por\" \/>\n\t<meta name=\"twitter:data1\" content=\"pvillanueva\" \/>\n\t<meta name=\"twitter:label2\" content=\"Tempo de lectura\" \/>\n\t<meta name=\"twitter:data2\" content=\"2 minutos\" \/>\n<script type=\"application\/ld+json\" class=\"yoast-schema-graph\">{\"@context\":\"https:\/\/schema.org\",\"@graph\":[{\"@type\":\"WebPage\",\"@id\":\"https:\/\/www.civiluavsinitiative.com\/el-iet-comparte-con-el-alumnado-del-master-en-sistemas-aereos-no-tripulados-de-la-uvigo-la-experiencia-de-la-xunta-en-la-utilizacion-de-drones-para-proyectos-cartograficos\/\",\"url\":\"https:\/\/www.civiluavsinitiative.com\/el-iet-comparte-con-el-alumnado-del-master-en-sistemas-aereos-no-tripulados-de-la-uvigo-la-experiencia-de-la-xunta-en-la-utilizacion-de-drones-para-proyectos-cartograficos\/\",\"name\":\"O IET comparte co alumnado do m\u00e1ster en Sistemas A\u00e9reos Non Tripulados da UVigo a experiencia da Xunta na utilizaci\u00f3n de drons para proxectos cartogr\u00e1ficos - Civil UAVs Initiative\",\"isPartOf\":{\"@id\":\"https:\/\/www.civiluavsinitiative.com\/#website\"},\"datePublished\":\"2023-11-01T11:16:56+00:00\",\"dateModified\":\"2023-11-02T13:18:33+00:00\",\"author\":{\"@id\":\"https:\/\/www.civiluavsinitiative.com\/#\/schema\/person\/58af028627c8c00ec53ba6f40d2f9bac\"},\"breadcrumb\":{\"@id\":\"https:\/\/www.civiluavsinitiative.com\/el-iet-comparte-con-el-alumnado-del-master-en-sistemas-aereos-no-tripulados-de-la-uvigo-la-experiencia-de-la-xunta-en-la-utilizacion-de-drones-para-proyectos-cartograficos\/#breadcrumb\"},\"inLanguage\":\"gl-ES\",\"potentialAction\":[{\"@type\":\"ReadAction\",\"target\":[\"https:\/\/www.civiluavsinitiative.com\/el-iet-comparte-con-el-alumnado-del-master-en-sistemas-aereos-no-tripulados-de-la-uvigo-la-experiencia-de-la-xunta-en-la-utilizacion-de-drones-para-proyectos-cartograficos\/\"]}]},{\"@type\":\"BreadcrumbList\",\"@id\":\"https:\/\/www.civiluavsinitiative.com\/el-iet-comparte-con-el-alumnado-del-master-en-sistemas-aereos-no-tripulados-de-la-uvigo-la-experiencia-de-la-xunta-en-la-utilizacion-de-drones-para-proyectos-cartograficos\/#breadcrumb\",\"itemListElement\":[{\"@type\":\"ListItem\",\"position\":1,\"name\":\"Home\",\"item\":\"https:\/\/www.civiluavsinitiative.com\/gl\/\"},{\"@type\":\"ListItem\",\"position\":2,\"name\":\"O IET comparte co alumnado do m\u00e1ster en Sistemas A\u00e9reos Non Tripulados da UVigo a experiencia da Xunta na utilizaci\u00f3n de drons para proxectos cartogr\u00e1ficos\"}]},{\"@type\":\"WebSite\",\"@id\":\"https:\/\/www.civiluavsinitiative.com\/#website\",\"url\":\"https:\/\/www.civiluavsinitiative.com\/\",\"name\":\"Civil UAVs Initiative\",\"description\":\"Civil UAVs Initiative, favorece y fomenta el emprendimiento innovador, con el fin de atraer y retener en Galicia talento en el sector aeroespacial.\",\"potentialAction\":[{\"@type\":\"SearchAction\",\"target\":{\"@type\":\"EntryPoint\",\"urlTemplate\":\"https:\/\/www.civiluavsinitiative.com\/?s={search_term_string}\"},\"query-input\":\"required name=search_term_string\"}],\"inLanguage\":\"gl-ES\"},{\"@type\":\"Person\",\"@id\":\"https:\/\/www.civiluavsinitiative.com\/#\/schema\/person\/58af028627c8c00ec53ba6f40d2f9bac\",\"name\":\"pvillanueva\",\"image\":{\"@type\":\"ImageObject\",\"inLanguage\":\"gl-ES\",\"@id\":\"https:\/\/www.civiluavsinitiative.com\/#\/schema\/person\/image\/\",\"url\":\"https:\/\/secure.gravatar.com\/avatar\/26c228395505196df76a7de2e9ed4de6?s=96&d=mm&r=g\",\"contentUrl\":\"https:\/\/secure.gravatar.com\/avatar\/26c228395505196df76a7de2e9ed4de6?s=96&d=mm&r=g\",\"caption\":\"pvillanueva\"}}]}<\/script>\n<!-- \/ Yoast SEO plugin. -->","yoast_head_json":{"title":"O IET comparte co alumnado do m\u00e1ster en Sistemas A\u00e9reos Non Tripulados da UVigo a experiencia da Xunta na utilizaci\u00f3n de drons para proxectos cartogr\u00e1ficos - Civil UAVs Initiative","robots":{"index":"index","follow":"follow","max-snippet":"max-snippet:-1","max-image-preview":"max-image-preview:large","max-video-preview":"max-video-preview:-1"},"canonical":"https:\/\/www.civiluavsinitiative.com\/el-iet-comparte-con-el-alumnado-del-master-en-sistemas-aereos-no-tripulados-de-la-uvigo-la-experiencia-de-la-xunta-en-la-utilizacion-de-drones-para-proyectos-cartograficos\/","og_locale":"gl_ES","og_type":"article","og_title":"O IET comparte co alumnado do m\u00e1ster en Sistemas A\u00e9reos Non Tripulados da UVigo a experiencia da Xunta na utilizaci\u00f3n de drons para proxectos cartogr\u00e1ficos - Civil UAVs Initiative","og_description":"O organismo dependente da Vicepresidencia Segunda e Conseller\u00eda de Medio Ambiente, Territorio e Vivenda colabora neste t\u00edtulo expo\u00f1endo o labor realizado no marco do proxecto pioneiro en Europa Civil UAVs Initiative O director do Instituto de Estudos do Territorio mostroulle ao estudantado exemplos de traballos realizados con esta tecnolox\u00eda Santiago de Compostela, 1 de novembro [&hellip;]","og_url":"https:\/\/www.civiluavsinitiative.com\/el-iet-comparte-con-el-alumnado-del-master-en-sistemas-aereos-no-tripulados-de-la-uvigo-la-experiencia-de-la-xunta-en-la-utilizacion-de-drones-para-proyectos-cartograficos\/","og_site_name":"Civil UAVs Initiative","article_published_time":"2023-11-01T11:16:56+00:00","article_modified_time":"2023-11-02T13:18:33+00:00","og_image":[{"width":2100,"height":1575,"url":"https:\/\/www.civiluavsinitiative.com\/wp-content\/uploads\/2023\/11\/web-cui.jpg","type":"image\/jpeg"}],"author":"pvillanueva","twitter_card":"summary_large_image","twitter_misc":{"Escrito por":"pvillanueva","Tempo de lectura":"2 minutos"},"schema":{"@context":"https:\/\/schema.org","@graph":[{"@type":"WebPage","@id":"https:\/\/www.civiluavsinitiative.com\/el-iet-comparte-con-el-alumnado-del-master-en-sistemas-aereos-no-tripulados-de-la-uvigo-la-experiencia-de-la-xunta-en-la-utilizacion-de-drones-para-proyectos-cartograficos\/","url":"https:\/\/www.civiluavsinitiative.com\/el-iet-comparte-con-el-alumnado-del-master-en-sistemas-aereos-no-tripulados-de-la-uvigo-la-experiencia-de-la-xunta-en-la-utilizacion-de-drones-para-proyectos-cartograficos\/","name":"O IET comparte co alumnado do m\u00e1ster en Sistemas A\u00e9reos Non Tripulados da UVigo a experiencia da Xunta na utilizaci\u00f3n de drons para proxectos cartogr\u00e1ficos - Civil UAVs Initiative","isPartOf":{"@id":"https:\/\/www.civiluavsinitiative.com\/#website"},"datePublished":"2023-11-01T11:16:56+00:00","dateModified":"2023-11-02T13:18:33+00:00","author":{"@id":"https:\/\/www.civiluavsinitiative.com\/#\/schema\/person\/58af028627c8c00ec53ba6f40d2f9bac"},"breadcrumb":{"@id":"https:\/\/www.civiluavsinitiative.com\/el-iet-comparte-con-el-alumnado-del-master-en-sistemas-aereos-no-tripulados-de-la-uvigo-la-experiencia-de-la-xunta-en-la-utilizacion-de-drones-para-proyectos-cartograficos\/#breadcrumb"},"inLanguage":"gl-ES","potentialAction":[{"@type":"ReadAction","target":["https:\/\/www.civiluavsinitiative.com\/el-iet-comparte-con-el-alumnado-del-master-en-sistemas-aereos-no-tripulados-de-la-uvigo-la-experiencia-de-la-xunta-en-la-utilizacion-de-drones-para-proyectos-cartograficos\/"]}]},{"@type":"BreadcrumbList","@id":"https:\/\/www.civiluavsinitiative.com\/el-iet-comparte-con-el-alumnado-del-master-en-sistemas-aereos-no-tripulados-de-la-uvigo-la-experiencia-de-la-xunta-en-la-utilizacion-de-drones-para-proyectos-cartograficos\/#breadcrumb","itemListElement":[{"@type":"ListItem","position":1,"name":"Home","item":"https:\/\/www.civiluavsinitiative.com\/gl\/"},{"@type":"ListItem","position":2,"name":"O IET comparte co alumnado do m\u00e1ster en Sistemas A\u00e9reos Non Tripulados da UVigo a experiencia da Xunta na utilizaci\u00f3n de drons para proxectos cartogr\u00e1ficos"}]},{"@type":"WebSite","@id":"https:\/\/www.civiluavsinitiative.com\/#website","url":"https:\/\/www.civiluavsinitiative.com\/","name":"Civil UAVs Initiative","description":"Civil UAVs Initiative, favorece y fomenta el emprendimiento innovador, con el fin de atraer y retener en Galicia talento en el sector aeroespacial.","potentialAction":[{"@type":"SearchAction","target":{"@type":"EntryPoint","urlTemplate":"https:\/\/www.civiluavsinitiative.com\/?s={search_term_string}"},"query-input":"required name=search_term_string"}],"inLanguage":"gl-ES"},{"@type":"Person","@id":"https:\/\/www.civiluavsinitiative.com\/#\/schema\/person\/58af028627c8c00ec53ba6f40d2f9bac","name":"pvillanueva","image":{"@type":"ImageObject","inLanguage":"gl-ES","@id":"https:\/\/www.civiluavsinitiative.com\/#\/schema\/person\/image\/","url":"https:\/\/secure.gravatar.com\/avatar\/26c228395505196df76a7de2e9ed4de6?s=96&d=mm&r=g","contentUrl":"https:\/\/secure.gravatar.com\/avatar\/26c228395505196df76a7de2e9ed4de6?s=96&d=mm&r=g","caption":"pvillanueva"}}]}},"_links":{"self":[{"href":"https:\/\/www.civiluavsinitiative.com\/gl\/wp-json\/wp\/v2\/posts\/41077"}],"collection":[{"href":"https:\/\/www.civiluavsinitiative.com\/gl\/wp-json\/wp\/v2\/posts"}],"about":[{"href":"https:\/\/www.civiluavsinitiative.com\/gl\/wp-json\/wp\/v2\/types\/post"}],"author":[{"embeddable":true,"href":"https:\/\/www.civiluavsinitiative.com\/gl\/wp-json\/wp\/v2\/users\/3"}],"replies":[{"embeddable":true,"href":"https:\/\/www.civiluavsinitiative.com\/gl\/wp-json\/wp\/v2\/comments?post=41077"}],"version-history":[{"count":1,"href":"https:\/\/www.civiluavsinitiative.com\/gl\/wp-json\/wp\/v2\/posts\/41077\/revisions"}],"predecessor-version":[{"id":41078,"href":"https:\/\/www.civiluavsinitiative.com\/gl\/wp-json\/wp\/v2\/posts\/41077\/revisions\/41078"}],"wp:featuredmedia":[{"embeddable":true,"href":"https:\/\/www.civiluavsinitiative.com\/gl\/wp-json\/wp\/v2\/media\/41075"}],"wp:attachment":[{"href":"https:\/\/www.civiluavsinitiative.com\/gl\/wp-json\/wp\/v2\/media?parent=41077"}],"wp:term":[{"taxonomy":"category","embeddable":true,"href":"https:\/\/www.civiluavsinitiative.com\/gl\/wp-json\/wp\/v2\/categories?post=41077"},{"taxonomy":"post_tag","embeddable":true,"href":"https:\/\/www.civiluavsinitiative.com\/gl\/wp-json\/wp\/v2\/tags?post=41077"}],"curies":[{"name":"wp","href":"https:\/\/api.w.org\/{rel}","templated":true}]}}