{"id":40814,"date":"2023-03-31T14:04:04","date_gmt":"2023-03-31T12:04:04","guid":{"rendered":"https:\/\/www.civiluavsinitiative.com\/?p=40814"},"modified":"2023-05-08T08:27:42","modified_gmt":"2023-05-08T06:27:42","slug":"a-xunta-avanza-no-polo-aeroespacial-de-galicia-e-impulsara-a-compra-privada-de-innovacion-na-que-pemes-e-centros-tecnoloxicos-galegos-daran-resposta-aos-retos-de-empresas-tractoras-do-sector","status":"publish","type":"post","link":"https:\/\/www.civiluavsinitiative.com\/gl\/a-xunta-avanza-no-polo-aeroespacial-de-galicia-e-impulsara-a-compra-privada-de-innovacion-na-que-pemes-e-centros-tecnoloxicos-galegos-daran-resposta-aos-retos-de-empresas-tractoras-do-sector\/","title":{"rendered":"A Xunta avanza no Polo Aeroespacial de Galicia e impulsar\u00e1 a compra privada de innovaci\u00f3n na que pemes e centros tecnol\u00f3xicos galegos dar\u00e1n resposta aos retos de empresas tractoras do sector"},"content":{"rendered":"<ul>\n<li>O vicepresidente primeiro e conselleiro de Econom\u00eda, Industria e Innovaci\u00f3n, Francisco Conde, participou nun encontro en Madrid no que se presentaron os programas de I+D dos novos socios estrat\u00e9xicos do Polo Aeroespacial de Galicia: Airbus, Avincis e Telespazio<\/li>\n<li>Colaborarase con estas empresas para poder levar o uso dos veh\u00edculos a\u00e9reos non tripulados a novos servizos como a prevenci\u00f3n de incendios, a vixilancia pesqueira ou a atenci\u00f3n sanitaria<\/li>\n<\/ul>\n<p><b>Madrid, 31 de marzo de 2023. <\/b>O vicepresidente primeiro e conselleiro de Econom\u00eda, Industria e Innovaci\u00f3n, Francisco Conde, avanzou esta ma\u00f1\u00e1 un novo paso para o Polo Aeroespacial de Galicia. A Xunta impulsar\u00e1 d\u00faas convocatorias -2023 e 2024- de Compra Privada de Innovaci\u00f3n, na que as pemes e centros tecnol\u00f3xicos galegos formar\u00e1n consorcios para dar resposta aos retos e necesidades tecnol\u00f3xicos das empresas tractoras do sector. Dotadas con 11,7 M\u20ac -existir\u00e1 cofinanciamento por parte do sector privado- permitir\u00e1n \u201cestender o \u00e1mbito de actuaci\u00f3n do Polo colaborando no desenvolvemento tecnol\u00f3xico do sector\u201d.<\/p>\n<p>Esta nova figura seguir\u00e1 permitindo que o Polo contin\u00fae xerando pegada industrial. As\u00ed, xunto co talento, co\u00f1ecemento e capacidades que existen en Galicia neste eido, trab\u00e1llase no dese\u00f1o de soluci\u00f3ns que se poidan fabricar, ofrecer e comercializar desde Galicia.<\/p>\n<p>Conde participou nun encontro en Madrid no que se presentaron os programas de I+D dos novos socios estrat\u00e9xicos do Polo Aeroespacial de Galicia: Airbus, Avincis e Telespazio. Con estas empresas estase traballando para poder levar o uso de veh\u00edculos \u00e1ereos non tripulados a novos servizos como a prevenci\u00f3n de incendios, a vixilancia pesqueira ou a atenci\u00f3n sanitaria.<\/p>\n<p>O vicepresidente econ\u00f3mico puxo en valor a colaboraci\u00f3n p\u00fablico-privada, xa que \u00e9 un dos puntos fortes no impulso do Polo Aeroespacial de Galicia. Tam\u00e9n se referiu ao compromiso da Administraci\u00f3n galega con este sector po\u00f1endo \u00e1 s\u00faa disposici\u00f3n o maior marco de incentivos a trav\u00e9s da compra p\u00fablica de innovaci\u00f3n, a compra p\u00fablica precomercial e agora a compra privada de innovaci\u00f3n.<\/p>\n<p>O obxectivo dos instrumentos postos en marcha \u00e9 o desenvolvemento de tecnolox\u00edas no eido aeroespacial que permitan resolver retos tanto do sector como da Administraci\u00f3n p\u00fablica \u00e1 hora de prestar os seus servizos \u00e1 cidadan\u00eda. As\u00ed, desde a posta en marcha en 2015 desta estratexia, xa se mobilizaron preto de 500 M\u20ac de investimento p\u00fablico-privado -330 nesta segunda fase-. Neste sentido, Conde considerou fundamental contar co apoio do Goberno a trav\u00e9s dos fondos europeos para que as empresas \u201cpoidan desenvolver m\u00e1is programas co reto de que estes fondos te\u00f1an un impacto na transformaci\u00f3n do tecido industrial\u201d.<\/p>\n<p>Na s\u00faa intervenci\u00f3n, Conde puxo en valor a importancia que este Polo est\u00e1 tendo na xeraci\u00f3n dun verdadeiro ecosistema empresarial no que as compa\u00f1\u00edas tractoras est\u00e1n tendo, tam\u00e9n, un papel fundamental. As\u00ed, 70 pemes e centros de co\u00f1ecemento est\u00e1n creando tecnolox\u00eda propia no segmento aeroespacial actualmente en Galicia.<\/p>\n<p>A Comunidade estase a situar como referente neste \u00e1mbito e avanza tam\u00e9n nas infraestruturas. O Centro de Investigaci\u00f3n Aeroportada (CIAR) do Polo \u00e9 un centro de ensaios que acolle un parque industrial con dous hangares pero conta tam\u00e9n coa torre de control coa \u00faltima tecnolox\u00eda, e tam\u00e9n co equipamento m\u00e1is avanzado de Europa para simulaci\u00f3n de voos en colaboraci\u00f3n co CDTI. A Xunta v\u00e9n de adxudicar, ademais, o sistema de telecomunicaci\u00f3ns 5G e de ciberseguridade a Telef\u00f3nica e GMV.<\/p>\n<p>Estas tecnolox\u00edas seguiranse complementando cos proxectos de Avincis e Telespazio para desenvolver infraestruturas avanzadas na observaci\u00f3n e vixilancia da biodiversidade; e de Airbus, coa instalaci\u00f3n de novos equipamentos en Galicia como dous hangares e un centro de excelencia en I+D+i. Galicia conta tam\u00e9n coa colaboraci\u00f3n de m\u00e1is empresas de referencia no eido aeroespacial como \u00e9 o caso de Indra e Boeing.<\/p>\n","protected":false},"excerpt":{"rendered":"<p>O vicepresidente primeiro e conselleiro de Econom\u00eda, Industria e Innovaci\u00f3n, Francisco Conde, participou nun encontro en Madrid no que se presentaron os programas de I+D dos novos socios estrat\u00e9xicos do Polo Aeroespacial de Galicia: Airbus, Avincis e Telespazio Colaborarase con estas empresas para poder levar o uso dos veh\u00edculos a\u00e9reos non tripulados a novos servizos [&hellip;]<\/p>\n","protected":false},"author":3,"featured_media":40812,"comment_status":"open","ping_status":"open","sticky":false,"template":"","format":"standard","meta":{"_et_pb_use_builder":"","_et_pb_old_content":"","_et_gb_content_width":""},"categories":[150],"tags":[],"acf":[],"yoast_head":"<!-- This site is optimized with the Yoast SEO plugin v20.9 - https:\/\/yoast.com\/wordpress\/plugins\/seo\/ -->\n<title>A Xunta avanza no Polo Aeroespacial de Galicia e impulsar\u00e1 a compra privada de innovaci\u00f3n na que pemes e centros tecnol\u00f3xicos galegos dar\u00e1n resposta aos retos de empresas tractoras do sector - Civil UAVs Initiative<\/title>\n<meta name=\"robots\" content=\"index, follow, max-snippet:-1, max-image-preview:large, max-video-preview:-1\" \/>\n<link rel=\"canonical\" href=\"https:\/\/www.civiluavsinitiative.com\/la-xunta-avanza-en-el-polo-aeroespacial-de-galicia-e-impulsara-la-compra-privada-de-innovacion-en-la-que-pymes-y-centros-tecnologicos-gallegos-daran-respuesta-a-los-retos-de-empresas-tractoras-del-sec\/\" \/>\n<meta property=\"og:locale\" content=\"gl_ES\" \/>\n<meta property=\"og:type\" content=\"article\" \/>\n<meta property=\"og:title\" content=\"A Xunta avanza no Polo Aeroespacial de Galicia e impulsar\u00e1 a compra privada de innovaci\u00f3n na que pemes e centros tecnol\u00f3xicos galegos dar\u00e1n resposta aos retos de empresas tractoras do sector - Civil UAVs Initiative\" \/>\n<meta property=\"og:description\" content=\"O vicepresidente primeiro e conselleiro de Econom\u00eda, Industria e Innovaci\u00f3n, Francisco Conde, participou nun encontro en Madrid no que se presentaron os programas de I+D dos novos socios estrat\u00e9xicos do Polo Aeroespacial de Galicia: Airbus, Avincis e Telespazio Colaborarase con estas empresas para poder levar o uso dos veh\u00edculos a\u00e9reos non tripulados a novos servizos [&hellip;]\" \/>\n<meta property=\"og:url\" content=\"https:\/\/www.civiluavsinitiative.com\/la-xunta-avanza-en-el-polo-aeroespacial-de-galicia-e-impulsara-la-compra-privada-de-innovacion-en-la-que-pymes-y-centros-tecnologicos-gallegos-daran-respuesta-a-los-retos-de-empresas-tractoras-del-sec\/\" \/>\n<meta property=\"og:site_name\" content=\"Civil UAVs Initiative\" \/>\n<meta property=\"article:published_time\" content=\"2023-03-31T12:04:04+00:00\" \/>\n<meta property=\"article:modified_time\" content=\"2023-05-08T06:27:42+00:00\" \/>\n<meta property=\"og:image\" content=\"https:\/\/www.civiluavsinitiative.com\/wp-content\/uploads\/2023\/03\/F6419AE9-1C84-41EE-A609-2AF1EF5B2C3A.jpg\" \/>\n\t<meta property=\"og:image:width\" content=\"2047\" \/>\n\t<meta property=\"og:image:height\" content=\"1387\" \/>\n\t<meta property=\"og:image:type\" content=\"image\/jpeg\" \/>\n<meta name=\"author\" content=\"pvillanueva\" \/>\n<meta name=\"twitter:card\" content=\"summary_large_image\" \/>\n<meta name=\"twitter:label1\" content=\"Escrito por\" \/>\n\t<meta name=\"twitter:data1\" content=\"pvillanueva\" \/>\n\t<meta name=\"twitter:label2\" content=\"Tempo de lectura\" \/>\n\t<meta name=\"twitter:data2\" content=\"3 minutos\" \/>\n<script type=\"application\/ld+json\" class=\"yoast-schema-graph\">{\"@context\":\"https:\/\/schema.org\",\"@graph\":[{\"@type\":\"WebPage\",\"@id\":\"https:\/\/www.civiluavsinitiative.com\/la-xunta-avanza-en-el-polo-aeroespacial-de-galicia-e-impulsara-la-compra-privada-de-innovacion-en-la-que-pymes-y-centros-tecnologicos-gallegos-daran-respuesta-a-los-retos-de-empresas-tractoras-del-sec\/\",\"url\":\"https:\/\/www.civiluavsinitiative.com\/la-xunta-avanza-en-el-polo-aeroespacial-de-galicia-e-impulsara-la-compra-privada-de-innovacion-en-la-que-pymes-y-centros-tecnologicos-gallegos-daran-respuesta-a-los-retos-de-empresas-tractoras-del-sec\/\",\"name\":\"A Xunta avanza no Polo Aeroespacial de Galicia e impulsar\u00e1 a compra privada de innovaci\u00f3n na que pemes e centros tecnol\u00f3xicos galegos dar\u00e1n resposta aos retos de empresas tractoras do sector - Civil UAVs Initiative\",\"isPartOf\":{\"@id\":\"https:\/\/www.civiluavsinitiative.com\/#website\"},\"datePublished\":\"2023-03-31T12:04:04+00:00\",\"dateModified\":\"2023-05-08T06:27:42+00:00\",\"author\":{\"@id\":\"https:\/\/www.civiluavsinitiative.com\/#\/schema\/person\/58af028627c8c00ec53ba6f40d2f9bac\"},\"breadcrumb\":{\"@id\":\"https:\/\/www.civiluavsinitiative.com\/la-xunta-avanza-en-el-polo-aeroespacial-de-galicia-e-impulsara-la-compra-privada-de-innovacion-en-la-que-pymes-y-centros-tecnologicos-gallegos-daran-respuesta-a-los-retos-de-empresas-tractoras-del-sec\/#breadcrumb\"},\"inLanguage\":\"gl-ES\",\"potentialAction\":[{\"@type\":\"ReadAction\",\"target\":[\"https:\/\/www.civiluavsinitiative.com\/la-xunta-avanza-en-el-polo-aeroespacial-de-galicia-e-impulsara-la-compra-privada-de-innovacion-en-la-que-pymes-y-centros-tecnologicos-gallegos-daran-respuesta-a-los-retos-de-empresas-tractoras-del-sec\/\"]}]},{\"@type\":\"BreadcrumbList\",\"@id\":\"https:\/\/www.civiluavsinitiative.com\/la-xunta-avanza-en-el-polo-aeroespacial-de-galicia-e-impulsara-la-compra-privada-de-innovacion-en-la-que-pymes-y-centros-tecnologicos-gallegos-daran-respuesta-a-los-retos-de-empresas-tractoras-del-sec\/#breadcrumb\",\"itemListElement\":[{\"@type\":\"ListItem\",\"position\":1,\"name\":\"Home\",\"item\":\"https:\/\/www.civiluavsinitiative.com\/gl\/\"},{\"@type\":\"ListItem\",\"position\":2,\"name\":\"A Xunta avanza no Polo Aeroespacial de Galicia e impulsar\u00e1 a compra privada de innovaci\u00f3n na que pemes e centros tecnol\u00f3xicos galegos dar\u00e1n resposta aos retos de empresas tractoras do sector\"}]},{\"@type\":\"WebSite\",\"@id\":\"https:\/\/www.civiluavsinitiative.com\/#website\",\"url\":\"https:\/\/www.civiluavsinitiative.com\/\",\"name\":\"Civil UAVs Initiative\",\"description\":\"Civil UAVs Initiative, favorece y fomenta el emprendimiento innovador, con el fin de atraer y retener en Galicia talento en el sector aeroespacial.\",\"potentialAction\":[{\"@type\":\"SearchAction\",\"target\":{\"@type\":\"EntryPoint\",\"urlTemplate\":\"https:\/\/www.civiluavsinitiative.com\/?s={search_term_string}\"},\"query-input\":\"required name=search_term_string\"}],\"inLanguage\":\"gl-ES\"},{\"@type\":\"Person\",\"@id\":\"https:\/\/www.civiluavsinitiative.com\/#\/schema\/person\/58af028627c8c00ec53ba6f40d2f9bac\",\"name\":\"pvillanueva\",\"image\":{\"@type\":\"ImageObject\",\"inLanguage\":\"gl-ES\",\"@id\":\"https:\/\/www.civiluavsinitiative.com\/#\/schema\/person\/image\/\",\"url\":\"https:\/\/secure.gravatar.com\/avatar\/26c228395505196df76a7de2e9ed4de6?s=96&d=mm&r=g\",\"contentUrl\":\"https:\/\/secure.gravatar.com\/avatar\/26c228395505196df76a7de2e9ed4de6?s=96&d=mm&r=g\",\"caption\":\"pvillanueva\"}}]}<\/script>\n<!-- \/ Yoast SEO plugin. -->","yoast_head_json":{"title":"A Xunta avanza no Polo Aeroespacial de Galicia e impulsar\u00e1 a compra privada de innovaci\u00f3n na que pemes e centros tecnol\u00f3xicos galegos dar\u00e1n resposta aos retos de empresas tractoras do sector - Civil UAVs Initiative","robots":{"index":"index","follow":"follow","max-snippet":"max-snippet:-1","max-image-preview":"max-image-preview:large","max-video-preview":"max-video-preview:-1"},"canonical":"https:\/\/www.civiluavsinitiative.com\/la-xunta-avanza-en-el-polo-aeroespacial-de-galicia-e-impulsara-la-compra-privada-de-innovacion-en-la-que-pymes-y-centros-tecnologicos-gallegos-daran-respuesta-a-los-retos-de-empresas-tractoras-del-sec\/","og_locale":"gl_ES","og_type":"article","og_title":"A Xunta avanza no Polo Aeroespacial de Galicia e impulsar\u00e1 a compra privada de innovaci\u00f3n na que pemes e centros tecnol\u00f3xicos galegos dar\u00e1n resposta aos retos de empresas tractoras do sector - Civil UAVs Initiative","og_description":"O vicepresidente primeiro e conselleiro de Econom\u00eda, Industria e Innovaci\u00f3n, Francisco Conde, participou nun encontro en Madrid no que se presentaron os programas de I+D dos novos socios estrat\u00e9xicos do Polo Aeroespacial de Galicia: Airbus, Avincis e Telespazio Colaborarase con estas empresas para poder levar o uso dos veh\u00edculos a\u00e9reos non tripulados a novos servizos [&hellip;]","og_url":"https:\/\/www.civiluavsinitiative.com\/la-xunta-avanza-en-el-polo-aeroespacial-de-galicia-e-impulsara-la-compra-privada-de-innovacion-en-la-que-pymes-y-centros-tecnologicos-gallegos-daran-respuesta-a-los-retos-de-empresas-tractoras-del-sec\/","og_site_name":"Civil UAVs Initiative","article_published_time":"2023-03-31T12:04:04+00:00","article_modified_time":"2023-05-08T06:27:42+00:00","og_image":[{"width":2047,"height":1387,"url":"https:\/\/www.civiluavsinitiative.com\/wp-content\/uploads\/2023\/03\/F6419AE9-1C84-41EE-A609-2AF1EF5B2C3A.jpg","type":"image\/jpeg"}],"author":"pvillanueva","twitter_card":"summary_large_image","twitter_misc":{"Escrito por":"pvillanueva","Tempo de lectura":"3 minutos"},"schema":{"@context":"https:\/\/schema.org","@graph":[{"@type":"WebPage","@id":"https:\/\/www.civiluavsinitiative.com\/la-xunta-avanza-en-el-polo-aeroespacial-de-galicia-e-impulsara-la-compra-privada-de-innovacion-en-la-que-pymes-y-centros-tecnologicos-gallegos-daran-respuesta-a-los-retos-de-empresas-tractoras-del-sec\/","url":"https:\/\/www.civiluavsinitiative.com\/la-xunta-avanza-en-el-polo-aeroespacial-de-galicia-e-impulsara-la-compra-privada-de-innovacion-en-la-que-pymes-y-centros-tecnologicos-gallegos-daran-respuesta-a-los-retos-de-empresas-tractoras-del-sec\/","name":"A Xunta avanza no Polo Aeroespacial de Galicia e impulsar\u00e1 a compra privada de innovaci\u00f3n na que pemes e centros tecnol\u00f3xicos galegos dar\u00e1n resposta aos retos de empresas tractoras do sector - Civil UAVs Initiative","isPartOf":{"@id":"https:\/\/www.civiluavsinitiative.com\/#website"},"datePublished":"2023-03-31T12:04:04+00:00","dateModified":"2023-05-08T06:27:42+00:00","author":{"@id":"https:\/\/www.civiluavsinitiative.com\/#\/schema\/person\/58af028627c8c00ec53ba6f40d2f9bac"},"breadcrumb":{"@id":"https:\/\/www.civiluavsinitiative.com\/la-xunta-avanza-en-el-polo-aeroespacial-de-galicia-e-impulsara-la-compra-privada-de-innovacion-en-la-que-pymes-y-centros-tecnologicos-gallegos-daran-respuesta-a-los-retos-de-empresas-tractoras-del-sec\/#breadcrumb"},"inLanguage":"gl-ES","potentialAction":[{"@type":"ReadAction","target":["https:\/\/www.civiluavsinitiative.com\/la-xunta-avanza-en-el-polo-aeroespacial-de-galicia-e-impulsara-la-compra-privada-de-innovacion-en-la-que-pymes-y-centros-tecnologicos-gallegos-daran-respuesta-a-los-retos-de-empresas-tractoras-del-sec\/"]}]},{"@type":"BreadcrumbList","@id":"https:\/\/www.civiluavsinitiative.com\/la-xunta-avanza-en-el-polo-aeroespacial-de-galicia-e-impulsara-la-compra-privada-de-innovacion-en-la-que-pymes-y-centros-tecnologicos-gallegos-daran-respuesta-a-los-retos-de-empresas-tractoras-del-sec\/#breadcrumb","itemListElement":[{"@type":"ListItem","position":1,"name":"Home","item":"https:\/\/www.civiluavsinitiative.com\/gl\/"},{"@type":"ListItem","position":2,"name":"A Xunta avanza no Polo Aeroespacial de Galicia e impulsar\u00e1 a compra privada de innovaci\u00f3n na que pemes e centros tecnol\u00f3xicos galegos dar\u00e1n resposta aos retos de empresas tractoras do sector"}]},{"@type":"WebSite","@id":"https:\/\/www.civiluavsinitiative.com\/#website","url":"https:\/\/www.civiluavsinitiative.com\/","name":"Civil UAVs Initiative","description":"Civil UAVs Initiative, favorece y fomenta el emprendimiento innovador, con el fin de atraer y retener en Galicia talento en el sector aeroespacial.","potentialAction":[{"@type":"SearchAction","target":{"@type":"EntryPoint","urlTemplate":"https:\/\/www.civiluavsinitiative.com\/?s={search_term_string}"},"query-input":"required name=search_term_string"}],"inLanguage":"gl-ES"},{"@type":"Person","@id":"https:\/\/www.civiluavsinitiative.com\/#\/schema\/person\/58af028627c8c00ec53ba6f40d2f9bac","name":"pvillanueva","image":{"@type":"ImageObject","inLanguage":"gl-ES","@id":"https:\/\/www.civiluavsinitiative.com\/#\/schema\/person\/image\/","url":"https:\/\/secure.gravatar.com\/avatar\/26c228395505196df76a7de2e9ed4de6?s=96&d=mm&r=g","contentUrl":"https:\/\/secure.gravatar.com\/avatar\/26c228395505196df76a7de2e9ed4de6?s=96&d=mm&r=g","caption":"pvillanueva"}}]}},"_links":{"self":[{"href":"https:\/\/www.civiluavsinitiative.com\/gl\/wp-json\/wp\/v2\/posts\/40814"}],"collection":[{"href":"https:\/\/www.civiluavsinitiative.com\/gl\/wp-json\/wp\/v2\/posts"}],"about":[{"href":"https:\/\/www.civiluavsinitiative.com\/gl\/wp-json\/wp\/v2\/types\/post"}],"author":[{"embeddable":true,"href":"https:\/\/www.civiluavsinitiative.com\/gl\/wp-json\/wp\/v2\/users\/3"}],"replies":[{"embeddable":true,"href":"https:\/\/www.civiluavsinitiative.com\/gl\/wp-json\/wp\/v2\/comments?post=40814"}],"version-history":[{"count":1,"href":"https:\/\/www.civiluavsinitiative.com\/gl\/wp-json\/wp\/v2\/posts\/40814\/revisions"}],"predecessor-version":[{"id":40817,"href":"https:\/\/www.civiluavsinitiative.com\/gl\/wp-json\/wp\/v2\/posts\/40814\/revisions\/40817"}],"wp:featuredmedia":[{"embeddable":true,"href":"https:\/\/www.civiluavsinitiative.com\/gl\/wp-json\/wp\/v2\/media\/40812"}],"wp:attachment":[{"href":"https:\/\/www.civiluavsinitiative.com\/gl\/wp-json\/wp\/v2\/media?parent=40814"}],"wp:term":[{"taxonomy":"category","embeddable":true,"href":"https:\/\/www.civiluavsinitiative.com\/gl\/wp-json\/wp\/v2\/categories?post=40814"},{"taxonomy":"post_tag","embeddable":true,"href":"https:\/\/www.civiluavsinitiative.com\/gl\/wp-json\/wp\/v2\/tags?post=40814"}],"curies":[{"name":"wp","href":"https:\/\/api.w.org\/{rel}","templated":true}]}}