{"id":40767,"date":"2023-02-09T18:03:31","date_gmt":"2023-02-09T17:03:31","guid":{"rendered":"https:\/\/www.civiluavsinitiative.com\/?p=40767"},"modified":"2023-04-14T08:30:42","modified_gmt":"2023-04-14T06:30:42","slug":"a-xunta-destaca-a-posicion-estratexica-do-sector-aeroespacial-galego-e-convida-as-empresas-a-sumar-capacidades","status":"publish","type":"post","link":"https:\/\/www.civiluavsinitiative.com\/gl\/a-xunta-destaca-a-posicion-estratexica-do-sector-aeroespacial-galego-e-convida-as-empresas-a-sumar-capacidades\/","title":{"rendered":"A Xunta destaca a posici\u00f3n estrat\u00e9xica do sector aeroespacial galego e convida \u00e1s empresas a sumar capacidades"},"content":{"rendered":"<div class=\"cabeceiraContido clearfix\">\n<div class=\"titulares\">\n<div class=\"entrada-principal\">\n<h4>A directora da Axencia Galega de Innovaci\u00f3n, Patricia Argerey, participou hoxe en Rozas (Castro de Rei) nunha xornada para dar a co\u00f1ecer \u00e1s empresas e centros de co\u00f1ecemento galegos a li\u00f1a de apoios do Centro para o Desenvolvemento Tecnol\u00f3xico e Industrial (CDTI) para proxectos de I+D+i no sector aeron\u00e1utico<\/h4>\n<\/div>\n<\/div>\n<\/div>\n<div class=\"entrada-principal\">\n<h4>O pr\u00f3ximo luns, d\u00eda 13, celebrarase unha xornada na que se presentar\u00e1n os programas de I+D+i de Airbus, Babcock e Telespazio, da man das propias compa\u00f1\u00edas e dos seus consorcios<\/h4>\n<p><span class=\"fckBold\"><b>Castro de Rei (Lugo), 9 de febreiro de 2023<\/b><\/span>\u00a0A directora da Axencia Galega de Innovaci\u00f3n, Patricia Argerey, destacou hoxe a posici\u00f3n estrat\u00e9xica do sector aeroespacial galego e convidou, tanto \u00e1s pemes como \u00e1s grandes empresas, a sumar capacidades e desenvolver proxectos que contrib\u00faan a reforzar a posici\u00f3n de Galicia neste sector.<\/p>\n<p>O Centro de Investigaci\u00f3n Aeroportada de Rozas (CIAR) acolleu unha xornada para dar a co\u00f1ecer o Programa Tecnol\u00f3xico Aeron\u00e1utico (PTA), unha li\u00f1a de apoios do Centro para o Desenvolvemento Tecnol\u00f3xico e Industrial (CDTI), \u00e1s empresas e centros de co\u00f1ecemento galegos, na que Patricia Argerey puxo en valor o apoio constante e continuado da Xunta \u00e1 I+D+i no sector aeron\u00e1utico e aeroespacial e, de forma espec\u00edfica, ao segmento dos veh\u00edculos non tripulados a trav\u00e9s do Polo Aeroespacial de Galicia.<\/p>\n<p>Valorou tam\u00e9n a relevancia de que se po\u00f1an en marcha programas especializados como o PTA, no marco do Perte Aeroespacial, para incentivar a innovaci\u00f3n nas empresas e centros de co\u00f1ecemento desta industria.<\/p>\n<div><b>\u00a0<\/b><\/div>\n<h2><b>Incentivo \u00e1 I+D+i\u00a0empresarial<\/b><\/h2>\n<p>O CDTI presentou os instrumentos de apoio \u00e1 I+D+i da entidade, facendo especial referencia ao PTA, que ten por obxectivo o mantemento do co\u00f1ecemento e do emprego de alta cualificaci\u00f3n mediante o lanzamento de proxectos estrat\u00e9xicos de I+D+i empresarial que xeren un efecto de arrastre en toda a cadea de valor do sector.<\/p>\n<p>Os retos tecnol\u00f3xicos contemplados no PTA son a eficiencia e o avi\u00f3n cero emisi\u00f3ns, os avi\u00f3ns non tripulados, os sistemas e a fabricaci\u00f3n intelixente. Tr\u00e1tase dunha li\u00f1a de apoios destinada tanto a grandes empresas como a pemes, que poden \u00e1 s\u00faa vez subcontratar a universidades, centros p\u00fablicos de investigaci\u00f3n ou centros tecnol\u00f3xicos.<\/p>\n<p>O CDTI fixo referencia \u00e1s lecci\u00f3ns aprendidas das convocatorias 2021 e 2022 do PTA e sinalou, entre elas, a importancia do impacto ambiental nos proxectos, que non haxa empresas en crise integrando os consorcios e a necesidade de definir correctamente as actividades de I+D.<\/p>\n<div><b>\u00a0<\/b>Nas convocatorias 2021 e 2022 do PTA, arredor do 60 % dos proxectos presentados obtiveron financiamento. Na xornada present\u00e1ronse casos de \u00e9xito de proxectos beneficiarios en Galicia como os das empresas Delta Vigo, Telev\u00e9s e Aeromedia.<\/div>\n<div><\/div>\n<h2><b>D\u00faas novas citas clave para o sector<\/b><\/h2>\n<p>Os pr\u00f3ximos luns 13 e martes 14 de febreiro o CIAR de Rozas ser\u00e1 escenario de d\u00faas novas xornadas clave para o sector: celebrarase un evento monogr\u00e1fico sobre o Polo Aeroespacial de Galicia e o V Congreso Internacional Aeron\u00e1utico e Aeroespacial (CIAG), promovidos pola Xunta de Galicia e o Consorcio Aeron\u00e1utico Galego.<\/p>\n<p>O d\u00eda 13 o vicepresidente primeiro e conselleiro de Econom\u00eda, Industria e Innovaci\u00f3n, Francisco Conde, ser\u00e1 o encargado de inaugurar a xornada na que se presentar\u00e1n os programas de I+D+i de Airbus, Babcock e Telespazio, da man das propias compa\u00f1\u00edas e dos seus consorcios. Ademais, os asistentes ter\u00e1n a oportunidade de asistir a un relatorio sobre biodiversidade e cambio clim\u00e1tico a cargo de Leonor Calvo, do Grupo de Investigaci\u00f3n de Ecolox\u00eda Aplicada e Teledetecci\u00f3n, da facultade de Ciencias Biol\u00f3xicas e Ambientais da Universidade de Le\u00f3n.<\/p>\n<p>Pola tarde, ser\u00e1 o turno para a presentaci\u00f3n das novas soluci\u00f3ns mediante UAVs para os servizos p\u00fablicos da Xunta, e ademais a Business Factory Aero (BFAero), dar\u00e1 a co\u00f1ecer os proxectos de Aguia, Beagle e Fuvex.<\/p>\n<p>O martes celebrarase o V Congreso Internacional Aeron\u00e1utico e Aeroespacial , no que se presentar\u00e1n tres dos informes elaborados polo Observatorio da Industria Aeroespacial, proxecto no que colaboran a Xunta e o CAG, e abordaranse tem\u00e1ticas como as oportunidades do Perte Aeroespacial, o desenvolvemento de tecnolox\u00edas, innovaci\u00f3n e competitividade ou os sistemas a\u00e9reos non tripulados e a Urban Air Mobility.<\/p>\n<\/div>\n","protected":false},"excerpt":{"rendered":"<p>A directora da Axencia Galega de Innovaci\u00f3n, Patricia Argerey, participou hoxe en Rozas (Castro de Rei) nunha xornada para dar a co\u00f1ecer \u00e1s empresas e centros de co\u00f1ecemento galegos a li\u00f1a de apoios do Centro para o Desenvolvemento Tecnol\u00f3xico e Industrial (CDTI) para proxectos de I+D+i no sector aeron\u00e1utico O pr\u00f3ximo luns, d\u00eda 13, celebrarase [&hellip;]<\/p>\n","protected":false},"author":3,"featured_media":40765,"comment_status":"open","ping_status":"open","sticky":false,"template":"","format":"standard","meta":{"_et_pb_use_builder":"","_et_pb_old_content":"","_et_gb_content_width":""},"categories":[150],"tags":[],"acf":[],"yoast_head":"<!-- This site is optimized with the Yoast SEO plugin v20.9 - https:\/\/yoast.com\/wordpress\/plugins\/seo\/ -->\n<title>A Xunta destaca a posici\u00f3n estrat\u00e9xica do sector aeroespacial galego e convida \u00e1s empresas a sumar capacidades - Civil UAVs Initiative<\/title>\n<meta name=\"description\" content=\"A directora da Axencia Galega de Innovaci\u00f3n, Patricia Argerey, participou hoxe en Rozas (Castro de Rei) nunha xornada para dar a co\u00f1ecer \u00e1s empresas e centros de co\u00f1ecemento galegos a li\u00f1a de apoios do Centro para o Desenvolvemento Tecnol\u00f3xico e Industrial (CDTI) para proxectos de I+D+i no sector aeron\u00e1utico\" \/>\n<meta name=\"robots\" content=\"index, follow, max-snippet:-1, max-image-preview:large, max-video-preview:-1\" \/>\n<link rel=\"canonical\" href=\"https:\/\/www.civiluavsinitiative.com\/la-xunta-destaca-la-posicion-estrategica-del-sector-aeroespacial-gallego-e-invita-a-las-empresas-a-sumar-capacidades\/\" \/>\n<meta property=\"og:locale\" content=\"gl_ES\" \/>\n<meta property=\"og:type\" content=\"article\" \/>\n<meta property=\"og:title\" content=\"A Xunta destaca a posici\u00f3n estrat\u00e9xica do sector aeroespacial galego e convida \u00e1s empresas a sumar capacidades - Civil UAVs Initiative\" \/>\n<meta property=\"og:description\" content=\"A directora da Axencia Galega de Innovaci\u00f3n, Patricia Argerey, participou hoxe en Rozas (Castro de Rei) nunha xornada para dar a co\u00f1ecer \u00e1s empresas e centros de co\u00f1ecemento galegos a li\u00f1a de apoios do Centro para o Desenvolvemento Tecnol\u00f3xico e Industrial (CDTI) para proxectos de I+D+i no sector aeron\u00e1utico\" \/>\n<meta property=\"og:url\" content=\"https:\/\/www.civiluavsinitiative.com\/la-xunta-destaca-la-posicion-estrategica-del-sector-aeroespacial-gallego-e-invita-a-las-empresas-a-sumar-capacidades\/\" \/>\n<meta property=\"og:site_name\" content=\"Civil UAVs Initiative\" \/>\n<meta property=\"article:published_time\" content=\"2023-02-09T17:03:31+00:00\" \/>\n<meta property=\"article:modified_time\" content=\"2023-04-14T06:30:42+00:00\" \/>\n<meta property=\"og:image\" content=\"https:\/\/www.civiluavsinitiative.com\/wp-content\/uploads\/2023\/02\/FCED2BE2-C3B2-42F0-93B5-DE5271237BDD.jpg\" \/>\n\t<meta property=\"og:image:width\" content=\"2048\" \/>\n\t<meta property=\"og:image:height\" content=\"1536\" \/>\n\t<meta property=\"og:image:type\" content=\"image\/jpeg\" \/>\n<meta name=\"author\" content=\"pvillanueva\" \/>\n<meta name=\"twitter:card\" content=\"summary_large_image\" \/>\n<meta name=\"twitter:label1\" content=\"Escrito por\" \/>\n\t<meta name=\"twitter:data1\" content=\"pvillanueva\" \/>\n\t<meta name=\"twitter:label2\" content=\"Tempo de lectura\" \/>\n\t<meta name=\"twitter:data2\" content=\"4 minutos\" \/>\n<script type=\"application\/ld+json\" class=\"yoast-schema-graph\">{\"@context\":\"https:\/\/schema.org\",\"@graph\":[{\"@type\":\"WebPage\",\"@id\":\"https:\/\/www.civiluavsinitiative.com\/la-xunta-destaca-la-posicion-estrategica-del-sector-aeroespacial-gallego-e-invita-a-las-empresas-a-sumar-capacidades\/\",\"url\":\"https:\/\/www.civiluavsinitiative.com\/la-xunta-destaca-la-posicion-estrategica-del-sector-aeroespacial-gallego-e-invita-a-las-empresas-a-sumar-capacidades\/\",\"name\":\"A Xunta destaca a posici\u00f3n estrat\u00e9xica do sector aeroespacial galego e convida \u00e1s empresas a sumar capacidades - Civil UAVs Initiative\",\"isPartOf\":{\"@id\":\"https:\/\/www.civiluavsinitiative.com\/#website\"},\"datePublished\":\"2023-02-09T17:03:31+00:00\",\"dateModified\":\"2023-04-14T06:30:42+00:00\",\"author\":{\"@id\":\"https:\/\/www.civiluavsinitiative.com\/#\/schema\/person\/58af028627c8c00ec53ba6f40d2f9bac\"},\"description\":\"A directora da Axencia Galega de Innovaci\u00f3n, Patricia Argerey, participou hoxe en Rozas (Castro de Rei) nunha xornada para dar a co\u00f1ecer \u00e1s empresas e centros de co\u00f1ecemento galegos a li\u00f1a de apoios do Centro para o Desenvolvemento Tecnol\u00f3xico e Industrial (CDTI) para proxectos de I+D+i no sector aeron\u00e1utico\",\"breadcrumb\":{\"@id\":\"https:\/\/www.civiluavsinitiative.com\/la-xunta-destaca-la-posicion-estrategica-del-sector-aeroespacial-gallego-e-invita-a-las-empresas-a-sumar-capacidades\/#breadcrumb\"},\"inLanguage\":\"gl-ES\",\"potentialAction\":[{\"@type\":\"ReadAction\",\"target\":[\"https:\/\/www.civiluavsinitiative.com\/la-xunta-destaca-la-posicion-estrategica-del-sector-aeroespacial-gallego-e-invita-a-las-empresas-a-sumar-capacidades\/\"]}]},{\"@type\":\"BreadcrumbList\",\"@id\":\"https:\/\/www.civiluavsinitiative.com\/la-xunta-destaca-la-posicion-estrategica-del-sector-aeroespacial-gallego-e-invita-a-las-empresas-a-sumar-capacidades\/#breadcrumb\",\"itemListElement\":[{\"@type\":\"ListItem\",\"position\":1,\"name\":\"Home\",\"item\":\"https:\/\/www.civiluavsinitiative.com\/gl\/\"},{\"@type\":\"ListItem\",\"position\":2,\"name\":\"A Xunta destaca a posici\u00f3n estrat\u00e9xica do sector aeroespacial galego e convida \u00e1s empresas a sumar capacidades\"}]},{\"@type\":\"WebSite\",\"@id\":\"https:\/\/www.civiluavsinitiative.com\/#website\",\"url\":\"https:\/\/www.civiluavsinitiative.com\/\",\"name\":\"Civil UAVs Initiative\",\"description\":\"Civil UAVs Initiative, favorece y fomenta el emprendimiento innovador, con el fin de atraer y retener en Galicia talento en el sector aeroespacial.\",\"potentialAction\":[{\"@type\":\"SearchAction\",\"target\":{\"@type\":\"EntryPoint\",\"urlTemplate\":\"https:\/\/www.civiluavsinitiative.com\/?s={search_term_string}\"},\"query-input\":\"required name=search_term_string\"}],\"inLanguage\":\"gl-ES\"},{\"@type\":\"Person\",\"@id\":\"https:\/\/www.civiluavsinitiative.com\/#\/schema\/person\/58af028627c8c00ec53ba6f40d2f9bac\",\"name\":\"pvillanueva\",\"image\":{\"@type\":\"ImageObject\",\"inLanguage\":\"gl-ES\",\"@id\":\"https:\/\/www.civiluavsinitiative.com\/#\/schema\/person\/image\/\",\"url\":\"https:\/\/secure.gravatar.com\/avatar\/26c228395505196df76a7de2e9ed4de6?s=96&d=mm&r=g\",\"contentUrl\":\"https:\/\/secure.gravatar.com\/avatar\/26c228395505196df76a7de2e9ed4de6?s=96&d=mm&r=g\",\"caption\":\"pvillanueva\"}}]}<\/script>\n<!-- \/ Yoast SEO plugin. -->","yoast_head_json":{"title":"A Xunta destaca a posici\u00f3n estrat\u00e9xica do sector aeroespacial galego e convida \u00e1s empresas a sumar capacidades - Civil UAVs Initiative","description":"A directora da Axencia Galega de Innovaci\u00f3n, Patricia Argerey, participou hoxe en Rozas (Castro de Rei) nunha xornada para dar a co\u00f1ecer \u00e1s empresas e centros de co\u00f1ecemento galegos a li\u00f1a de apoios do Centro para o Desenvolvemento Tecnol\u00f3xico e Industrial (CDTI) para proxectos de I+D+i no sector aeron\u00e1utico","robots":{"index":"index","follow":"follow","max-snippet":"max-snippet:-1","max-image-preview":"max-image-preview:large","max-video-preview":"max-video-preview:-1"},"canonical":"https:\/\/www.civiluavsinitiative.com\/la-xunta-destaca-la-posicion-estrategica-del-sector-aeroespacial-gallego-e-invita-a-las-empresas-a-sumar-capacidades\/","og_locale":"gl_ES","og_type":"article","og_title":"A Xunta destaca a posici\u00f3n estrat\u00e9xica do sector aeroespacial galego e convida \u00e1s empresas a sumar capacidades - Civil UAVs Initiative","og_description":"A directora da Axencia Galega de Innovaci\u00f3n, Patricia Argerey, participou hoxe en Rozas (Castro de Rei) nunha xornada para dar a co\u00f1ecer \u00e1s empresas e centros de co\u00f1ecemento galegos a li\u00f1a de apoios do Centro para o Desenvolvemento Tecnol\u00f3xico e Industrial (CDTI) para proxectos de I+D+i no sector aeron\u00e1utico","og_url":"https:\/\/www.civiluavsinitiative.com\/la-xunta-destaca-la-posicion-estrategica-del-sector-aeroespacial-gallego-e-invita-a-las-empresas-a-sumar-capacidades\/","og_site_name":"Civil UAVs Initiative","article_published_time":"2023-02-09T17:03:31+00:00","article_modified_time":"2023-04-14T06:30:42+00:00","og_image":[{"width":2048,"height":1536,"url":"https:\/\/www.civiluavsinitiative.com\/wp-content\/uploads\/2023\/02\/FCED2BE2-C3B2-42F0-93B5-DE5271237BDD.jpg","type":"image\/jpeg"}],"author":"pvillanueva","twitter_card":"summary_large_image","twitter_misc":{"Escrito por":"pvillanueva","Tempo de lectura":"4 minutos"},"schema":{"@context":"https:\/\/schema.org","@graph":[{"@type":"WebPage","@id":"https:\/\/www.civiluavsinitiative.com\/la-xunta-destaca-la-posicion-estrategica-del-sector-aeroespacial-gallego-e-invita-a-las-empresas-a-sumar-capacidades\/","url":"https:\/\/www.civiluavsinitiative.com\/la-xunta-destaca-la-posicion-estrategica-del-sector-aeroespacial-gallego-e-invita-a-las-empresas-a-sumar-capacidades\/","name":"A Xunta destaca a posici\u00f3n estrat\u00e9xica do sector aeroespacial galego e convida \u00e1s empresas a sumar capacidades - Civil UAVs Initiative","isPartOf":{"@id":"https:\/\/www.civiluavsinitiative.com\/#website"},"datePublished":"2023-02-09T17:03:31+00:00","dateModified":"2023-04-14T06:30:42+00:00","author":{"@id":"https:\/\/www.civiluavsinitiative.com\/#\/schema\/person\/58af028627c8c00ec53ba6f40d2f9bac"},"description":"A directora da Axencia Galega de Innovaci\u00f3n, Patricia Argerey, participou hoxe en Rozas (Castro de Rei) nunha xornada para dar a co\u00f1ecer \u00e1s empresas e centros de co\u00f1ecemento galegos a li\u00f1a de apoios do Centro para o Desenvolvemento Tecnol\u00f3xico e Industrial (CDTI) para proxectos de I+D+i no sector aeron\u00e1utico","breadcrumb":{"@id":"https:\/\/www.civiluavsinitiative.com\/la-xunta-destaca-la-posicion-estrategica-del-sector-aeroespacial-gallego-e-invita-a-las-empresas-a-sumar-capacidades\/#breadcrumb"},"inLanguage":"gl-ES","potentialAction":[{"@type":"ReadAction","target":["https:\/\/www.civiluavsinitiative.com\/la-xunta-destaca-la-posicion-estrategica-del-sector-aeroespacial-gallego-e-invita-a-las-empresas-a-sumar-capacidades\/"]}]},{"@type":"BreadcrumbList","@id":"https:\/\/www.civiluavsinitiative.com\/la-xunta-destaca-la-posicion-estrategica-del-sector-aeroespacial-gallego-e-invita-a-las-empresas-a-sumar-capacidades\/#breadcrumb","itemListElement":[{"@type":"ListItem","position":1,"name":"Home","item":"https:\/\/www.civiluavsinitiative.com\/gl\/"},{"@type":"ListItem","position":2,"name":"A Xunta destaca a posici\u00f3n estrat\u00e9xica do sector aeroespacial galego e convida \u00e1s empresas a sumar capacidades"}]},{"@type":"WebSite","@id":"https:\/\/www.civiluavsinitiative.com\/#website","url":"https:\/\/www.civiluavsinitiative.com\/","name":"Civil UAVs Initiative","description":"Civil UAVs Initiative, favorece y fomenta el emprendimiento innovador, con el fin de atraer y retener en Galicia talento en el sector aeroespacial.","potentialAction":[{"@type":"SearchAction","target":{"@type":"EntryPoint","urlTemplate":"https:\/\/www.civiluavsinitiative.com\/?s={search_term_string}"},"query-input":"required name=search_term_string"}],"inLanguage":"gl-ES"},{"@type":"Person","@id":"https:\/\/www.civiluavsinitiative.com\/#\/schema\/person\/58af028627c8c00ec53ba6f40d2f9bac","name":"pvillanueva","image":{"@type":"ImageObject","inLanguage":"gl-ES","@id":"https:\/\/www.civiluavsinitiative.com\/#\/schema\/person\/image\/","url":"https:\/\/secure.gravatar.com\/avatar\/26c228395505196df76a7de2e9ed4de6?s=96&d=mm&r=g","contentUrl":"https:\/\/secure.gravatar.com\/avatar\/26c228395505196df76a7de2e9ed4de6?s=96&d=mm&r=g","caption":"pvillanueva"}}]}},"_links":{"self":[{"href":"https:\/\/www.civiluavsinitiative.com\/gl\/wp-json\/wp\/v2\/posts\/40767"}],"collection":[{"href":"https:\/\/www.civiluavsinitiative.com\/gl\/wp-json\/wp\/v2\/posts"}],"about":[{"href":"https:\/\/www.civiluavsinitiative.com\/gl\/wp-json\/wp\/v2\/types\/post"}],"author":[{"embeddable":true,"href":"https:\/\/www.civiluavsinitiative.com\/gl\/wp-json\/wp\/v2\/users\/3"}],"replies":[{"embeddable":true,"href":"https:\/\/www.civiluavsinitiative.com\/gl\/wp-json\/wp\/v2\/comments?post=40767"}],"version-history":[{"count":1,"href":"https:\/\/www.civiluavsinitiative.com\/gl\/wp-json\/wp\/v2\/posts\/40767\/revisions"}],"predecessor-version":[{"id":40768,"href":"https:\/\/www.civiluavsinitiative.com\/gl\/wp-json\/wp\/v2\/posts\/40767\/revisions\/40768"}],"wp:featuredmedia":[{"embeddable":true,"href":"https:\/\/www.civiluavsinitiative.com\/gl\/wp-json\/wp\/v2\/media\/40765"}],"wp:attachment":[{"href":"https:\/\/www.civiluavsinitiative.com\/gl\/wp-json\/wp\/v2\/media?parent=40767"}],"wp:term":[{"taxonomy":"category","embeddable":true,"href":"https:\/\/www.civiluavsinitiative.com\/gl\/wp-json\/wp\/v2\/categories?post=40767"},{"taxonomy":"post_tag","embeddable":true,"href":"https:\/\/www.civiluavsinitiative.com\/gl\/wp-json\/wp\/v2\/tags?post=40767"}],"curies":[{"name":"wp","href":"https:\/\/api.w.org\/{rel}","templated":true}]}}