{"id":40411,"date":"2022-11-25T12:58:36","date_gmt":"2022-11-25T11:58:36","guid":{"rendered":"https:\/\/www.civiluavsinitiative.com\/?p=40411"},"modified":"2022-11-25T12:58:36","modified_gmt":"2022-11-25T11:58:36","slug":"a-xunta-destina-4-me-no-marco-do-polo-aeroespacial-para-implantar-un-laboratorio-5g-e-sistemas-de-ciberseguridade-en-galicia","status":"publish","type":"post","link":"https:\/\/www.civiluavsinitiative.com\/gl\/a-xunta-destina-4-me-no-marco-do-polo-aeroespacial-para-implantar-un-laboratorio-5g-e-sistemas-de-ciberseguridade-en-galicia\/","title":{"rendered":"A Xunta destina 4 M\u20ac no marco do Polo Aeroespacial para implantar un laboratorio 5G e sistemas de ciberseguridade en Galicia"},"content":{"rendered":"<h4>O vicepresidente primeiro e conselleiro de Econom\u00eda, Industria e Innovaci\u00f3n, Francisco Conde, participou na Coru\u00f1a na presentaci\u00f3n de resultados da Unidade Mixta de Investigaci\u00f3n Airus, impulsada polo Instituto Tecnol\u00f3xico de Galicia (ITG) e NTT Data co apoio da Administraci\u00f3n auton\u00f3mica<\/h4>\n<h4>Salienta que con proxectos coma este Galicia se est\u00e1 posicionando para ser un referente no transporte intelixente do futuro<\/h4>\n<h4>O software dese\u00f1ado grazas a esta iniciativa facilita a integraci\u00f3n eficiente e segura dos veh\u00edculos a\u00e9reos non tripulados no espazo a\u00e9reo, respondendo as\u00ed a un dos grandes retos do sector<\/h4>\n<p><span class=\"fckBold\"><b>A Coru\u00f1a, 25 de novembro de 2022<\/b><\/span>\u00a0O vicepresidente primeiro e conselleiro de Econom\u00eda, Industria e Innovaci\u00f3n, Francisco Conde, participou hoxe na presentaci\u00f3n de resultados da Unidade Mixta de Investigaci\u00f3n Airus, impulsada polo Instituto Tecnol\u00f3xico de Galicia (ITG) e a multinacional especializada en tecnolox\u00edas emerxentes NTT Data co apoio da Administraci\u00f3n auton\u00f3mica, cun investimento p\u00fablico-privado de 2,2 mill\u00f3ns de euros.<\/p>\n<p>Airus, o software dese\u00f1ado por ITG e NTT Data \u00e9 un sistema tecnol\u00f3xico que facilita a integraci\u00f3n eficiente e segura dos veh\u00edculos a\u00e9reos non tripulados no espazo a\u00e9reo, respondendo as\u00ed a un dos grandes retos do sector. Neste eido, o vicepresidente econ\u00f3mico salientou que no Polo Aeroespacial de Galicia xa se levaron a cabo proxectos como Galician Skyway, liderado por Boeing, enfocado cara a seguridade a\u00e9rea, lembrando tam\u00e9n que Boeing e Indra est\u00e1n desenvolvendo simuladores avanzados que estar\u00e1n operativos a partir do pr\u00f3ximo ano no CIAR.<\/p>\n<p>O vicepresidente econ\u00f3mico destacou que nesta nova etapa que agora se abre da man dos novos socios tecnol\u00f3xicos industriais (Airbus, Babcock e Telespazio) b\u00fascase consolidar o Polo como referente a nivel nacional e europeo para estas novas tecnolox\u00edas que contrib\u00faan ao desenvolvemento do marco normativo que ten que regular a mobilidade a\u00e9rea en Europa. Neste sentido, adiantou que para dotar ao Centro de Investigaci\u00f3n Aeroportada de Rozas (CIAR) dunha infraestrutura de vangarda para probar novas soluci\u00f3ns tecnol\u00f3xicas que o convertan nun lugar \u00fanico en Europa para a experimentaci\u00f3n con veh\u00edculos a\u00e9reos non tripulados, nos pr\u00f3ximos d\u00edas convocaranse licitaci\u00f3ns por 4 mill\u00f3ns de euros que van facer do Polo Aeroespacial de Galicia un entorno seguro e con infraestruturas de primeiro nivel onde desenvolver e probar soluci\u00f3ns tecnol\u00f3xicas para o control do tr\u00e1fico a\u00e9reo de veh\u00edculos non tripulados.<\/p>\n<p>Por un lado, destinaranse 2 mill\u00f3ns de euros para implantar nas instalaci\u00f3ns de Rozas un laboratorio 5G que permita ensaiar soluci\u00f3ns para veh\u00edculos a\u00e9reos non tripulados baseadas na conectividade 5G como canle de comunicaci\u00f3ns. Tr\u00e1tase de xerar sinerx\u00edas entre o ecosistema aeron\u00e1utico e o das tecnolox\u00edas de comunicaci\u00f3n m\u00f3biles para a obtenci\u00f3n de informaci\u00f3n en tempo real.<\/p>\n<p>Por outra banda, a segunda licitaci\u00f3n, por preto de 2 mill\u00f3ns de euros, ser\u00e1 para o desenvolvemento de sistemas de ciberseguridade que poidan ser empregados en futuros ensaios de aeronaves como parte do sistema de seguridade de voos. Abarcar\u00eda o \u00e1mbito das comunicaci\u00f3ns e os sistemas de posicionamento por sat\u00e9lite co obxectivo de redobrar a seguridade e a prevenci\u00f3n de continxencias en voo.<\/p>\n","protected":false},"excerpt":{"rendered":"<p>O vicepresidente primeiro e conselleiro de Econom\u00eda, Industria e Innovaci\u00f3n, Francisco Conde, participou na Coru\u00f1a na presentaci\u00f3n de resultados da Unidade Mixta de Investigaci\u00f3n Airus, impulsada polo Instituto Tecnol\u00f3xico de Galicia (ITG) e NTT Data co apoio da Administraci\u00f3n auton\u00f3mica Salienta que con proxectos coma este Galicia se est\u00e1 posicionando para ser un referente no [&hellip;]<\/p>\n","protected":false},"author":3,"featured_media":40409,"comment_status":"open","ping_status":"open","sticky":false,"template":"","format":"standard","meta":{"_et_pb_use_builder":"","_et_pb_old_content":"","_et_gb_content_width":""},"categories":[145],"tags":[806,307,329,418,805,493,804],"acf":[],"yoast_head":"<!-- This site is optimized with the Yoast SEO plugin v20.9 - https:\/\/yoast.com\/wordpress\/plugins\/seo\/ -->\n<title>A Xunta destina 4 M\u20ac no marco do Polo Aeroespacial para implantar un laboratorio 5G e sistemas de ciberseguridade en Galicia - Civil UAVs Initiative<\/title>\n<meta name=\"description\" content=\"O vicepresidente primeiro e conselleiro de Econom\u00eda, Industria e Innovaci\u00f3n, Francisco Conde, participou na Coru\u00f1a na presentaci\u00f3n de resultados da Unidade Mixta de Investigaci\u00f3n Airus, impulsada polo Instituto Tecnol\u00f3xico de Galicia (ITG) e NTT Data co apoio da Administraci\u00f3n auton\u00f3mica.\" \/>\n<meta name=\"robots\" content=\"index, follow, max-snippet:-1, max-image-preview:large, max-video-preview:-1\" \/>\n<link rel=\"canonical\" href=\"https:\/\/www.civiluavsinitiative.com\/la-xunta-destina-4-me-en-el-marco-del-polo-aeroespacial-para-implantar-un-laboratorio-5g-y-sistemas-de-ciberseguridad-en-galicia\/\" \/>\n<meta property=\"og:locale\" content=\"gl_ES\" \/>\n<meta property=\"og:type\" content=\"article\" \/>\n<meta property=\"og:title\" content=\"A Xunta destina 4 M\u20ac no marco do Polo Aeroespacial para implantar un laboratorio 5G e sistemas de ciberseguridade en Galicia - Civil UAVs Initiative\" \/>\n<meta property=\"og:description\" content=\"O vicepresidente primeiro e conselleiro de Econom\u00eda, Industria e Innovaci\u00f3n, Francisco Conde, participou na Coru\u00f1a na presentaci\u00f3n de resultados da Unidade Mixta de Investigaci\u00f3n Airus, impulsada polo Instituto Tecnol\u00f3xico de Galicia (ITG) e NTT Data co apoio da Administraci\u00f3n auton\u00f3mica.\" \/>\n<meta property=\"og:url\" content=\"https:\/\/www.civiluavsinitiative.com\/la-xunta-destina-4-me-en-el-marco-del-polo-aeroespacial-para-implantar-un-laboratorio-5g-y-sistemas-de-ciberseguridad-en-galicia\/\" \/>\n<meta property=\"og:site_name\" content=\"Civil UAVs Initiative\" \/>\n<meta property=\"article:published_time\" content=\"2022-11-25T11:58:36+00:00\" \/>\n<meta property=\"og:image\" content=\"https:\/\/www.civiluavsinitiative.com\/wp-content\/uploads\/2022\/11\/5G.jpg\" \/>\n\t<meta property=\"og:image:width\" content=\"4000\" \/>\n\t<meta property=\"og:image:height\" content=\"2661\" \/>\n\t<meta property=\"og:image:type\" content=\"image\/jpeg\" \/>\n<meta name=\"author\" content=\"pvillanueva\" \/>\n<meta name=\"twitter:card\" content=\"summary_large_image\" \/>\n<meta name=\"twitter:label1\" content=\"Escrito por\" \/>\n\t<meta name=\"twitter:data1\" content=\"pvillanueva\" \/>\n\t<meta name=\"twitter:label2\" content=\"Tempo de lectura\" \/>\n\t<meta name=\"twitter:data2\" content=\"3 minutos\" \/>\n<script type=\"application\/ld+json\" class=\"yoast-schema-graph\">{\"@context\":\"https:\/\/schema.org\",\"@graph\":[{\"@type\":\"WebPage\",\"@id\":\"https:\/\/www.civiluavsinitiative.com\/la-xunta-destina-4-me-en-el-marco-del-polo-aeroespacial-para-implantar-un-laboratorio-5g-y-sistemas-de-ciberseguridad-en-galicia\/\",\"url\":\"https:\/\/www.civiluavsinitiative.com\/la-xunta-destina-4-me-en-el-marco-del-polo-aeroespacial-para-implantar-un-laboratorio-5g-y-sistemas-de-ciberseguridad-en-galicia\/\",\"name\":\"A Xunta destina 4 M\u20ac no marco do Polo Aeroespacial para implantar un laboratorio 5G e sistemas de ciberseguridade en Galicia - Civil UAVs Initiative\",\"isPartOf\":{\"@id\":\"https:\/\/www.civiluavsinitiative.com\/#website\"},\"datePublished\":\"2022-11-25T11:58:36+00:00\",\"dateModified\":\"2022-11-25T11:58:36+00:00\",\"author\":{\"@id\":\"https:\/\/www.civiluavsinitiative.com\/#\/schema\/person\/58af028627c8c00ec53ba6f40d2f9bac\"},\"description\":\"O vicepresidente primeiro e conselleiro de Econom\u00eda, Industria e Innovaci\u00f3n, Francisco Conde, participou na Coru\u00f1a na presentaci\u00f3n de resultados da Unidade Mixta de Investigaci\u00f3n Airus, impulsada polo Instituto Tecnol\u00f3xico de Galicia (ITG) e NTT Data co apoio da Administraci\u00f3n auton\u00f3mica.\",\"breadcrumb\":{\"@id\":\"https:\/\/www.civiluavsinitiative.com\/la-xunta-destina-4-me-en-el-marco-del-polo-aeroespacial-para-implantar-un-laboratorio-5g-y-sistemas-de-ciberseguridad-en-galicia\/#breadcrumb\"},\"inLanguage\":\"gl-ES\",\"potentialAction\":[{\"@type\":\"ReadAction\",\"target\":[\"https:\/\/www.civiluavsinitiative.com\/la-xunta-destina-4-me-en-el-marco-del-polo-aeroespacial-para-implantar-un-laboratorio-5g-y-sistemas-de-ciberseguridad-en-galicia\/\"]}]},{\"@type\":\"BreadcrumbList\",\"@id\":\"https:\/\/www.civiluavsinitiative.com\/la-xunta-destina-4-me-en-el-marco-del-polo-aeroespacial-para-implantar-un-laboratorio-5g-y-sistemas-de-ciberseguridad-en-galicia\/#breadcrumb\",\"itemListElement\":[{\"@type\":\"ListItem\",\"position\":1,\"name\":\"Home\",\"item\":\"https:\/\/www.civiluavsinitiative.com\/gl\/\"},{\"@type\":\"ListItem\",\"position\":2,\"name\":\"A Xunta destina 4 M\u20ac no marco do Polo Aeroespacial para implantar un laboratorio 5G e sistemas de ciberseguridade en Galicia\"}]},{\"@type\":\"WebSite\",\"@id\":\"https:\/\/www.civiluavsinitiative.com\/#website\",\"url\":\"https:\/\/www.civiluavsinitiative.com\/\",\"name\":\"Civil UAVs Initiative\",\"description\":\"Civil UAVs Initiative, favorece y fomenta el emprendimiento innovador, con el fin de atraer y retener en Galicia talento en el sector aeroespacial.\",\"potentialAction\":[{\"@type\":\"SearchAction\",\"target\":{\"@type\":\"EntryPoint\",\"urlTemplate\":\"https:\/\/www.civiluavsinitiative.com\/?s={search_term_string}\"},\"query-input\":\"required name=search_term_string\"}],\"inLanguage\":\"gl-ES\"},{\"@type\":\"Person\",\"@id\":\"https:\/\/www.civiluavsinitiative.com\/#\/schema\/person\/58af028627c8c00ec53ba6f40d2f9bac\",\"name\":\"pvillanueva\",\"image\":{\"@type\":\"ImageObject\",\"inLanguage\":\"gl-ES\",\"@id\":\"https:\/\/www.civiluavsinitiative.com\/#\/schema\/person\/image\/\",\"url\":\"https:\/\/secure.gravatar.com\/avatar\/26c228395505196df76a7de2e9ed4de6?s=96&d=mm&r=g\",\"contentUrl\":\"https:\/\/secure.gravatar.com\/avatar\/26c228395505196df76a7de2e9ed4de6?s=96&d=mm&r=g\",\"caption\":\"pvillanueva\"}}]}<\/script>\n<!-- \/ Yoast SEO plugin. -->","yoast_head_json":{"title":"A Xunta destina 4 M\u20ac no marco do Polo Aeroespacial para implantar un laboratorio 5G e sistemas de ciberseguridade en Galicia - Civil UAVs Initiative","description":"O vicepresidente primeiro e conselleiro de Econom\u00eda, Industria e Innovaci\u00f3n, Francisco Conde, participou na Coru\u00f1a na presentaci\u00f3n de resultados da Unidade Mixta de Investigaci\u00f3n Airus, impulsada polo Instituto Tecnol\u00f3xico de Galicia (ITG) e NTT Data co apoio da Administraci\u00f3n auton\u00f3mica.","robots":{"index":"index","follow":"follow","max-snippet":"max-snippet:-1","max-image-preview":"max-image-preview:large","max-video-preview":"max-video-preview:-1"},"canonical":"https:\/\/www.civiluavsinitiative.com\/la-xunta-destina-4-me-en-el-marco-del-polo-aeroespacial-para-implantar-un-laboratorio-5g-y-sistemas-de-ciberseguridad-en-galicia\/","og_locale":"gl_ES","og_type":"article","og_title":"A Xunta destina 4 M\u20ac no marco do Polo Aeroespacial para implantar un laboratorio 5G e sistemas de ciberseguridade en Galicia - Civil UAVs Initiative","og_description":"O vicepresidente primeiro e conselleiro de Econom\u00eda, Industria e Innovaci\u00f3n, Francisco Conde, participou na Coru\u00f1a na presentaci\u00f3n de resultados da Unidade Mixta de Investigaci\u00f3n Airus, impulsada polo Instituto Tecnol\u00f3xico de Galicia (ITG) e NTT Data co apoio da Administraci\u00f3n auton\u00f3mica.","og_url":"https:\/\/www.civiluavsinitiative.com\/la-xunta-destina-4-me-en-el-marco-del-polo-aeroespacial-para-implantar-un-laboratorio-5g-y-sistemas-de-ciberseguridad-en-galicia\/","og_site_name":"Civil UAVs Initiative","article_published_time":"2022-11-25T11:58:36+00:00","og_image":[{"width":4000,"height":2661,"url":"https:\/\/www.civiluavsinitiative.com\/wp-content\/uploads\/2022\/11\/5G.jpg","type":"image\/jpeg"}],"author":"pvillanueva","twitter_card":"summary_large_image","twitter_misc":{"Escrito por":"pvillanueva","Tempo de lectura":"3 minutos"},"schema":{"@context":"https:\/\/schema.org","@graph":[{"@type":"WebPage","@id":"https:\/\/www.civiluavsinitiative.com\/la-xunta-destina-4-me-en-el-marco-del-polo-aeroespacial-para-implantar-un-laboratorio-5g-y-sistemas-de-ciberseguridad-en-galicia\/","url":"https:\/\/www.civiluavsinitiative.com\/la-xunta-destina-4-me-en-el-marco-del-polo-aeroespacial-para-implantar-un-laboratorio-5g-y-sistemas-de-ciberseguridad-en-galicia\/","name":"A Xunta destina 4 M\u20ac no marco do Polo Aeroespacial para implantar un laboratorio 5G e sistemas de ciberseguridade en Galicia - Civil UAVs Initiative","isPartOf":{"@id":"https:\/\/www.civiluavsinitiative.com\/#website"},"datePublished":"2022-11-25T11:58:36+00:00","dateModified":"2022-11-25T11:58:36+00:00","author":{"@id":"https:\/\/www.civiluavsinitiative.com\/#\/schema\/person\/58af028627c8c00ec53ba6f40d2f9bac"},"description":"O vicepresidente primeiro e conselleiro de Econom\u00eda, Industria e Innovaci\u00f3n, Francisco Conde, participou na Coru\u00f1a na presentaci\u00f3n de resultados da Unidade Mixta de Investigaci\u00f3n Airus, impulsada polo Instituto Tecnol\u00f3xico de Galicia (ITG) e NTT Data co apoio da Administraci\u00f3n auton\u00f3mica.","breadcrumb":{"@id":"https:\/\/www.civiluavsinitiative.com\/la-xunta-destina-4-me-en-el-marco-del-polo-aeroespacial-para-implantar-un-laboratorio-5g-y-sistemas-de-ciberseguridad-en-galicia\/#breadcrumb"},"inLanguage":"gl-ES","potentialAction":[{"@type":"ReadAction","target":["https:\/\/www.civiluavsinitiative.com\/la-xunta-destina-4-me-en-el-marco-del-polo-aeroespacial-para-implantar-un-laboratorio-5g-y-sistemas-de-ciberseguridad-en-galicia\/"]}]},{"@type":"BreadcrumbList","@id":"https:\/\/www.civiluavsinitiative.com\/la-xunta-destina-4-me-en-el-marco-del-polo-aeroespacial-para-implantar-un-laboratorio-5g-y-sistemas-de-ciberseguridad-en-galicia\/#breadcrumb","itemListElement":[{"@type":"ListItem","position":1,"name":"Home","item":"https:\/\/www.civiluavsinitiative.com\/gl\/"},{"@type":"ListItem","position":2,"name":"A Xunta destina 4 M\u20ac no marco do Polo Aeroespacial para implantar un laboratorio 5G e sistemas de ciberseguridade en Galicia"}]},{"@type":"WebSite","@id":"https:\/\/www.civiluavsinitiative.com\/#website","url":"https:\/\/www.civiluavsinitiative.com\/","name":"Civil UAVs Initiative","description":"Civil UAVs Initiative, favorece y fomenta el emprendimiento innovador, con el fin de atraer y retener en Galicia talento en el sector aeroespacial.","potentialAction":[{"@type":"SearchAction","target":{"@type":"EntryPoint","urlTemplate":"https:\/\/www.civiluavsinitiative.com\/?s={search_term_string}"},"query-input":"required name=search_term_string"}],"inLanguage":"gl-ES"},{"@type":"Person","@id":"https:\/\/www.civiluavsinitiative.com\/#\/schema\/person\/58af028627c8c00ec53ba6f40d2f9bac","name":"pvillanueva","image":{"@type":"ImageObject","inLanguage":"gl-ES","@id":"https:\/\/www.civiluavsinitiative.com\/#\/schema\/person\/image\/","url":"https:\/\/secure.gravatar.com\/avatar\/26c228395505196df76a7de2e9ed4de6?s=96&d=mm&r=g","contentUrl":"https:\/\/secure.gravatar.com\/avatar\/26c228395505196df76a7de2e9ed4de6?s=96&d=mm&r=g","caption":"pvillanueva"}}]}},"_links":{"self":[{"href":"https:\/\/www.civiluavsinitiative.com\/gl\/wp-json\/wp\/v2\/posts\/40411"}],"collection":[{"href":"https:\/\/www.civiluavsinitiative.com\/gl\/wp-json\/wp\/v2\/posts"}],"about":[{"href":"https:\/\/www.civiluavsinitiative.com\/gl\/wp-json\/wp\/v2\/types\/post"}],"author":[{"embeddable":true,"href":"https:\/\/www.civiluavsinitiative.com\/gl\/wp-json\/wp\/v2\/users\/3"}],"replies":[{"embeddable":true,"href":"https:\/\/www.civiluavsinitiative.com\/gl\/wp-json\/wp\/v2\/comments?post=40411"}],"version-history":[{"count":1,"href":"https:\/\/www.civiluavsinitiative.com\/gl\/wp-json\/wp\/v2\/posts\/40411\/revisions"}],"predecessor-version":[{"id":40412,"href":"https:\/\/www.civiluavsinitiative.com\/gl\/wp-json\/wp\/v2\/posts\/40411\/revisions\/40412"}],"wp:featuredmedia":[{"embeddable":true,"href":"https:\/\/www.civiluavsinitiative.com\/gl\/wp-json\/wp\/v2\/media\/40409"}],"wp:attachment":[{"href":"https:\/\/www.civiluavsinitiative.com\/gl\/wp-json\/wp\/v2\/media?parent=40411"}],"wp:term":[{"taxonomy":"category","embeddable":true,"href":"https:\/\/www.civiluavsinitiative.com\/gl\/wp-json\/wp\/v2\/categories?post=40411"},{"taxonomy":"post_tag","embeddable":true,"href":"https:\/\/www.civiluavsinitiative.com\/gl\/wp-json\/wp\/v2\/tags?post=40411"}],"curies":[{"name":"wp","href":"https:\/\/api.w.org\/{rel}","templated":true}]}}