{"id":38190,"date":"2021-08-09T14:43:12","date_gmt":"2021-08-09T12:43:12","guid":{"rendered":"https:\/\/www.civiluavsinitiative.com\/?p=38190"},"modified":"2022-11-17T10:33:48","modified_gmt":"2022-11-17T09:33:48","slug":"a-xunta-publica-hoxe-a-licitacion-para-seleccionar-entre-catro-e-oito-socios-estratexicos-e-tecnoloxicos-para-o-polo-aeroespacial-de-galicia","status":"publish","type":"post","link":"https:\/\/www.civiluavsinitiative.com\/gl\/a-xunta-publica-hoxe-a-licitacion-para-seleccionar-entre-catro-e-oito-socios-estratexicos-e-tecnoloxicos-para-o-polo-aeroespacial-de-galicia\/","title":{"rendered":"A Xunta publica hoxe a licitaci\u00f3n para seleccionar entre catro e oito socios estrat\u00e9xicos e tecnol\u00f3xicos para o Polo Aeroespacial de Galicia"},"content":{"rendered":"<ul>\n<li>\n<h4>O prazo para a presentaci\u00f3n de solicitudes de participaci\u00f3n na fase previa do procedemento permanecer\u00e1 aberto o 10 de setembro<\/h4>\n<\/li>\n<li>\n<h4>Entre os obxectivos destacan o desenvolvemento de 80 proxectos de I+D e que xerar\u00e1n un efecto tractor sobre as pemes galegas, multiplicando a capacidade tecnol\u00f3xica de Galicia<\/h4>\n<\/li>\n<\/ul>\n<p><strong>Santiago de Compostela, 9 de agosto de 2021.-<\/strong> O Diario Oficial de Galicia (DOG) publica hoxe a <a href=\"https:\/\/www.xunta.gal\/dog\/Publicados\/2021\/20210809\/AnuncioG0198-300721-0001_gl.html\">licitaci\u00f3n<\/a> p\u00fablica para seleccionar entre catro e oito socios estrat\u00e9xicos e tecnol\u00f3xicos para o Polo Aeroespacial de Galicia, a primeira das 30 actuaci\u00f3ns previstas na Estratexia 2021-2025 da iniciativa. Cun orzamento de 40M\u20ac, o prazo de recepci\u00f3n de solicitudes para participar na fase previa deste proceso, impulsado pola Xunta de Galicia a trav\u00e9s da Axencia Galega de Innovaci\u00f3n (Gain), estar\u00e1 aberto ata o 10 de setembro e os interesados poden consultar o documento que regula as condici\u00f3ns da convocatoria na p\u00e1xina web <a href=\"http:\/\/www.civiluavsinitiative.com\/\">www.civiluavsinitiative.com<\/a>.<\/p>\n<p>As empresas que desexen participar no proceso deben cumprir varios requisitos e presentar ata un m\u00e1ximo de vinte servizos ou proxectos de I+D+i realizados nos \u00faltimos cinco anos.<\/p>\n<p>Esta licitaci\u00f3n ten por obxectivo xerar resultados como a sinatura de acordos de asociaci\u00f3n con entre 4 e 8 empresas tractoras, desenvolver 80 proxectos de I+D, constru\u00edr novos hangares no Parque Tecnol\u00f3xico e Industrial de Rozas e acadar un efecto tractor sobre 80 pemes galegas, multiplicando as\u00ed a capacidade tecnol\u00f3xica de Galicia.<\/p>\n<p>Esta licitaci\u00f3n abre grandes oportunidades para as empresas e centros de co\u00f1ecemento galegos que xa te\u00f1en participado en proxectos do Polo Aeroespacial de Galicia. Neste sentido, a Xunta de Galicia habilitou unha nova secci\u00f3n de Directorio na web da Civil UAVs Inititative para facer m\u00e1is accesible o contacto con estes axentes a todas aquelas empresas tractoras que aspiran a converterse en socios estrat\u00e9xicos do Goberno galego.<\/p>\n<p>A selecci\u00f3n de socios para os pr\u00f3ximos cinco anos do Polo Aeroespacial de Galicia realizarase mediante un proceso de di\u00e1logo competitivo. Rematada esta fase previa de solicitudes de participaci\u00f3n e documentaci\u00f3n, iniciarase un per\u00edodo de di\u00e1logo no que as empresas convidadas a participar \u2013un m\u00ednimo de 2 e un m\u00e1ximo de 10\u2013 deber\u00e1n presentar as s\u00faas propostas.<\/p>\n<p>Posteriormente, celebrarase a fase de peche de di\u00e1logo e selecci\u00f3n de programas conxuntos de interese preferente, na que as empresas deber\u00e1n presentar as propostas de soluci\u00f3n final; e a fase de peche financeiro, na que deber\u00e1n presentar a documentaci\u00f3n acreditativa da dispo\u00f1ibilidade e acceso a fontes de financiamento complementarias propostas.<\/p>\n<h4><strong>Regulaci\u00f3n de mobilidade<\/strong><\/h4>\n<p>Entre as novidades do proceso de licitaci\u00f3n, a Civil UAVs Initiative quere impulsar e po\u00f1er a disposici\u00f3n dos adxudicatarios o Centro de Investigaci\u00f3n Aeroportada de Rozas (CIAR) como un espazo de experimentaci\u00f3n nunha contorna segura para promover avances na regulaci\u00f3n.<\/p>\n<p>Deste xeito, as empresas licitadoras poder\u00e1n unirse ao <em>sandbox<\/em> de Rozas para explorar soluci\u00f3ns t\u00e9cnicas enfocadas a mellorar as operaci\u00f3ns de mobilidade a\u00e9rea que permitan abrir novas posibilidades regulatorias. As\u00ed, a Civil UAVs Inititive contrib\u00fae coas autoridades aeron\u00e1uticas reguladoras na definici\u00f3n dos requisitos para a realizaci\u00f3n dos ensaios e das futuras regulaci\u00f3ns que dar\u00e1n soporte \u00e1s operaci\u00f3ns comerciais con drons.<\/p>\n<p>Este <em>sandbox<\/em> dispor\u00e1 de sistemas de simulaci\u00f3n estrat\u00e9xica e t\u00e1ctica para as operaci\u00f3ns con veh\u00edculos non tripulados, un entorno de tecnolox\u00eda 4G e 5G para o seu uso como enlace de comunicaci\u00f3ns en operaci\u00f3ns BVLOS, sistemas de aterraxe e despegue vertical, micrometeorolox\u00eda e un sistema de ciberseguridade nas comunicaci\u00f3ns, entre outros.<\/p>\n<p>Os sistemas <em>sandbox<\/em> permiten co\u00f1ecer en maior profundidade as caracter\u00edsticas dun novo produto ou modelo de negocio, permiten afinar e axustar as innovaci\u00f3ns nun entorno de mercado, minimizan a inseguridade xur\u00eddica e contrib\u00faen a mellorar o acceso a investimentos ao ofrecer un marco seguro aos proxectos de innovaci\u00f3n; facilitan a colaboraci\u00f3n entre as administraci\u00f3ns p\u00fablicas, empresas e usuarios; e contrib\u00faen a modernizar o contexto regulatorio das actividades produtivas, asegurando sempre a protecci\u00f3n dos dereitos dos cidad\u00e1ns.<\/p>\n","protected":false},"excerpt":{"rendered":"<p>O prazo para a presentaci\u00f3n de solicitudes de participaci\u00f3n na fase previa do procedemento permanecer\u00e1 aberto o 10 de setembro Entre os obxectivos destacan o desenvolvemento de 80 proxectos de I+D e que xerar\u00e1n un efecto tractor sobre as pemes galegas, multiplicando a capacidade tecnol\u00f3xica de Galicia Santiago de Compostela, 9 de agosto de 2021.- [&hellip;]<\/p>\n","protected":false},"author":3,"featured_media":38156,"comment_status":"open","ping_status":"open","sticky":false,"template":"","format":"standard","meta":{"_et_pb_use_builder":"","_et_pb_old_content":"","_et_gb_content_width":""},"categories":[150],"tags":[303,304,307,314,302,313,306,360,358,359],"acf":[],"yoast_head":"<!-- This site is optimized with the Yoast SEO plugin v20.9 - https:\/\/yoast.com\/wordpress\/plugins\/seo\/ -->\n<title>A Xunta publica hoxe a licitaci\u00f3n para seleccionar entre catro e oito socios estrat\u00e9xicos e tecnol\u00f3xicos para o Polo Aeroespacial de Galicia - Civil UAVs Initiative<\/title>\n<meta name=\"robots\" content=\"index, follow, max-snippet:-1, max-image-preview:large, max-video-preview:-1\" \/>\n<link rel=\"canonical\" href=\"https:\/\/www.civiluavsinitiative.com\/la-xunta-publica-hoy-la-licitacion-para-seleccionar-entre-cuatro-y-ocho-socios-estrategicos-y-tecnologicos-para-el-polo-aeroespacial-de-galicia\/\" \/>\n<meta property=\"og:locale\" content=\"gl_ES\" \/>\n<meta property=\"og:type\" content=\"article\" \/>\n<meta property=\"og:title\" content=\"A Xunta publica hoxe a licitaci\u00f3n para seleccionar entre catro e oito socios estrat\u00e9xicos e tecnol\u00f3xicos para o Polo Aeroespacial de Galicia - Civil UAVs Initiative\" \/>\n<meta property=\"og:description\" content=\"O prazo para a presentaci\u00f3n de solicitudes de participaci\u00f3n na fase previa do procedemento permanecer\u00e1 aberto o 10 de setembro Entre os obxectivos destacan o desenvolvemento de 80 proxectos de I+D e que xerar\u00e1n un efecto tractor sobre as pemes galegas, multiplicando a capacidade tecnol\u00f3xica de Galicia Santiago de Compostela, 9 de agosto de 2021.- [&hellip;]\" \/>\n<meta property=\"og:url\" content=\"https:\/\/www.civiluavsinitiative.com\/la-xunta-publica-hoy-la-licitacion-para-seleccionar-entre-cuatro-y-ocho-socios-estrategicos-y-tecnologicos-para-el-polo-aeroespacial-de-galicia\/\" \/>\n<meta property=\"og:site_name\" content=\"Civil UAVs Initiative\" \/>\n<meta property=\"article:published_time\" content=\"2021-08-09T12:43:12+00:00\" \/>\n<meta property=\"article:modified_time\" content=\"2022-11-17T09:33:48+00:00\" \/>\n<meta property=\"og:image\" content=\"https:\/\/www.civiluavsinitiative.com\/wp-content\/uploads\/2021\/08\/Captura-de-pantalla-2021-07-14-134836.png\" \/>\n\t<meta property=\"og:image:width\" content=\"1502\" \/>\n\t<meta property=\"og:image:height\" content=\"812\" \/>\n\t<meta property=\"og:image:type\" content=\"image\/png\" \/>\n<meta name=\"author\" content=\"pvillanueva\" \/>\n<meta name=\"twitter:card\" content=\"summary_large_image\" \/>\n<meta name=\"twitter:label1\" content=\"Escrito por\" \/>\n\t<meta name=\"twitter:data1\" content=\"pvillanueva\" \/>\n\t<meta name=\"twitter:label2\" content=\"Tempo de lectura\" \/>\n\t<meta name=\"twitter:data2\" content=\"4 minutos\" \/>\n<script type=\"application\/ld+json\" class=\"yoast-schema-graph\">{\"@context\":\"https:\/\/schema.org\",\"@graph\":[{\"@type\":\"WebPage\",\"@id\":\"https:\/\/www.civiluavsinitiative.com\/la-xunta-publica-hoy-la-licitacion-para-seleccionar-entre-cuatro-y-ocho-socios-estrategicos-y-tecnologicos-para-el-polo-aeroespacial-de-galicia\/\",\"url\":\"https:\/\/www.civiluavsinitiative.com\/la-xunta-publica-hoy-la-licitacion-para-seleccionar-entre-cuatro-y-ocho-socios-estrategicos-y-tecnologicos-para-el-polo-aeroespacial-de-galicia\/\",\"name\":\"A Xunta publica hoxe a licitaci\u00f3n para seleccionar entre catro e oito socios estrat\u00e9xicos e tecnol\u00f3xicos para o Polo Aeroespacial de Galicia - Civil UAVs Initiative\",\"isPartOf\":{\"@id\":\"https:\/\/www.civiluavsinitiative.com\/#website\"},\"datePublished\":\"2021-08-09T12:43:12+00:00\",\"dateModified\":\"2022-11-17T09:33:48+00:00\",\"author\":{\"@id\":\"https:\/\/www.civiluavsinitiative.com\/#\/schema\/person\/58af028627c8c00ec53ba6f40d2f9bac\"},\"breadcrumb\":{\"@id\":\"https:\/\/www.civiluavsinitiative.com\/la-xunta-publica-hoy-la-licitacion-para-seleccionar-entre-cuatro-y-ocho-socios-estrategicos-y-tecnologicos-para-el-polo-aeroespacial-de-galicia\/#breadcrumb\"},\"inLanguage\":\"gl-ES\",\"potentialAction\":[{\"@type\":\"ReadAction\",\"target\":[\"https:\/\/www.civiluavsinitiative.com\/la-xunta-publica-hoy-la-licitacion-para-seleccionar-entre-cuatro-y-ocho-socios-estrategicos-y-tecnologicos-para-el-polo-aeroespacial-de-galicia\/\"]}]},{\"@type\":\"BreadcrumbList\",\"@id\":\"https:\/\/www.civiluavsinitiative.com\/la-xunta-publica-hoy-la-licitacion-para-seleccionar-entre-cuatro-y-ocho-socios-estrategicos-y-tecnologicos-para-el-polo-aeroespacial-de-galicia\/#breadcrumb\",\"itemListElement\":[{\"@type\":\"ListItem\",\"position\":1,\"name\":\"Home\",\"item\":\"https:\/\/www.civiluavsinitiative.com\/gl\/\"},{\"@type\":\"ListItem\",\"position\":2,\"name\":\"A Xunta publica hoxe a licitaci\u00f3n para seleccionar entre catro e oito socios estrat\u00e9xicos e tecnol\u00f3xicos para o Polo Aeroespacial de Galicia\"}]},{\"@type\":\"WebSite\",\"@id\":\"https:\/\/www.civiluavsinitiative.com\/#website\",\"url\":\"https:\/\/www.civiluavsinitiative.com\/\",\"name\":\"Civil UAVs Initiative\",\"description\":\"Civil UAVs Initiative, favorece y fomenta el emprendimiento innovador, con el fin de atraer y retener en Galicia talento en el sector aeroespacial.\",\"potentialAction\":[{\"@type\":\"SearchAction\",\"target\":{\"@type\":\"EntryPoint\",\"urlTemplate\":\"https:\/\/www.civiluavsinitiative.com\/?s={search_term_string}\"},\"query-input\":\"required name=search_term_string\"}],\"inLanguage\":\"gl-ES\"},{\"@type\":\"Person\",\"@id\":\"https:\/\/www.civiluavsinitiative.com\/#\/schema\/person\/58af028627c8c00ec53ba6f40d2f9bac\",\"name\":\"pvillanueva\",\"image\":{\"@type\":\"ImageObject\",\"inLanguage\":\"gl-ES\",\"@id\":\"https:\/\/www.civiluavsinitiative.com\/#\/schema\/person\/image\/\",\"url\":\"https:\/\/secure.gravatar.com\/avatar\/26c228395505196df76a7de2e9ed4de6?s=96&d=mm&r=g\",\"contentUrl\":\"https:\/\/secure.gravatar.com\/avatar\/26c228395505196df76a7de2e9ed4de6?s=96&d=mm&r=g\",\"caption\":\"pvillanueva\"}}]}<\/script>\n<!-- \/ Yoast SEO plugin. -->","yoast_head_json":{"title":"A Xunta publica hoxe a licitaci\u00f3n para seleccionar entre catro e oito socios estrat\u00e9xicos e tecnol\u00f3xicos para o Polo Aeroespacial de Galicia - Civil UAVs Initiative","robots":{"index":"index","follow":"follow","max-snippet":"max-snippet:-1","max-image-preview":"max-image-preview:large","max-video-preview":"max-video-preview:-1"},"canonical":"https:\/\/www.civiluavsinitiative.com\/la-xunta-publica-hoy-la-licitacion-para-seleccionar-entre-cuatro-y-ocho-socios-estrategicos-y-tecnologicos-para-el-polo-aeroespacial-de-galicia\/","og_locale":"gl_ES","og_type":"article","og_title":"A Xunta publica hoxe a licitaci\u00f3n para seleccionar entre catro e oito socios estrat\u00e9xicos e tecnol\u00f3xicos para o Polo Aeroespacial de Galicia - Civil UAVs Initiative","og_description":"O prazo para a presentaci\u00f3n de solicitudes de participaci\u00f3n na fase previa do procedemento permanecer\u00e1 aberto o 10 de setembro Entre os obxectivos destacan o desenvolvemento de 80 proxectos de I+D e que xerar\u00e1n un efecto tractor sobre as pemes galegas, multiplicando a capacidade tecnol\u00f3xica de Galicia Santiago de Compostela, 9 de agosto de 2021.- [&hellip;]","og_url":"https:\/\/www.civiluavsinitiative.com\/la-xunta-publica-hoy-la-licitacion-para-seleccionar-entre-cuatro-y-ocho-socios-estrategicos-y-tecnologicos-para-el-polo-aeroespacial-de-galicia\/","og_site_name":"Civil UAVs Initiative","article_published_time":"2021-08-09T12:43:12+00:00","article_modified_time":"2022-11-17T09:33:48+00:00","og_image":[{"width":1502,"height":812,"url":"https:\/\/www.civiluavsinitiative.com\/wp-content\/uploads\/2021\/08\/Captura-de-pantalla-2021-07-14-134836.png","type":"image\/png"}],"author":"pvillanueva","twitter_card":"summary_large_image","twitter_misc":{"Escrito por":"pvillanueva","Tempo de lectura":"4 minutos"},"schema":{"@context":"https:\/\/schema.org","@graph":[{"@type":"WebPage","@id":"https:\/\/www.civiluavsinitiative.com\/la-xunta-publica-hoy-la-licitacion-para-seleccionar-entre-cuatro-y-ocho-socios-estrategicos-y-tecnologicos-para-el-polo-aeroespacial-de-galicia\/","url":"https:\/\/www.civiluavsinitiative.com\/la-xunta-publica-hoy-la-licitacion-para-seleccionar-entre-cuatro-y-ocho-socios-estrategicos-y-tecnologicos-para-el-polo-aeroespacial-de-galicia\/","name":"A Xunta publica hoxe a licitaci\u00f3n para seleccionar entre catro e oito socios estrat\u00e9xicos e tecnol\u00f3xicos para o Polo Aeroespacial de Galicia - Civil UAVs Initiative","isPartOf":{"@id":"https:\/\/www.civiluavsinitiative.com\/#website"},"datePublished":"2021-08-09T12:43:12+00:00","dateModified":"2022-11-17T09:33:48+00:00","author":{"@id":"https:\/\/www.civiluavsinitiative.com\/#\/schema\/person\/58af028627c8c00ec53ba6f40d2f9bac"},"breadcrumb":{"@id":"https:\/\/www.civiluavsinitiative.com\/la-xunta-publica-hoy-la-licitacion-para-seleccionar-entre-cuatro-y-ocho-socios-estrategicos-y-tecnologicos-para-el-polo-aeroespacial-de-galicia\/#breadcrumb"},"inLanguage":"gl-ES","potentialAction":[{"@type":"ReadAction","target":["https:\/\/www.civiluavsinitiative.com\/la-xunta-publica-hoy-la-licitacion-para-seleccionar-entre-cuatro-y-ocho-socios-estrategicos-y-tecnologicos-para-el-polo-aeroespacial-de-galicia\/"]}]},{"@type":"BreadcrumbList","@id":"https:\/\/www.civiluavsinitiative.com\/la-xunta-publica-hoy-la-licitacion-para-seleccionar-entre-cuatro-y-ocho-socios-estrategicos-y-tecnologicos-para-el-polo-aeroespacial-de-galicia\/#breadcrumb","itemListElement":[{"@type":"ListItem","position":1,"name":"Home","item":"https:\/\/www.civiluavsinitiative.com\/gl\/"},{"@type":"ListItem","position":2,"name":"A Xunta publica hoxe a licitaci\u00f3n para seleccionar entre catro e oito socios estrat\u00e9xicos e tecnol\u00f3xicos para o Polo Aeroespacial de Galicia"}]},{"@type":"WebSite","@id":"https:\/\/www.civiluavsinitiative.com\/#website","url":"https:\/\/www.civiluavsinitiative.com\/","name":"Civil UAVs Initiative","description":"Civil UAVs Initiative, favorece y fomenta el emprendimiento innovador, con el fin de atraer y retener en Galicia talento en el sector aeroespacial.","potentialAction":[{"@type":"SearchAction","target":{"@type":"EntryPoint","urlTemplate":"https:\/\/www.civiluavsinitiative.com\/?s={search_term_string}"},"query-input":"required name=search_term_string"}],"inLanguage":"gl-ES"},{"@type":"Person","@id":"https:\/\/www.civiluavsinitiative.com\/#\/schema\/person\/58af028627c8c00ec53ba6f40d2f9bac","name":"pvillanueva","image":{"@type":"ImageObject","inLanguage":"gl-ES","@id":"https:\/\/www.civiluavsinitiative.com\/#\/schema\/person\/image\/","url":"https:\/\/secure.gravatar.com\/avatar\/26c228395505196df76a7de2e9ed4de6?s=96&d=mm&r=g","contentUrl":"https:\/\/secure.gravatar.com\/avatar\/26c228395505196df76a7de2e9ed4de6?s=96&d=mm&r=g","caption":"pvillanueva"}}]}},"_links":{"self":[{"href":"https:\/\/www.civiluavsinitiative.com\/gl\/wp-json\/wp\/v2\/posts\/38190"}],"collection":[{"href":"https:\/\/www.civiluavsinitiative.com\/gl\/wp-json\/wp\/v2\/posts"}],"about":[{"href":"https:\/\/www.civiluavsinitiative.com\/gl\/wp-json\/wp\/v2\/types\/post"}],"author":[{"embeddable":true,"href":"https:\/\/www.civiluavsinitiative.com\/gl\/wp-json\/wp\/v2\/users\/3"}],"replies":[{"embeddable":true,"href":"https:\/\/www.civiluavsinitiative.com\/gl\/wp-json\/wp\/v2\/comments?post=38190"}],"version-history":[{"count":1,"href":"https:\/\/www.civiluavsinitiative.com\/gl\/wp-json\/wp\/v2\/posts\/38190\/revisions"}],"predecessor-version":[{"id":38191,"href":"https:\/\/www.civiluavsinitiative.com\/gl\/wp-json\/wp\/v2\/posts\/38190\/revisions\/38191"}],"wp:featuredmedia":[{"embeddable":true,"href":"https:\/\/www.civiluavsinitiative.com\/gl\/wp-json\/wp\/v2\/media\/38156"}],"wp:attachment":[{"href":"https:\/\/www.civiluavsinitiative.com\/gl\/wp-json\/wp\/v2\/media?parent=38190"}],"wp:term":[{"taxonomy":"category","embeddable":true,"href":"https:\/\/www.civiluavsinitiative.com\/gl\/wp-json\/wp\/v2\/categories?post=38190"},{"taxonomy":"post_tag","embeddable":true,"href":"https:\/\/www.civiluavsinitiative.com\/gl\/wp-json\/wp\/v2\/tags?post=38190"}],"curies":[{"name":"wp","href":"https:\/\/api.w.org\/{rel}","templated":true}]}}