{"id":37855,"date":"2021-07-27T14:04:56","date_gmt":"2021-07-27T12:04:56","guid":{"rendered":"https:\/\/www.civiluavsinitiative.com\/?p=37855"},"modified":"2021-07-27T14:04:56","modified_gmt":"2021-07-27T12:04:56","slug":"a-xunta-pon-en-marcha-a-licitacion-para-seleccionar-entre-catro-e-oito-socios-estratexicos-e-tecnoloxicos-para-o-polo-aeroespacial-de-galicia","status":"publish","type":"post","link":"https:\/\/www.civiluavsinitiative.com\/gl\/a-xunta-pon-en-marcha-a-licitacion-para-seleccionar-entre-catro-e-oito-socios-estratexicos-e-tecnoloxicos-para-o-polo-aeroespacial-de-galicia\/","title":{"rendered":"A Xunta pon en marcha a licitaci\u00f3n para seleccionar entre catro e oito socios estrat\u00e9xicos e tecnol\u00f3xicos para o Polo Aeroespacial de Galicia"},"content":{"rendered":"<ul>\n<li>\n<h4>O vicepresidente segundo e conselleiro de Econom\u00eda, Empresa e Innovaci\u00f3n, Francisco Conde, presentou hoxe en Santiago esta actuaci\u00f3n coa que, a trav\u00e9s dun investimento de 40 mill\u00f3ns de euros, se pretenden desenvolver preto de 80 proxectos de I+D<\/h4>\n<\/li>\n<li>\n<h4>O Goberno galego xa ten comprometidos 70M\u20ac para a nova Estratexia do Polo Aeroespacial 2021-2025 para conseguir, entre outros obxectivos, a creaci\u00f3n de 24 novas empresas e comercializaci\u00f3n de novos produtos e tecnolox\u00edas innovadoras a nivel internacional<\/h4>\n<\/li>\n<\/ul>\n<p>Santiago de Compostela, 27 de xullo de 2021.- O vicepresidente segundo e conselleiro de Econom\u00eda, Empresa e Innovaci\u00f3n, Francisco Conde, participou esta ma\u00f1\u00e1 na sede da Axencia Galega de Innovaci\u00f3n (Gain) na presentaci\u00f3n do proceso de licitaci\u00f3n para a selecci\u00f3n de socios estrat\u00e9xicos e tecnol\u00f3xicos do Polo Aeroespacial de Galicia 2021-2025, a primeira das 30 actuaci\u00f3ns contempladas na nova Estratexia.<\/p>\n<p>Esta convocatoria, aprobada polo Consello da Xunta de Galicia a pasada semana, conta cun orzamento de 40M\u20ac co obxectivo de firmar entre catro e oito acordos de asociaci\u00f3n e desenvolver ao redor de 80 proxectos de I+D. Entre as novidades deste proceso con respecto ao per\u00edodo anterior, tal e como explicou Conde, radica en que a f\u00f3rmula que se empregar\u00e1 ser\u00e1 a licitaci\u00f3n de compra p\u00fablica precomercial co obxectivo de desenvolver tecnolox\u00edas ao redor dos sistemas non tripulados.<\/p>\n<p>Neste sentido, os pregos da licitaci\u00f3n contemplan unha etapa de peche financeiro ao longo do ano 2022, na que tanto Xunta como licitadores poder\u00e1n comprometer maiores fondos para a execuci\u00f3n dos programas conxuntos de I+D, mantendo as portas abertas \u00e1 canalizaci\u00f3n de maior financiamento unha vez se resolvan as incertezas sobre o papel das comunidades aut\u00f3nomas nos fondos europeos Next Generation.<\/p>\n<p>Esta nova licitaci\u00f3n reafirma o \u00e9xito do modelo de colaboraci\u00f3n entre o sector p\u00fablico e o privado a trav\u00e9s da implicaci\u00f3n de administraci\u00f3ns e empresas \u2013incorporando tam\u00e9n \u00e1s pemes\u2013, centros de co\u00f1ecemento e as tres universidades galegas. \u201c\u00c9 unha f\u00f3rmula pola que temos como ambici\u00f3n mobilizar m\u00e1is de 500M\u20ac e, por tanto, consolidar as\u00ed o Polo Aeroespacial de Galicia\u201d, destacou o vicepresidente econ\u00f3mico, pois o orzamento final queda condicionado \u00e1 captaci\u00f3n de investimento a trav\u00e9s dos fondos europeos.<\/p>\n<p>As\u00ed, os grandes desaf\u00edos que se intentar\u00e1n abordar a trav\u00e9s deste modelo de colaboraci\u00f3n p\u00fablico-privada ser\u00e1n o ecol\u00f3xico \u2013a trav\u00e9s do control e a xesti\u00f3n da biodiversidade, tanto da fauna como da auga\u2013, a transformaci\u00f3n dixital \u2013con especial atenci\u00f3n \u00e1 dependencia ou a sectores clave da econom\u00eda galega como o agrario ou o tur\u00edstico\u2013, as\u00ed como o reto demogr\u00e1fico, patrimonial e tur\u00edstico, incidindo na sanidade rural ou a xesti\u00f3n eficiente do territorio e o patrimonio.<\/p>\n<p>\u201cSomos conscientes dos retos que hai por diante e por iso pensamos que o Polo ten que conservar esa vocaci\u00f3n de innovaci\u00f3n e colaboraci\u00f3n aberta\u201d, salientou Conde, ao mesmo tempo que indicou que as principais empresas do sector xa te\u00f1en mostrado o seu interese por formar parte do Polo Aeroespacial de Galicia 2021-2025.<\/p>\n<p><strong>Principais obxectivos<\/strong><\/p>\n<p>O Polo Aeroespacial de Galicia comeza agora unha nova etapa na que o Goberno galego xa ten comprometidos 70M\u20ac. As\u00ed, os principais obxectivos actuais pasan pola consolidaci\u00f3n da pegada industrial ao redor do sector aeroespacial, coa creaci\u00f3n de 24 novas empresas; a proxecci\u00f3n internacional a trav\u00e9s da comercializaci\u00f3n de novos produtos e tecnolox\u00edas innovadoras \u2013para o que se contar\u00e1 coa colaboraci\u00f3n do Instituto Galego de Promoci\u00f3n Econ\u00f3mica (Igape)\u2013; e a xeraci\u00f3n de emprego cualificado.<\/p>\n<p>Nos seus primeiros cinco anos de vida, o Polo Aeroespacial favoreceu xa a mobilizaci\u00f3n de 164M\u20ac, situando a Galicia como a rexi\u00f3n de referencia neste novo sector de alta tecnolox\u00eda, da man de empresas tractoras como Indra, Babcock e Boeing e a implicaci\u00f3n de m\u00e1is de 900 profesionais.<\/p>\n<p>Ademais, desenvolv\u00e9ronse un total de 655 soluci\u00f3ns tecnol\u00f3xicas e produtos dos que ao redor de 60 xa est\u00e1n no mercado, como un sistema de detecci\u00f3n e seguimento de pragas forestais; outro de xesti\u00f3n do territorio; un sistema autom\u00e1tico de mostraxe de augas en encoros; outro de xesti\u00f3n de incendios; e mesmo un para a atenci\u00f3n de peregrinos no Cami\u00f1o de Santiago en parada cardio-respiratoria. \u201cEstes proxectos son un exemplo da carteira de tecnolox\u00edas relacionadas cos drons en Galicia, situ\u00e1ndoa como un referente no sector aeron\u00e1utico\u201d, sinalou Conde.<\/p>\n","protected":false},"excerpt":{"rendered":"<p>O vicepresidente segundo e conselleiro de Econom\u00eda, Empresa e Innovaci\u00f3n, Francisco Conde, presentou hoxe en Santiago esta actuaci\u00f3n coa que, a trav\u00e9s dun investimento de 40 mill\u00f3ns de euros, se pretenden desenvolver preto de 80 proxectos de I+D O Goberno galego xa ten comprometidos 70M\u20ac para a nova Estratexia do Polo Aeroespacial 2021-2025 para conseguir, [&hellip;]<\/p>\n","protected":false},"author":3,"featured_media":37853,"comment_status":"open","ping_status":"open","sticky":false,"template":"","format":"standard","meta":{"_et_pb_use_builder":"","_et_pb_old_content":"","_et_gb_content_width":""},"categories":[150],"tags":[328,307,315,329,313,306,327,330,311],"acf":[],"yoast_head":"<!-- This site is optimized with the Yoast SEO plugin v20.9 - https:\/\/yoast.com\/wordpress\/plugins\/seo\/ -->\n<title>A Xunta pon en marcha a licitaci\u00f3n para seleccionar entre catro e oito socios estrat\u00e9xicos e tecnol\u00f3xicos para o Polo Aeroespacial de Galicia - Civil UAVs Initiative<\/title>\n<meta name=\"robots\" content=\"index, follow, max-snippet:-1, max-image-preview:large, max-video-preview:-1\" \/>\n<link rel=\"canonical\" href=\"https:\/\/www.civiluavsinitiative.com\/gl\/a-xunta-pon-en-marcha-a-licitacion-para-seleccionar-entre-catro-e-oito-socios-estratexicos-e-tecnoloxicos-para-o-polo-aeroespacial-de-galicia\/\" \/>\n<meta property=\"og:locale\" content=\"gl_ES\" \/>\n<meta property=\"og:type\" content=\"article\" \/>\n<meta property=\"og:title\" content=\"A Xunta pon en marcha a licitaci\u00f3n para seleccionar entre catro e oito socios estrat\u00e9xicos e tecnol\u00f3xicos para o Polo Aeroespacial de Galicia - Civil UAVs Initiative\" \/>\n<meta property=\"og:description\" content=\"O vicepresidente segundo e conselleiro de Econom\u00eda, Empresa e Innovaci\u00f3n, Francisco Conde, presentou hoxe en Santiago esta actuaci\u00f3n coa que, a trav\u00e9s dun investimento de 40 mill\u00f3ns de euros, se pretenden desenvolver preto de 80 proxectos de I+D O Goberno galego xa ten comprometidos 70M\u20ac para a nova Estratexia do Polo Aeroespacial 2021-2025 para conseguir, [&hellip;]\" \/>\n<meta property=\"og:url\" content=\"https:\/\/www.civiluavsinitiative.com\/gl\/a-xunta-pon-en-marcha-a-licitacion-para-seleccionar-entre-catro-e-oito-socios-estratexicos-e-tecnoloxicos-para-o-polo-aeroespacial-de-galicia\/\" \/>\n<meta property=\"og:site_name\" content=\"Civil UAVs Initiative\" \/>\n<meta property=\"article:published_time\" content=\"2021-07-27T12:04:56+00:00\" \/>\n<meta property=\"og:image\" content=\"https:\/\/www.civiluavsinitiative.com\/wp-content\/uploads\/2021\/07\/IMG_4276-e1627387441868.jpg\" \/>\n\t<meta property=\"og:image:width\" content=\"4032\" \/>\n\t<meta property=\"og:image:height\" content=\"3024\" \/>\n\t<meta property=\"og:image:type\" content=\"image\/jpeg\" \/>\n<meta name=\"author\" content=\"pvillanueva\" \/>\n<meta name=\"twitter:card\" content=\"summary_large_image\" \/>\n<meta name=\"twitter:label1\" content=\"Escrito por\" \/>\n\t<meta name=\"twitter:data1\" content=\"pvillanueva\" \/>\n\t<meta name=\"twitter:label2\" content=\"Tempo de lectura\" \/>\n\t<meta name=\"twitter:data2\" content=\"4 minutos\" \/>\n<script type=\"application\/ld+json\" class=\"yoast-schema-graph\">{\"@context\":\"https:\/\/schema.org\",\"@graph\":[{\"@type\":\"WebPage\",\"@id\":\"https:\/\/www.civiluavsinitiative.com\/gl\/a-xunta-pon-en-marcha-a-licitacion-para-seleccionar-entre-catro-e-oito-socios-estratexicos-e-tecnoloxicos-para-o-polo-aeroespacial-de-galicia\/\",\"url\":\"https:\/\/www.civiluavsinitiative.com\/gl\/a-xunta-pon-en-marcha-a-licitacion-para-seleccionar-entre-catro-e-oito-socios-estratexicos-e-tecnoloxicos-para-o-polo-aeroespacial-de-galicia\/\",\"name\":\"A Xunta pon en marcha a licitaci\u00f3n para seleccionar entre catro e oito socios estrat\u00e9xicos e tecnol\u00f3xicos para o Polo Aeroespacial de Galicia - Civil UAVs Initiative\",\"isPartOf\":{\"@id\":\"https:\/\/www.civiluavsinitiative.com\/#website\"},\"datePublished\":\"2021-07-27T12:04:56+00:00\",\"dateModified\":\"2021-07-27T12:04:56+00:00\",\"author\":{\"@id\":\"https:\/\/www.civiluavsinitiative.com\/#\/schema\/person\/58af028627c8c00ec53ba6f40d2f9bac\"},\"breadcrumb\":{\"@id\":\"https:\/\/www.civiluavsinitiative.com\/gl\/a-xunta-pon-en-marcha-a-licitacion-para-seleccionar-entre-catro-e-oito-socios-estratexicos-e-tecnoloxicos-para-o-polo-aeroespacial-de-galicia\/#breadcrumb\"},\"inLanguage\":\"gl-ES\",\"potentialAction\":[{\"@type\":\"ReadAction\",\"target\":[\"https:\/\/www.civiluavsinitiative.com\/gl\/a-xunta-pon-en-marcha-a-licitacion-para-seleccionar-entre-catro-e-oito-socios-estratexicos-e-tecnoloxicos-para-o-polo-aeroespacial-de-galicia\/\"]}]},{\"@type\":\"BreadcrumbList\",\"@id\":\"https:\/\/www.civiluavsinitiative.com\/gl\/a-xunta-pon-en-marcha-a-licitacion-para-seleccionar-entre-catro-e-oito-socios-estratexicos-e-tecnoloxicos-para-o-polo-aeroespacial-de-galicia\/#breadcrumb\",\"itemListElement\":[{\"@type\":\"ListItem\",\"position\":1,\"name\":\"Home\",\"item\":\"https:\/\/www.civiluavsinitiative.com\/gl\/\"},{\"@type\":\"ListItem\",\"position\":2,\"name\":\"A Xunta pon en marcha a licitaci\u00f3n para seleccionar entre catro e oito socios estrat\u00e9xicos e tecnol\u00f3xicos para o Polo Aeroespacial de Galicia\"}]},{\"@type\":\"WebSite\",\"@id\":\"https:\/\/www.civiluavsinitiative.com\/#website\",\"url\":\"https:\/\/www.civiluavsinitiative.com\/\",\"name\":\"Civil UAVs Initiative\",\"description\":\"Civil UAVs Initiative, favorece y fomenta el emprendimiento innovador, con el fin de atraer y retener en Galicia talento en el sector aeroespacial.\",\"potentialAction\":[{\"@type\":\"SearchAction\",\"target\":{\"@type\":\"EntryPoint\",\"urlTemplate\":\"https:\/\/www.civiluavsinitiative.com\/?s={search_term_string}\"},\"query-input\":\"required name=search_term_string\"}],\"inLanguage\":\"gl-ES\"},{\"@type\":\"Person\",\"@id\":\"https:\/\/www.civiluavsinitiative.com\/#\/schema\/person\/58af028627c8c00ec53ba6f40d2f9bac\",\"name\":\"pvillanueva\",\"image\":{\"@type\":\"ImageObject\",\"inLanguage\":\"gl-ES\",\"@id\":\"https:\/\/www.civiluavsinitiative.com\/#\/schema\/person\/image\/\",\"url\":\"https:\/\/secure.gravatar.com\/avatar\/26c228395505196df76a7de2e9ed4de6?s=96&d=mm&r=g\",\"contentUrl\":\"https:\/\/secure.gravatar.com\/avatar\/26c228395505196df76a7de2e9ed4de6?s=96&d=mm&r=g\",\"caption\":\"pvillanueva\"}}]}<\/script>\n<!-- \/ Yoast SEO plugin. -->","yoast_head_json":{"title":"A Xunta pon en marcha a licitaci\u00f3n para seleccionar entre catro e oito socios estrat\u00e9xicos e tecnol\u00f3xicos para o Polo Aeroespacial de Galicia - Civil UAVs Initiative","robots":{"index":"index","follow":"follow","max-snippet":"max-snippet:-1","max-image-preview":"max-image-preview:large","max-video-preview":"max-video-preview:-1"},"canonical":"https:\/\/www.civiluavsinitiative.com\/gl\/a-xunta-pon-en-marcha-a-licitacion-para-seleccionar-entre-catro-e-oito-socios-estratexicos-e-tecnoloxicos-para-o-polo-aeroespacial-de-galicia\/","og_locale":"gl_ES","og_type":"article","og_title":"A Xunta pon en marcha a licitaci\u00f3n para seleccionar entre catro e oito socios estrat\u00e9xicos e tecnol\u00f3xicos para o Polo Aeroespacial de Galicia - Civil UAVs Initiative","og_description":"O vicepresidente segundo e conselleiro de Econom\u00eda, Empresa e Innovaci\u00f3n, Francisco Conde, presentou hoxe en Santiago esta actuaci\u00f3n coa que, a trav\u00e9s dun investimento de 40 mill\u00f3ns de euros, se pretenden desenvolver preto de 80 proxectos de I+D O Goberno galego xa ten comprometidos 70M\u20ac para a nova Estratexia do Polo Aeroespacial 2021-2025 para conseguir, [&hellip;]","og_url":"https:\/\/www.civiluavsinitiative.com\/gl\/a-xunta-pon-en-marcha-a-licitacion-para-seleccionar-entre-catro-e-oito-socios-estratexicos-e-tecnoloxicos-para-o-polo-aeroespacial-de-galicia\/","og_site_name":"Civil UAVs Initiative","article_published_time":"2021-07-27T12:04:56+00:00","og_image":[{"width":4032,"height":3024,"url":"https:\/\/www.civiluavsinitiative.com\/wp-content\/uploads\/2021\/07\/IMG_4276-e1627387441868.jpg","type":"image\/jpeg"}],"author":"pvillanueva","twitter_card":"summary_large_image","twitter_misc":{"Escrito por":"pvillanueva","Tempo de lectura":"4 minutos"},"schema":{"@context":"https:\/\/schema.org","@graph":[{"@type":"WebPage","@id":"https:\/\/www.civiluavsinitiative.com\/gl\/a-xunta-pon-en-marcha-a-licitacion-para-seleccionar-entre-catro-e-oito-socios-estratexicos-e-tecnoloxicos-para-o-polo-aeroespacial-de-galicia\/","url":"https:\/\/www.civiluavsinitiative.com\/gl\/a-xunta-pon-en-marcha-a-licitacion-para-seleccionar-entre-catro-e-oito-socios-estratexicos-e-tecnoloxicos-para-o-polo-aeroespacial-de-galicia\/","name":"A Xunta pon en marcha a licitaci\u00f3n para seleccionar entre catro e oito socios estrat\u00e9xicos e tecnol\u00f3xicos para o Polo Aeroespacial de Galicia - Civil UAVs Initiative","isPartOf":{"@id":"https:\/\/www.civiluavsinitiative.com\/#website"},"datePublished":"2021-07-27T12:04:56+00:00","dateModified":"2021-07-27T12:04:56+00:00","author":{"@id":"https:\/\/www.civiluavsinitiative.com\/#\/schema\/person\/58af028627c8c00ec53ba6f40d2f9bac"},"breadcrumb":{"@id":"https:\/\/www.civiluavsinitiative.com\/gl\/a-xunta-pon-en-marcha-a-licitacion-para-seleccionar-entre-catro-e-oito-socios-estratexicos-e-tecnoloxicos-para-o-polo-aeroespacial-de-galicia\/#breadcrumb"},"inLanguage":"gl-ES","potentialAction":[{"@type":"ReadAction","target":["https:\/\/www.civiluavsinitiative.com\/gl\/a-xunta-pon-en-marcha-a-licitacion-para-seleccionar-entre-catro-e-oito-socios-estratexicos-e-tecnoloxicos-para-o-polo-aeroespacial-de-galicia\/"]}]},{"@type":"BreadcrumbList","@id":"https:\/\/www.civiluavsinitiative.com\/gl\/a-xunta-pon-en-marcha-a-licitacion-para-seleccionar-entre-catro-e-oito-socios-estratexicos-e-tecnoloxicos-para-o-polo-aeroespacial-de-galicia\/#breadcrumb","itemListElement":[{"@type":"ListItem","position":1,"name":"Home","item":"https:\/\/www.civiluavsinitiative.com\/gl\/"},{"@type":"ListItem","position":2,"name":"A Xunta pon en marcha a licitaci\u00f3n para seleccionar entre catro e oito socios estrat\u00e9xicos e tecnol\u00f3xicos para o Polo Aeroespacial de Galicia"}]},{"@type":"WebSite","@id":"https:\/\/www.civiluavsinitiative.com\/#website","url":"https:\/\/www.civiluavsinitiative.com\/","name":"Civil UAVs Initiative","description":"Civil UAVs Initiative, favorece y fomenta el emprendimiento innovador, con el fin de atraer y retener en Galicia talento en el sector aeroespacial.","potentialAction":[{"@type":"SearchAction","target":{"@type":"EntryPoint","urlTemplate":"https:\/\/www.civiluavsinitiative.com\/?s={search_term_string}"},"query-input":"required name=search_term_string"}],"inLanguage":"gl-ES"},{"@type":"Person","@id":"https:\/\/www.civiluavsinitiative.com\/#\/schema\/person\/58af028627c8c00ec53ba6f40d2f9bac","name":"pvillanueva","image":{"@type":"ImageObject","inLanguage":"gl-ES","@id":"https:\/\/www.civiluavsinitiative.com\/#\/schema\/person\/image\/","url":"https:\/\/secure.gravatar.com\/avatar\/26c228395505196df76a7de2e9ed4de6?s=96&d=mm&r=g","contentUrl":"https:\/\/secure.gravatar.com\/avatar\/26c228395505196df76a7de2e9ed4de6?s=96&d=mm&r=g","caption":"pvillanueva"}}]}},"_links":{"self":[{"href":"https:\/\/www.civiluavsinitiative.com\/gl\/wp-json\/wp\/v2\/posts\/37855"}],"collection":[{"href":"https:\/\/www.civiluavsinitiative.com\/gl\/wp-json\/wp\/v2\/posts"}],"about":[{"href":"https:\/\/www.civiluavsinitiative.com\/gl\/wp-json\/wp\/v2\/types\/post"}],"author":[{"embeddable":true,"href":"https:\/\/www.civiluavsinitiative.com\/gl\/wp-json\/wp\/v2\/users\/3"}],"replies":[{"embeddable":true,"href":"https:\/\/www.civiluavsinitiative.com\/gl\/wp-json\/wp\/v2\/comments?post=37855"}],"version-history":[{"count":1,"href":"https:\/\/www.civiluavsinitiative.com\/gl\/wp-json\/wp\/v2\/posts\/37855\/revisions"}],"predecessor-version":[{"id":37856,"href":"https:\/\/www.civiluavsinitiative.com\/gl\/wp-json\/wp\/v2\/posts\/37855\/revisions\/37856"}],"wp:featuredmedia":[{"embeddable":true,"href":"https:\/\/www.civiluavsinitiative.com\/gl\/wp-json\/wp\/v2\/media\/37853"}],"wp:attachment":[{"href":"https:\/\/www.civiluavsinitiative.com\/gl\/wp-json\/wp\/v2\/media?parent=37855"}],"wp:term":[{"taxonomy":"category","embeddable":true,"href":"https:\/\/www.civiluavsinitiative.com\/gl\/wp-json\/wp\/v2\/categories?post=37855"},{"taxonomy":"post_tag","embeddable":true,"href":"https:\/\/www.civiluavsinitiative.com\/gl\/wp-json\/wp\/v2\/tags?post=37855"}],"curies":[{"name":"wp","href":"https:\/\/api.w.org\/{rel}","templated":true}]}}