{"id":37816,"date":"2021-07-09T14:44:19","date_gmt":"2021-07-09T12:44:19","guid":{"rendered":"https:\/\/www.civiluavsinitiative.com\/?p=37816"},"modified":"2022-11-17T10:34:21","modified_gmt":"2022-11-17T09:34:21","slug":"a-xunta-inclue-no-marco-do-polo-aeroespacial-2025-axudas-para-a-internacionalizacion-das-empresas-galegas-vencelladas-a-este-sector-industrial","status":"publish","type":"post","link":"https:\/\/www.civiluavsinitiative.com\/gl\/a-xunta-inclue-no-marco-do-polo-aeroespacial-2025-axudas-para-a-internacionalizacion-das-empresas-galegas-vencelladas-a-este-sector-industrial\/","title":{"rendered":"A Xunta incl\u00fae, no marco do Polo Aeroespacial 2025, axudas para a internacionalizaci\u00f3n das empresas galegas vencelladas a este sector industrial"},"content":{"rendered":"<ul>\n<li>\n<h4>O vicepresidente segundo e conselleiro de Econom\u00eda, Empresa e Innovaci\u00f3n, Francisco Conde, participou esta ma\u00f1\u00e1 nas demostraci\u00f3ns a\u00e9reas celebradas no aer\u00f3dromo de Rozas con motivo de Unvex\u201921<\/h4>\n<\/li>\n<li>\n<h4><span lang=\"ES\">A nova licitaci\u00f3n por 40M\u20ac para atraer entre catro e oito novos socios estrat\u00e9xicos e tecnol\u00f3xicos permitir\u00e1 \u00e1s pemes galegas incorporarse \u00e1s cadeas de valor de grandes empresas tractoras<\/span><\/h4>\n<\/li>\n<\/ul>\n<p><strong>Castro de Rei (Lugo), 9 de xullo de 2021.-<\/strong> O vicepresidente econ\u00f3mico e conselleiro de Econom\u00eda, Empresa e Innovaci\u00f3n, Francisco Conde, avanzou que, no marco do Polo Aeroespacial de Galicia 2025, a Xunta incl\u00fae axudas para a internacionalizaci\u00f3n das empresas galegas vinculadas a este sector industrial. Anunciou este novo compromiso do Goberno galego durante a visita desta ma\u00f1\u00e1 ao aer\u00f3dromo de Rozas, na que presenciou as demostraci\u00f3ns a\u00e9reas que se celebraron dentro da programaci\u00f3n de Unvex\u201921, o maior evento de veh\u00edculos a\u00e9reos non tripulados en Espa\u00f1a que por primeira vez se celebra en Galicia.<\/p>\n<p>Conde tam\u00e9n lembrou que ser\u00e1 ao longo deste mes de xullo cando se faga p\u00fablica a licitaci\u00f3n para os novos socios estrat\u00e9xicos e tecnol\u00f3xicos que queiran participar no Polo Aeroespacial, cun orzamento inicial de 40M\u20ac a trav\u00e9s dos que se prev\u00e9 asinar entre catro e oitos acordos de asociaci\u00f3n. Entre as novidades destaca o obxectivo de atraer outros fondos p\u00fablicos para o desenvolvemento de proxectos de I+D e que se por\u00e1 o foco na xeraci\u00f3n de pegada industrial para que as pemes poidan incorporarse \u00e1s cadeas de valor das grandes empresas tractoras.<\/p>\n<p>Ademais, no marco do Polo Aeroespacial 2025, introduciranse mecanismos para facilitar o desenvolvemento industrial e a comercializaci\u00f3n internacional de produtos e tecnolox\u00edas desenvolvidas polo sector aeroespacial de Galicia. As\u00ed, crearase un marco de axudas para a internacionalizaci\u00f3n das empresas galegas deste \u00e1mbito que incluir\u00e1n financiamento para exportaci\u00f3ns, misi\u00f3ns comerciais, atracci\u00f3n de investimento e creaci\u00f3n de novos mercados.<\/p>\n<p>\u201cA Xunta vai seguir traballando para que o aeron\u00e1utico siga sendo un sector de oportunidades e tam\u00e9n para atraer fondos europeos vinculados aos Next Generation para que Galicia siga sendo un referente neste eido e se sit\u00fae \u00e1 vangarda\u201d, explicou o vicepresidente econ\u00f3mico.<\/p>\n<p>Conde puxo en valor os resultados obtidos no Polo Aeroespacial de Galicia desde a s\u00faa posta en marcha, grazas \u00e1 colaboraci\u00f3n p\u00fablico-privada e a trav\u00e9s dun instrumento como a compra p\u00fablica innovadora. As\u00ed, neste per\u00edodo mobiliz\u00e1ronse 164M\u20ac, execut\u00e1ronse 59 proxectos de I+D, participaron 50 empresas e centros galegos de I+D e obtiv\u00e9ronse 655 resultados dos que 62 est\u00e1n no mercado. Ademais, o Polo estase consolidando como parque industrial e tecnol\u00f3xico e proximamente contar\u00e1 cun entorno de simulaci\u00f3n grazas \u00e1 colaboraci\u00f3n do Centro para el desarrollo Tecnol\u00f3gico e Industrial (CDTI).<\/p>\n<p>Unha mostra deste traballo p\u00faidose co\u00f1ecer na xornada de hoxe que acolleu demostraci\u00f3ns de empresas que colaboran no Polo Aeroespacial de Galicia. En concreto de Indra \u2013con Mantis EQF para misi\u00f3ns de intelixencia, vixilancia, adquisici\u00f3n de obxectivos e reco\u00f1ecementos e o Targus, o maior dron non tripulado de uso civil de Espa\u00f1a\u2013, Gradiant \u2013co sistema C-UAV para a protecci\u00f3n de persoas e infraestruturas das ameazas fronte actividades ilegais dos drons\u2013; Sistem \u2013co sistema Fulmar View que xa conseguiu os primeiros contratos para o control do tr\u00e1fico\u2013; Aeroc\u00e1maras \u2013con Aerohyb Hexa, de uso na industria, agricultura, enerx\u00edas, rescate e emerxencias, as\u00ed como no sector audiovisual\u2013; e UAV Work \u2013que est\u00e1 desenvolvendo, no marco da BFAero, avi\u00f3ns de despegue vertical para patrullaxe ou transporte de pequenas mercador\u00edas\u2013.<\/p>\n","protected":false},"excerpt":{"rendered":"<p>O vicepresidente segundo e conselleiro de Econom\u00eda, Empresa e Innovaci\u00f3n, Francisco Conde, participou esta ma\u00f1\u00e1 nas demostraci\u00f3ns a\u00e9reas celebradas no aer\u00f3dromo de Rozas con motivo de Unvex\u201921 A nova licitaci\u00f3n por 40M\u20ac para atraer entre catro e oito novos socios estrat\u00e9xicos e tecnol\u00f3xicos permitir\u00e1 \u00e1s pemes galegas incorporarse \u00e1s cadeas de valor de grandes empresas [&hellip;]<\/p>\n","protected":false},"author":3,"featured_media":37817,"comment_status":"open","ping_status":"open","sticky":false,"template":"","format":"standard","meta":{"_et_pb_use_builder":"","_et_pb_old_content":"","_et_gb_content_width":""},"categories":[150],"tags":[307,314,315,313,306,305],"acf":[],"yoast_head":"<!-- This site is optimized with the Yoast SEO plugin v20.9 - https:\/\/yoast.com\/wordpress\/plugins\/seo\/ -->\n<title>A Xunta incl\u00fae, no marco do Polo Aeroespacial 2025, axudas para a internacionalizaci\u00f3n das empresas galegas vencelladas a este sector industrial - Civil UAVs Initiative<\/title>\n<meta name=\"robots\" content=\"index, follow, max-snippet:-1, max-image-preview:large, max-video-preview:-1\" \/>\n<link rel=\"canonical\" href=\"https:\/\/www.civiluavsinitiative.com\/gl\/a-xunta-inclue-no-marco-do-polo-aeroespacial-2025-axudas-para-a-internacionalizacion-das-empresas-galegas-vencelladas-a-este-sector-industrial\/\" \/>\n<meta property=\"og:locale\" content=\"gl_ES\" \/>\n<meta property=\"og:type\" content=\"article\" \/>\n<meta property=\"og:title\" content=\"A Xunta incl\u00fae, no marco do Polo Aeroespacial 2025, axudas para a internacionalizaci\u00f3n das empresas galegas vencelladas a este sector industrial - Civil UAVs Initiative\" \/>\n<meta property=\"og:description\" content=\"O vicepresidente segundo e conselleiro de Econom\u00eda, Empresa e Innovaci\u00f3n, Francisco Conde, participou esta ma\u00f1\u00e1 nas demostraci\u00f3ns a\u00e9reas celebradas no aer\u00f3dromo de Rozas con motivo de Unvex\u201921 A nova licitaci\u00f3n por 40M\u20ac para atraer entre catro e oito novos socios estrat\u00e9xicos e tecnol\u00f3xicos permitir\u00e1 \u00e1s pemes galegas incorporarse \u00e1s cadeas de valor de grandes empresas [&hellip;]\" \/>\n<meta property=\"og:url\" content=\"https:\/\/www.civiluavsinitiative.com\/gl\/a-xunta-inclue-no-marco-do-polo-aeroespacial-2025-axudas-para-a-internacionalizacion-das-empresas-galegas-vencelladas-a-este-sector-industrial\/\" \/>\n<meta property=\"og:site_name\" content=\"Civil UAVs Initiative\" \/>\n<meta property=\"article:published_time\" content=\"2021-07-09T12:44:19+00:00\" \/>\n<meta property=\"article:modified_time\" content=\"2022-11-17T09:34:21+00:00\" \/>\n<meta property=\"og:image\" content=\"https:\/\/www.civiluavsinitiative.com\/wp-content\/uploads\/2021\/07\/Skype_Picture_2021_07_09T12_36_01_655Z-e1625834635611.jpeg\" \/>\n\t<meta property=\"og:image:width\" content=\"3024\" \/>\n\t<meta property=\"og:image:height\" content=\"4032\" \/>\n\t<meta property=\"og:image:type\" content=\"image\/jpeg\" \/>\n<meta name=\"author\" content=\"pvillanueva\" \/>\n<meta name=\"twitter:card\" content=\"summary_large_image\" \/>\n<meta name=\"twitter:label1\" content=\"Escrito por\" \/>\n\t<meta name=\"twitter:data1\" content=\"pvillanueva\" \/>\n\t<meta name=\"twitter:label2\" content=\"Tempo de lectura\" \/>\n\t<meta name=\"twitter:data2\" content=\"3 minutos\" \/>\n<script type=\"application\/ld+json\" class=\"yoast-schema-graph\">{\"@context\":\"https:\/\/schema.org\",\"@graph\":[{\"@type\":\"WebPage\",\"@id\":\"https:\/\/www.civiluavsinitiative.com\/gl\/a-xunta-inclue-no-marco-do-polo-aeroespacial-2025-axudas-para-a-internacionalizacion-das-empresas-galegas-vencelladas-a-este-sector-industrial\/\",\"url\":\"https:\/\/www.civiluavsinitiative.com\/gl\/a-xunta-inclue-no-marco-do-polo-aeroespacial-2025-axudas-para-a-internacionalizacion-das-empresas-galegas-vencelladas-a-este-sector-industrial\/\",\"name\":\"A Xunta incl\u00fae, no marco do Polo Aeroespacial 2025, axudas para a internacionalizaci\u00f3n das empresas galegas vencelladas a este sector industrial - Civil UAVs Initiative\",\"isPartOf\":{\"@id\":\"https:\/\/www.civiluavsinitiative.com\/#website\"},\"datePublished\":\"2021-07-09T12:44:19+00:00\",\"dateModified\":\"2022-11-17T09:34:21+00:00\",\"author\":{\"@id\":\"https:\/\/www.civiluavsinitiative.com\/#\/schema\/person\/58af028627c8c00ec53ba6f40d2f9bac\"},\"breadcrumb\":{\"@id\":\"https:\/\/www.civiluavsinitiative.com\/gl\/a-xunta-inclue-no-marco-do-polo-aeroespacial-2025-axudas-para-a-internacionalizacion-das-empresas-galegas-vencelladas-a-este-sector-industrial\/#breadcrumb\"},\"inLanguage\":\"gl-ES\",\"potentialAction\":[{\"@type\":\"ReadAction\",\"target\":[\"https:\/\/www.civiluavsinitiative.com\/gl\/a-xunta-inclue-no-marco-do-polo-aeroespacial-2025-axudas-para-a-internacionalizacion-das-empresas-galegas-vencelladas-a-este-sector-industrial\/\"]}]},{\"@type\":\"BreadcrumbList\",\"@id\":\"https:\/\/www.civiluavsinitiative.com\/gl\/a-xunta-inclue-no-marco-do-polo-aeroespacial-2025-axudas-para-a-internacionalizacion-das-empresas-galegas-vencelladas-a-este-sector-industrial\/#breadcrumb\",\"itemListElement\":[{\"@type\":\"ListItem\",\"position\":1,\"name\":\"Home\",\"item\":\"https:\/\/www.civiluavsinitiative.com\/gl\/\"},{\"@type\":\"ListItem\",\"position\":2,\"name\":\"A Xunta incl\u00fae, no marco do Polo Aeroespacial 2025, axudas para a internacionalizaci\u00f3n das empresas galegas vencelladas a este sector industrial\"}]},{\"@type\":\"WebSite\",\"@id\":\"https:\/\/www.civiluavsinitiative.com\/#website\",\"url\":\"https:\/\/www.civiluavsinitiative.com\/\",\"name\":\"Civil UAVs Initiative\",\"description\":\"Civil UAVs Initiative, favorece y fomenta el emprendimiento innovador, con el fin de atraer y retener en Galicia talento en el sector aeroespacial.\",\"potentialAction\":[{\"@type\":\"SearchAction\",\"target\":{\"@type\":\"EntryPoint\",\"urlTemplate\":\"https:\/\/www.civiluavsinitiative.com\/?s={search_term_string}\"},\"query-input\":\"required name=search_term_string\"}],\"inLanguage\":\"gl-ES\"},{\"@type\":\"Person\",\"@id\":\"https:\/\/www.civiluavsinitiative.com\/#\/schema\/person\/58af028627c8c00ec53ba6f40d2f9bac\",\"name\":\"pvillanueva\",\"image\":{\"@type\":\"ImageObject\",\"inLanguage\":\"gl-ES\",\"@id\":\"https:\/\/www.civiluavsinitiative.com\/#\/schema\/person\/image\/\",\"url\":\"https:\/\/secure.gravatar.com\/avatar\/26c228395505196df76a7de2e9ed4de6?s=96&d=mm&r=g\",\"contentUrl\":\"https:\/\/secure.gravatar.com\/avatar\/26c228395505196df76a7de2e9ed4de6?s=96&d=mm&r=g\",\"caption\":\"pvillanueva\"}}]}<\/script>\n<!-- \/ Yoast SEO plugin. -->","yoast_head_json":{"title":"A Xunta incl\u00fae, no marco do Polo Aeroespacial 2025, axudas para a internacionalizaci\u00f3n das empresas galegas vencelladas a este sector industrial - Civil UAVs Initiative","robots":{"index":"index","follow":"follow","max-snippet":"max-snippet:-1","max-image-preview":"max-image-preview:large","max-video-preview":"max-video-preview:-1"},"canonical":"https:\/\/www.civiluavsinitiative.com\/gl\/a-xunta-inclue-no-marco-do-polo-aeroespacial-2025-axudas-para-a-internacionalizacion-das-empresas-galegas-vencelladas-a-este-sector-industrial\/","og_locale":"gl_ES","og_type":"article","og_title":"A Xunta incl\u00fae, no marco do Polo Aeroespacial 2025, axudas para a internacionalizaci\u00f3n das empresas galegas vencelladas a este sector industrial - Civil UAVs Initiative","og_description":"O vicepresidente segundo e conselleiro de Econom\u00eda, Empresa e Innovaci\u00f3n, Francisco Conde, participou esta ma\u00f1\u00e1 nas demostraci\u00f3ns a\u00e9reas celebradas no aer\u00f3dromo de Rozas con motivo de Unvex\u201921 A nova licitaci\u00f3n por 40M\u20ac para atraer entre catro e oito novos socios estrat\u00e9xicos e tecnol\u00f3xicos permitir\u00e1 \u00e1s pemes galegas incorporarse \u00e1s cadeas de valor de grandes empresas [&hellip;]","og_url":"https:\/\/www.civiluavsinitiative.com\/gl\/a-xunta-inclue-no-marco-do-polo-aeroespacial-2025-axudas-para-a-internacionalizacion-das-empresas-galegas-vencelladas-a-este-sector-industrial\/","og_site_name":"Civil UAVs Initiative","article_published_time":"2021-07-09T12:44:19+00:00","article_modified_time":"2022-11-17T09:34:21+00:00","og_image":[{"width":3024,"height":4032,"url":"https:\/\/www.civiluavsinitiative.com\/wp-content\/uploads\/2021\/07\/Skype_Picture_2021_07_09T12_36_01_655Z-e1625834635611.jpeg","type":"image\/jpeg"}],"author":"pvillanueva","twitter_card":"summary_large_image","twitter_misc":{"Escrito por":"pvillanueva","Tempo de lectura":"3 minutos"},"schema":{"@context":"https:\/\/schema.org","@graph":[{"@type":"WebPage","@id":"https:\/\/www.civiluavsinitiative.com\/gl\/a-xunta-inclue-no-marco-do-polo-aeroespacial-2025-axudas-para-a-internacionalizacion-das-empresas-galegas-vencelladas-a-este-sector-industrial\/","url":"https:\/\/www.civiluavsinitiative.com\/gl\/a-xunta-inclue-no-marco-do-polo-aeroespacial-2025-axudas-para-a-internacionalizacion-das-empresas-galegas-vencelladas-a-este-sector-industrial\/","name":"A Xunta incl\u00fae, no marco do Polo Aeroespacial 2025, axudas para a internacionalizaci\u00f3n das empresas galegas vencelladas a este sector industrial - Civil UAVs Initiative","isPartOf":{"@id":"https:\/\/www.civiluavsinitiative.com\/#website"},"datePublished":"2021-07-09T12:44:19+00:00","dateModified":"2022-11-17T09:34:21+00:00","author":{"@id":"https:\/\/www.civiluavsinitiative.com\/#\/schema\/person\/58af028627c8c00ec53ba6f40d2f9bac"},"breadcrumb":{"@id":"https:\/\/www.civiluavsinitiative.com\/gl\/a-xunta-inclue-no-marco-do-polo-aeroespacial-2025-axudas-para-a-internacionalizacion-das-empresas-galegas-vencelladas-a-este-sector-industrial\/#breadcrumb"},"inLanguage":"gl-ES","potentialAction":[{"@type":"ReadAction","target":["https:\/\/www.civiluavsinitiative.com\/gl\/a-xunta-inclue-no-marco-do-polo-aeroespacial-2025-axudas-para-a-internacionalizacion-das-empresas-galegas-vencelladas-a-este-sector-industrial\/"]}]},{"@type":"BreadcrumbList","@id":"https:\/\/www.civiluavsinitiative.com\/gl\/a-xunta-inclue-no-marco-do-polo-aeroespacial-2025-axudas-para-a-internacionalizacion-das-empresas-galegas-vencelladas-a-este-sector-industrial\/#breadcrumb","itemListElement":[{"@type":"ListItem","position":1,"name":"Home","item":"https:\/\/www.civiluavsinitiative.com\/gl\/"},{"@type":"ListItem","position":2,"name":"A Xunta incl\u00fae, no marco do Polo Aeroespacial 2025, axudas para a internacionalizaci\u00f3n das empresas galegas vencelladas a este sector industrial"}]},{"@type":"WebSite","@id":"https:\/\/www.civiluavsinitiative.com\/#website","url":"https:\/\/www.civiluavsinitiative.com\/","name":"Civil UAVs Initiative","description":"Civil UAVs Initiative, favorece y fomenta el emprendimiento innovador, con el fin de atraer y retener en Galicia talento en el sector aeroespacial.","potentialAction":[{"@type":"SearchAction","target":{"@type":"EntryPoint","urlTemplate":"https:\/\/www.civiluavsinitiative.com\/?s={search_term_string}"},"query-input":"required name=search_term_string"}],"inLanguage":"gl-ES"},{"@type":"Person","@id":"https:\/\/www.civiluavsinitiative.com\/#\/schema\/person\/58af028627c8c00ec53ba6f40d2f9bac","name":"pvillanueva","image":{"@type":"ImageObject","inLanguage":"gl-ES","@id":"https:\/\/www.civiluavsinitiative.com\/#\/schema\/person\/image\/","url":"https:\/\/secure.gravatar.com\/avatar\/26c228395505196df76a7de2e9ed4de6?s=96&d=mm&r=g","contentUrl":"https:\/\/secure.gravatar.com\/avatar\/26c228395505196df76a7de2e9ed4de6?s=96&d=mm&r=g","caption":"pvillanueva"}}]}},"_links":{"self":[{"href":"https:\/\/www.civiluavsinitiative.com\/gl\/wp-json\/wp\/v2\/posts\/37816"}],"collection":[{"href":"https:\/\/www.civiluavsinitiative.com\/gl\/wp-json\/wp\/v2\/posts"}],"about":[{"href":"https:\/\/www.civiluavsinitiative.com\/gl\/wp-json\/wp\/v2\/types\/post"}],"author":[{"embeddable":true,"href":"https:\/\/www.civiluavsinitiative.com\/gl\/wp-json\/wp\/v2\/users\/3"}],"replies":[{"embeddable":true,"href":"https:\/\/www.civiluavsinitiative.com\/gl\/wp-json\/wp\/v2\/comments?post=37816"}],"version-history":[{"count":1,"href":"https:\/\/www.civiluavsinitiative.com\/gl\/wp-json\/wp\/v2\/posts\/37816\/revisions"}],"predecessor-version":[{"id":37820,"href":"https:\/\/www.civiluavsinitiative.com\/gl\/wp-json\/wp\/v2\/posts\/37816\/revisions\/37820"}],"wp:featuredmedia":[{"embeddable":true,"href":"https:\/\/www.civiluavsinitiative.com\/gl\/wp-json\/wp\/v2\/media\/37817"}],"wp:attachment":[{"href":"https:\/\/www.civiluavsinitiative.com\/gl\/wp-json\/wp\/v2\/media?parent=37816"}],"wp:term":[{"taxonomy":"category","embeddable":true,"href":"https:\/\/www.civiluavsinitiative.com\/gl\/wp-json\/wp\/v2\/categories?post=37816"},{"taxonomy":"post_tag","embeddable":true,"href":"https:\/\/www.civiluavsinitiative.com\/gl\/wp-json\/wp\/v2\/tags?post=37816"}],"curies":[{"name":"wp","href":"https:\/\/api.w.org\/{rel}","templated":true}]}}