{"id":37804,"date":"2021-07-07T10:27:02","date_gmt":"2021-07-07T08:27:02","guid":{"rendered":"https:\/\/www.civiluavsinitiative.com\/?p=37804"},"modified":"2022-11-17T10:34:49","modified_gmt":"2022-11-17T09:34:49","slug":"feijoo-avanza-un-novo-pulo-ao-polo-aeroespacial-de-galicia-co-inicio-dos-tramites-para-seleccionar-novos-socios-estratexicos-e-tecnoloxicos-para-os-vindeiros-cinco-anos","status":"publish","type":"post","link":"https:\/\/www.civiluavsinitiative.com\/gl\/feijoo-avanza-un-novo-pulo-ao-polo-aeroespacial-de-galicia-co-inicio-dos-tramites-para-seleccionar-novos-socios-estratexicos-e-tecnoloxicos-para-os-vindeiros-cinco-anos\/","title":{"rendered":"Feij\u00f3o avanza un novo pulo ao Polo Aeroespacial de Galicia co inicio dos tr\u00e1mites para seleccionar novos socios estrat\u00e9xicos e tecnol\u00f3xicos para os vindeiros cinco anos"},"content":{"rendered":"<ul>\n<li>Precisa que este mesmo mes de xullo farase p\u00fablica esta licitaci\u00f3n cun orzamento de partida de 40 mill\u00f3ns de euros e coa previsi\u00f3n de firmar entre catro e oito acordos<\/li>\n<li>Tras cinco anos desenvolvendo soluci\u00f3ns para o sector p\u00fablico, afirma que o obxectivo desta nova fase estar\u00e1 encami\u00f1ado cara \u00e1 busca de soluci\u00f3ns a problemas globais como o cambio clim\u00e1tico e a transici\u00f3n ecol\u00f3xica<\/li>\n<li>Recorda que, a pesar do impacto que a pandemia tivo sobre o sector aeron\u00e1utico, a aviaci\u00f3n non tripulada foi o sector galego onde m\u00e1is empresas naceron durante a covid<\/li>\n<\/ul>\n<p>Santiago de Compostela, 7 de xullo de 2021.- O presidente da Xunta, Alberto N\u00fa\u00f1ez Feij\u00f3o, avanzou hoxe un novo pulo ao Polo aeroespacial de Galicia co inicio dos tr\u00e1mites para seleccionar novos socios estrat\u00e9xicos e tecnol\u00f3xicos para os vindeiros cinco anos.<\/p>\n<p>\u201cEste mesmo mes de xullo faremos p\u00fablica esta licitaci\u00f3n cun orzamento de partida de 40 mill\u00f3ns de euros e coa previsi\u00f3n de firmar entre catro e oito acordos\u201d, explicou durante a inauguraci\u00f3n na Cidade da Cultura de Unvex 2021, a maior feira dedicada aos veh\u00edculos non tripulados que se celebra en Espa\u00f1a. Neste sentido, aseverou que este prego ser\u00e1 un instrumento para canalizar o futuro financiamento dos fondos Next Generation, volvendo a innovar no mecanismo de colaboraci\u00f3n p\u00fablico-privada e nas pol\u00edticas de apoio \u00e1 innovaci\u00f3n.<\/p>\n<p>Sobre este punto, recordou que Galicia lidera a compra p\u00fablica innovadora en Espa\u00f1a, con proxectos en execuci\u00f3n por importe de 250 mill\u00f3ns de euros na \u00faltima d\u00e9cada; e, no caso concreto do Polo aeroespacial, a compra p\u00fablica innovadora favoreceu a implantaci\u00f3n de grandes empresas e o crecemento de pemes do sector.<\/p>\n<p>Nesta nova etapa, Feij\u00f3o subli\u00f1ou que o impulso que se dar\u00e1 ao sector xirar\u00e1 arredor dunha prioridade: a creaci\u00f3n e ampliaci\u00f3n de mercados para as empresas galegas. \u201cEsta nova licitaci\u00f3n desenvolver\u00e1 un novo modelo de colaboraci\u00f3n entre o sector p\u00fablico e o privado, pero tam\u00e9n entre os distintos tipos de empresas e centros de co\u00f1ecemento para fomentar a incorporaci\u00f3n das pemes \u00e1s cadeas de valor das grandes empresas tractoras do sector aeoroespacial, as\u00ed como coas universidades e outros centros de investigaci\u00f3n xeradores de co\u00f1ecemento\u201d, precisou, incidindo en que a participaci\u00f3n de empresas e centros de co\u00f1ecemento seguir\u00e1 a ser clave, como o foi no anterior per\u00edodo do polo.<\/p>\n<p>Tras cinco anos desenvolvendo soluci\u00f3ns para o sector p\u00fablico, o titular do Goberno galego afirmou que o obxectivo desta nova fase estar\u00e1 encami\u00f1ado cara \u00e1 busca de soluci\u00f3ns a problemas globais como o cambio clim\u00e1tico e a transici\u00f3n ecol\u00f3xica. \u201cPlantexaremos retos que afectan non s\u00f3 \u00e1 Xunta, sen\u00f3n a practicamente todas as administraci\u00f3ns en Espa\u00f1a e f\u00f3ra\u201d, recalcou, refer\u00edndose a retos que respondan a un amplo espectro de necesidades p\u00fablicas relacionadas coas pol\u00edticas mar\u00edtimas, o desenvolvemento rural, a silvicultura, a atenci\u00f3n a emerxencias ou a extinci\u00f3n de incendios, entre outros.<\/p>\n<p>Uns retos que, segundo asegurou, se se conseguen solucionar mediante a tecnolox\u00eda, posicionar\u00e1n \u00e1s empresas participantes como l\u00edderes en distintos segmentos, reforzando a Galicia como o epicentro do sector dos veh\u00edculos a\u00e9reos non tripulados en Espa\u00f1a e en Europa.<\/p>\n<p>Feij\u00f3o conclu\u00edu resaltando o poder de convocatoria de Unvex coa participaci\u00f3n de m\u00e1is de 70 empresas nacionais e internacionais e 120 relatores. \u201cEstamos a falar da maior edici\u00f3n ata o momento, tanto por axenda de actividades como polas localizaci\u00f3ns\u201d, dixo, recordando que, a pesar do impacto que a pandemia tivo sobre o sector aeron\u00e1utico, a aviaci\u00f3n non tripulada foi o sector galego onde m\u00e1is empresas naceron durante a covid.<\/p>\n<p>C\u00f3mpre salientar que nos seus primeiros cinco anos de vida, o Polo aeroespacial de Galicia mobilizou case dez veces m\u00e1is do investimento previsto: 165 mill\u00f3ns a partir dun orzamento p\u00fablico de 58 mill\u00f3ns, coa implicaci\u00f3n de m\u00e1is de 50 pemes e centros de co\u00f1ecemento galegos, ademais de tres compa\u00f1\u00edas referentes no sector como Indra, Babcock e Boeing.<\/p>\n<p>En canto ao nivel de proxectos, desenvolv\u00e9ronse ata o momento un total de 655 soluci\u00f3ns tecnol\u00f3xicas e produtos, dos cales 60 xa est\u00e1n no mercado. Entre todas estas iniciativas destacou: o maior dron non tripulado de uso civil en Espa\u00f1a; d\u00faas embarcaci\u00f3ns non tripuladas para mostraxes autom\u00e1ticas de augas mari\u00f1as; ou os helic\u00f3pteros L\u00faa e Lumes orientados, fundamentalmente, \u00e1 loita contra os lumes.<\/p>\n<p>O presidente auton\u00f3mico aproveitou o acto para felicitar a Babcock por recibir por parte de\u00a0<span class=\"caps\">AESA<\/span>\u00a0a primeira autorizaci\u00f3n operacional en Espa\u00f1a para voar m\u00e1is al\u00e1 de li\u00f1a de vista co L\u00faa, en contornos rurais, tanto voos di\u00farnos como nocturnos.<\/p>\n","protected":false},"excerpt":{"rendered":"<p>Precisa que este mesmo mes de xullo farase p\u00fablica esta licitaci\u00f3n cun orzamento de partida de 40 mill\u00f3ns de euros e coa previsi\u00f3n de firmar entre catro e oito acordos Tras cinco anos desenvolvendo soluci\u00f3ns para o sector p\u00fablico, afirma que o obxectivo desta nova fase estar\u00e1 encami\u00f1ado cara \u00e1 busca de soluci\u00f3ns a problemas [&hellip;]<\/p>\n","protected":false},"author":3,"featured_media":37805,"comment_status":"open","ping_status":"open","sticky":false,"template":"","format":"standard","meta":{"_et_pb_use_builder":"","_et_pb_old_content":"","_et_gb_content_width":""},"categories":[150],"tags":[303,304,308,307,302,306,305],"acf":[],"yoast_head":"<!-- This site is optimized with the Yoast SEO plugin v20.9 - https:\/\/yoast.com\/wordpress\/plugins\/seo\/ -->\n<title>Feij\u00f3o avanza un novo pulo ao Polo Aeroespacial de Galicia co inicio dos tr\u00e1mites para seleccionar novos socios estrat\u00e9xicos e tecnol\u00f3xicos para os vindeiros cinco anos - Civil UAVs Initiative<\/title>\n<meta name=\"robots\" content=\"index, follow, max-snippet:-1, max-image-preview:large, max-video-preview:-1\" \/>\n<link rel=\"canonical\" href=\"https:\/\/www.civiluavsinitiative.com\/gl\/feijoo-avanza-un-novo-pulo-ao-polo-aeroespacial-de-galicia-co-inicio-dos-tramites-para-seleccionar-novos-socios-estratexicos-e-tecnoloxicos-para-os-vindeiros-cinco-anos\/\" \/>\n<meta property=\"og:locale\" content=\"gl_ES\" \/>\n<meta property=\"og:type\" content=\"article\" \/>\n<meta property=\"og:title\" content=\"Feij\u00f3o avanza un novo pulo ao Polo Aeroespacial de Galicia co inicio dos tr\u00e1mites para seleccionar novos socios estrat\u00e9xicos e tecnol\u00f3xicos para os vindeiros cinco anos - Civil UAVs Initiative\" \/>\n<meta property=\"og:description\" content=\"Precisa que este mesmo mes de xullo farase p\u00fablica esta licitaci\u00f3n cun orzamento de partida de 40 mill\u00f3ns de euros e coa previsi\u00f3n de firmar entre catro e oito acordos Tras cinco anos desenvolvendo soluci\u00f3ns para o sector p\u00fablico, afirma que o obxectivo desta nova fase estar\u00e1 encami\u00f1ado cara \u00e1 busca de soluci\u00f3ns a problemas [&hellip;]\" \/>\n<meta property=\"og:url\" content=\"https:\/\/www.civiluavsinitiative.com\/gl\/feijoo-avanza-un-novo-pulo-ao-polo-aeroespacial-de-galicia-co-inicio-dos-tramites-para-seleccionar-novos-socios-estratexicos-e-tecnoloxicos-para-os-vindeiros-cinco-anos\/\" \/>\n<meta property=\"og:site_name\" content=\"Civil UAVs Initiative\" \/>\n<meta property=\"article:published_time\" content=\"2021-07-07T08:27:02+00:00\" \/>\n<meta property=\"article:modified_time\" content=\"2022-11-17T09:34:49+00:00\" \/>\n<meta property=\"og:image\" content=\"https:\/\/www.civiluavsinitiative.com\/wp-content\/uploads\/2021\/07\/DSC_0994-1024x681.jpg\" \/>\n\t<meta property=\"og:image:width\" content=\"1024\" \/>\n\t<meta property=\"og:image:height\" content=\"681\" \/>\n\t<meta property=\"og:image:type\" content=\"image\/jpeg\" \/>\n<meta name=\"author\" content=\"pvillanueva\" \/>\n<meta name=\"twitter:card\" content=\"summary_large_image\" \/>\n<meta name=\"twitter:label1\" content=\"Escrito por\" \/>\n\t<meta name=\"twitter:data1\" content=\"pvillanueva\" \/>\n\t<meta name=\"twitter:label2\" content=\"Tempo de lectura\" \/>\n\t<meta name=\"twitter:data2\" content=\"4 minutos\" \/>\n<script type=\"application\/ld+json\" class=\"yoast-schema-graph\">{\"@context\":\"https:\/\/schema.org\",\"@graph\":[{\"@type\":\"WebPage\",\"@id\":\"https:\/\/www.civiluavsinitiative.com\/gl\/feijoo-avanza-un-novo-pulo-ao-polo-aeroespacial-de-galicia-co-inicio-dos-tramites-para-seleccionar-novos-socios-estratexicos-e-tecnoloxicos-para-os-vindeiros-cinco-anos\/\",\"url\":\"https:\/\/www.civiluavsinitiative.com\/gl\/feijoo-avanza-un-novo-pulo-ao-polo-aeroespacial-de-galicia-co-inicio-dos-tramites-para-seleccionar-novos-socios-estratexicos-e-tecnoloxicos-para-os-vindeiros-cinco-anos\/\",\"name\":\"Feij\u00f3o avanza un novo pulo ao Polo Aeroespacial de Galicia co inicio dos tr\u00e1mites para seleccionar novos socios estrat\u00e9xicos e tecnol\u00f3xicos para os vindeiros cinco anos - Civil UAVs Initiative\",\"isPartOf\":{\"@id\":\"https:\/\/www.civiluavsinitiative.com\/#website\"},\"datePublished\":\"2021-07-07T08:27:02+00:00\",\"dateModified\":\"2022-11-17T09:34:49+00:00\",\"author\":{\"@id\":\"https:\/\/www.civiluavsinitiative.com\/#\/schema\/person\/58af028627c8c00ec53ba6f40d2f9bac\"},\"breadcrumb\":{\"@id\":\"https:\/\/www.civiluavsinitiative.com\/gl\/feijoo-avanza-un-novo-pulo-ao-polo-aeroespacial-de-galicia-co-inicio-dos-tramites-para-seleccionar-novos-socios-estratexicos-e-tecnoloxicos-para-os-vindeiros-cinco-anos\/#breadcrumb\"},\"inLanguage\":\"gl-ES\",\"potentialAction\":[{\"@type\":\"ReadAction\",\"target\":[\"https:\/\/www.civiluavsinitiative.com\/gl\/feijoo-avanza-un-novo-pulo-ao-polo-aeroespacial-de-galicia-co-inicio-dos-tramites-para-seleccionar-novos-socios-estratexicos-e-tecnoloxicos-para-os-vindeiros-cinco-anos\/\"]}]},{\"@type\":\"BreadcrumbList\",\"@id\":\"https:\/\/www.civiluavsinitiative.com\/gl\/feijoo-avanza-un-novo-pulo-ao-polo-aeroespacial-de-galicia-co-inicio-dos-tramites-para-seleccionar-novos-socios-estratexicos-e-tecnoloxicos-para-os-vindeiros-cinco-anos\/#breadcrumb\",\"itemListElement\":[{\"@type\":\"ListItem\",\"position\":1,\"name\":\"Home\",\"item\":\"https:\/\/www.civiluavsinitiative.com\/gl\/\"},{\"@type\":\"ListItem\",\"position\":2,\"name\":\"Feij\u00f3o avanza un novo pulo ao Polo Aeroespacial de Galicia co inicio dos tr\u00e1mites para seleccionar novos socios estrat\u00e9xicos e tecnol\u00f3xicos para os vindeiros cinco anos\"}]},{\"@type\":\"WebSite\",\"@id\":\"https:\/\/www.civiluavsinitiative.com\/#website\",\"url\":\"https:\/\/www.civiluavsinitiative.com\/\",\"name\":\"Civil UAVs Initiative\",\"description\":\"Civil UAVs Initiative, favorece y fomenta el emprendimiento innovador, con el fin de atraer y retener en Galicia talento en el sector aeroespacial.\",\"potentialAction\":[{\"@type\":\"SearchAction\",\"target\":{\"@type\":\"EntryPoint\",\"urlTemplate\":\"https:\/\/www.civiluavsinitiative.com\/?s={search_term_string}\"},\"query-input\":\"required name=search_term_string\"}],\"inLanguage\":\"gl-ES\"},{\"@type\":\"Person\",\"@id\":\"https:\/\/www.civiluavsinitiative.com\/#\/schema\/person\/58af028627c8c00ec53ba6f40d2f9bac\",\"name\":\"pvillanueva\",\"image\":{\"@type\":\"ImageObject\",\"inLanguage\":\"gl-ES\",\"@id\":\"https:\/\/www.civiluavsinitiative.com\/#\/schema\/person\/image\/\",\"url\":\"https:\/\/secure.gravatar.com\/avatar\/26c228395505196df76a7de2e9ed4de6?s=96&d=mm&r=g\",\"contentUrl\":\"https:\/\/secure.gravatar.com\/avatar\/26c228395505196df76a7de2e9ed4de6?s=96&d=mm&r=g\",\"caption\":\"pvillanueva\"}}]}<\/script>\n<!-- \/ Yoast SEO plugin. -->","yoast_head_json":{"title":"Feij\u00f3o avanza un novo pulo ao Polo Aeroespacial de Galicia co inicio dos tr\u00e1mites para seleccionar novos socios estrat\u00e9xicos e tecnol\u00f3xicos para os vindeiros cinco anos - Civil UAVs Initiative","robots":{"index":"index","follow":"follow","max-snippet":"max-snippet:-1","max-image-preview":"max-image-preview:large","max-video-preview":"max-video-preview:-1"},"canonical":"https:\/\/www.civiluavsinitiative.com\/gl\/feijoo-avanza-un-novo-pulo-ao-polo-aeroespacial-de-galicia-co-inicio-dos-tramites-para-seleccionar-novos-socios-estratexicos-e-tecnoloxicos-para-os-vindeiros-cinco-anos\/","og_locale":"gl_ES","og_type":"article","og_title":"Feij\u00f3o avanza un novo pulo ao Polo Aeroespacial de Galicia co inicio dos tr\u00e1mites para seleccionar novos socios estrat\u00e9xicos e tecnol\u00f3xicos para os vindeiros cinco anos - Civil UAVs Initiative","og_description":"Precisa que este mesmo mes de xullo farase p\u00fablica esta licitaci\u00f3n cun orzamento de partida de 40 mill\u00f3ns de euros e coa previsi\u00f3n de firmar entre catro e oito acordos Tras cinco anos desenvolvendo soluci\u00f3ns para o sector p\u00fablico, afirma que o obxectivo desta nova fase estar\u00e1 encami\u00f1ado cara \u00e1 busca de soluci\u00f3ns a problemas [&hellip;]","og_url":"https:\/\/www.civiluavsinitiative.com\/gl\/feijoo-avanza-un-novo-pulo-ao-polo-aeroespacial-de-galicia-co-inicio-dos-tramites-para-seleccionar-novos-socios-estratexicos-e-tecnoloxicos-para-os-vindeiros-cinco-anos\/","og_site_name":"Civil UAVs Initiative","article_published_time":"2021-07-07T08:27:02+00:00","article_modified_time":"2022-11-17T09:34:49+00:00","og_image":[{"width":1024,"height":681,"url":"https:\/\/www.civiluavsinitiative.com\/wp-content\/uploads\/2021\/07\/DSC_0994-1024x681.jpg","type":"image\/jpeg"}],"author":"pvillanueva","twitter_card":"summary_large_image","twitter_misc":{"Escrito por":"pvillanueva","Tempo de lectura":"4 minutos"},"schema":{"@context":"https:\/\/schema.org","@graph":[{"@type":"WebPage","@id":"https:\/\/www.civiluavsinitiative.com\/gl\/feijoo-avanza-un-novo-pulo-ao-polo-aeroespacial-de-galicia-co-inicio-dos-tramites-para-seleccionar-novos-socios-estratexicos-e-tecnoloxicos-para-os-vindeiros-cinco-anos\/","url":"https:\/\/www.civiluavsinitiative.com\/gl\/feijoo-avanza-un-novo-pulo-ao-polo-aeroespacial-de-galicia-co-inicio-dos-tramites-para-seleccionar-novos-socios-estratexicos-e-tecnoloxicos-para-os-vindeiros-cinco-anos\/","name":"Feij\u00f3o avanza un novo pulo ao Polo Aeroespacial de Galicia co inicio dos tr\u00e1mites para seleccionar novos socios estrat\u00e9xicos e tecnol\u00f3xicos para os vindeiros cinco anos - Civil UAVs Initiative","isPartOf":{"@id":"https:\/\/www.civiluavsinitiative.com\/#website"},"datePublished":"2021-07-07T08:27:02+00:00","dateModified":"2022-11-17T09:34:49+00:00","author":{"@id":"https:\/\/www.civiluavsinitiative.com\/#\/schema\/person\/58af028627c8c00ec53ba6f40d2f9bac"},"breadcrumb":{"@id":"https:\/\/www.civiluavsinitiative.com\/gl\/feijoo-avanza-un-novo-pulo-ao-polo-aeroespacial-de-galicia-co-inicio-dos-tramites-para-seleccionar-novos-socios-estratexicos-e-tecnoloxicos-para-os-vindeiros-cinco-anos\/#breadcrumb"},"inLanguage":"gl-ES","potentialAction":[{"@type":"ReadAction","target":["https:\/\/www.civiluavsinitiative.com\/gl\/feijoo-avanza-un-novo-pulo-ao-polo-aeroespacial-de-galicia-co-inicio-dos-tramites-para-seleccionar-novos-socios-estratexicos-e-tecnoloxicos-para-os-vindeiros-cinco-anos\/"]}]},{"@type":"BreadcrumbList","@id":"https:\/\/www.civiluavsinitiative.com\/gl\/feijoo-avanza-un-novo-pulo-ao-polo-aeroespacial-de-galicia-co-inicio-dos-tramites-para-seleccionar-novos-socios-estratexicos-e-tecnoloxicos-para-os-vindeiros-cinco-anos\/#breadcrumb","itemListElement":[{"@type":"ListItem","position":1,"name":"Home","item":"https:\/\/www.civiluavsinitiative.com\/gl\/"},{"@type":"ListItem","position":2,"name":"Feij\u00f3o avanza un novo pulo ao Polo Aeroespacial de Galicia co inicio dos tr\u00e1mites para seleccionar novos socios estrat\u00e9xicos e tecnol\u00f3xicos para os vindeiros cinco anos"}]},{"@type":"WebSite","@id":"https:\/\/www.civiluavsinitiative.com\/#website","url":"https:\/\/www.civiluavsinitiative.com\/","name":"Civil UAVs Initiative","description":"Civil UAVs Initiative, favorece y fomenta el emprendimiento innovador, con el fin de atraer y retener en Galicia talento en el sector aeroespacial.","potentialAction":[{"@type":"SearchAction","target":{"@type":"EntryPoint","urlTemplate":"https:\/\/www.civiluavsinitiative.com\/?s={search_term_string}"},"query-input":"required name=search_term_string"}],"inLanguage":"gl-ES"},{"@type":"Person","@id":"https:\/\/www.civiluavsinitiative.com\/#\/schema\/person\/58af028627c8c00ec53ba6f40d2f9bac","name":"pvillanueva","image":{"@type":"ImageObject","inLanguage":"gl-ES","@id":"https:\/\/www.civiluavsinitiative.com\/#\/schema\/person\/image\/","url":"https:\/\/secure.gravatar.com\/avatar\/26c228395505196df76a7de2e9ed4de6?s=96&d=mm&r=g","contentUrl":"https:\/\/secure.gravatar.com\/avatar\/26c228395505196df76a7de2e9ed4de6?s=96&d=mm&r=g","caption":"pvillanueva"}}]}},"_links":{"self":[{"href":"https:\/\/www.civiluavsinitiative.com\/gl\/wp-json\/wp\/v2\/posts\/37804"}],"collection":[{"href":"https:\/\/www.civiluavsinitiative.com\/gl\/wp-json\/wp\/v2\/posts"}],"about":[{"href":"https:\/\/www.civiluavsinitiative.com\/gl\/wp-json\/wp\/v2\/types\/post"}],"author":[{"embeddable":true,"href":"https:\/\/www.civiluavsinitiative.com\/gl\/wp-json\/wp\/v2\/users\/3"}],"replies":[{"embeddable":true,"href":"https:\/\/www.civiluavsinitiative.com\/gl\/wp-json\/wp\/v2\/comments?post=37804"}],"version-history":[{"count":2,"href":"https:\/\/www.civiluavsinitiative.com\/gl\/wp-json\/wp\/v2\/posts\/37804\/revisions"}],"predecessor-version":[{"id":37809,"href":"https:\/\/www.civiluavsinitiative.com\/gl\/wp-json\/wp\/v2\/posts\/37804\/revisions\/37809"}],"wp:featuredmedia":[{"embeddable":true,"href":"https:\/\/www.civiluavsinitiative.com\/gl\/wp-json\/wp\/v2\/media\/37805"}],"wp:attachment":[{"href":"https:\/\/www.civiluavsinitiative.com\/gl\/wp-json\/wp\/v2\/media?parent=37804"}],"wp:term":[{"taxonomy":"category","embeddable":true,"href":"https:\/\/www.civiluavsinitiative.com\/gl\/wp-json\/wp\/v2\/categories?post=37804"},{"taxonomy":"post_tag","embeddable":true,"href":"https:\/\/www.civiluavsinitiative.com\/gl\/wp-json\/wp\/v2\/tags?post=37804"}],"curies":[{"name":"wp","href":"https:\/\/api.w.org\/{rel}","templated":true}]}}