{"id":37802,"date":"2021-07-06T10:24:35","date_gmt":"2021-07-06T08:24:35","guid":{"rendered":"https:\/\/www.civiluavsinitiative.com\/?p=37802"},"modified":"2021-07-08T10:27:57","modified_gmt":"2021-07-08T08:27:57","slug":"conde-asegura-que-galicia-esta-preparada-para-afrontar-novos-retos-na-industria-aeroespacial-a-traves-da-estratexia-2025-e-de-empresas-como-centum","status":"publish","type":"post","link":"https:\/\/www.civiluavsinitiative.com\/gl\/conde-asegura-que-galicia-esta-preparada-para-afrontar-novos-retos-na-industria-aeroespacial-a-traves-da-estratexia-2025-e-de-empresas-como-centum\/","title":{"rendered":"Conde asegura que Galicia est\u00e1 preparada para afrontar novos retos na industria aeroespacial a trav\u00e9s da Estratexia 2025 e de empresas como Centum"},"content":{"rendered":"<ul>\n<li>\n<h4>O vicepresidente segundo e conselleiro de Econom\u00eda, Empresa e Innovaci\u00f3n, Francisco Conde, estivo esta ma\u00f1\u00e1 en Vigo nas instalaci\u00f3ns desta compa\u00f1\u00eda que participou no sistema de xeolocalizaci\u00f3n Lifeseeker, primeiro produto aeron\u00e1utico desenvolvido en Galicia cun certificado da Axencia Europea de Seguridade A\u00e9rea<\/h4>\n<\/li>\n<li>\n<h4>O Polo Aeroespacial de Galicia ten comprometidos 70M\u20ac para esta nova etapa e poder\u00eda chegar aos 540M\u20ac se o Goberno apoia a candidatura galega aos fondos Next Generation<\/h4>\n<\/li>\n<li>\n<h4>Galicia acolle, a partir de ma\u00f1\u00e1, a sexta edici\u00f3n de Unvex, o maior encontro en Espa\u00f1a do sector dos veh\u00edculos a\u00e9reos non tripulados<\/h4>\n<\/li>\n<\/ul>\n<p>Vigo, 6 de xullo de 2021.- O vicepresidente econ\u00f3mico e conselleiro de Econom\u00eda, Empresa e Innovaci\u00f3n, Francisco Conde, visitou esta ma\u00f1\u00e1 en Vigo as instalaci\u00f3ns da empresa Centum, unha das participantes nos proxectos do Polo Aeroespacial de Galicia. Conde subli\u00f1ou que a Comunidade est\u00e1 preparada para afrontar novos retos na industria aeroespacial grazas \u00e1 Estratexia 2025, pero tam\u00e9n ao talento de compa\u00f1\u00edas como Centum.<\/p>\n<p>\u201c\u00c9 un caso de \u00e9xito do programa aeron\u00e1utico que estamos realizando en Galicia e amosa como unha peme \u00e9 quen de poder desenvolver a s\u00faa actividade nun sector tan competitivo, tecnol\u00f3xico e innovador como este\u201d, apuntou o vicepresidente econ\u00f3mico.<\/p>\n<p>As\u00ed, a empresa participou no sistema de xeolocalizaci\u00f3n Lifeseeker, o primeiro produto aeron\u00e1utico desenvolvido en Galicia que obtivo un certificado da Axencia Europea de Seguridade A\u00e9rea (<span class=\"caps\">EASA<\/span>) para a s\u00faa implantaci\u00f3n por parte de Airbus Helicopters. Ademais, en 2021 conseguiu contratos coa Axencia de Seguridade Mar\u00edtima Europea e coas Forzas A\u00e9reas canadienses. O pasado ano a compa\u00f1\u00eda contou con ingresos superiores a 2019 (1,9M\u20ac), retivo talento e ampliou persoal ata contar con 28 traballadores e puido reactivar proxectos e abrirse ao mercado italiano.<\/p>\n<p>Conde destacou que Centum est\u00e1 chamada a converterse nun referente na venda de produtos para o \u00e1mbito das emerxencias, a seguridade e a defensa e amosou a s\u00faa disposici\u00f3n a seguir contando coa s\u00faa colaboraci\u00f3n no Polo Aeroespacial de Galicia. Unha iniciativa que conta cunha folla de ruta ata 2025 na que se pretende consolidar o tecido industrial ao redor desta industria e facilitar a comercializaci\u00f3n e internacionalizaci\u00f3n de novos produtos e tecnolox\u00edas. Para conseguilo xa est\u00e1n comprometidos 70M\u20ac, unha cifra de mobilizaci\u00f3n que pode chegar aos 540M\u20ac se o Goberno apoia o Polo como proxecto tractor a trav\u00e9s dos fondos europeos Next Generation.<\/p>\n<p>O vicepresidente econ\u00f3mico lembrou, ademais, que a partir de ma\u00f1\u00e1 Galicia acolle a sexta edici\u00f3n de Unvex, o maior encontro en Espa\u00f1a sobre o sector dos veh\u00edculos a\u00e9reos non tripulados que por primeira vez se celebra na nosa Comunidade.<\/p>\n","protected":false},"excerpt":{"rendered":"<p>O vicepresidente segundo e conselleiro de Econom\u00eda, Empresa e Innovaci\u00f3n, Francisco Conde, estivo esta ma\u00f1\u00e1 en Vigo nas instalaci\u00f3ns desta compa\u00f1\u00eda que participou no sistema de xeolocalizaci\u00f3n Lifeseeker, primeiro produto aeron\u00e1utico desenvolvido en Galicia cun certificado da Axencia Europea de Seguridade A\u00e9rea O Polo Aeroespacial de Galicia ten comprometidos 70M\u20ac para esta nova etapa e [&hellip;]<\/p>\n","protected":false},"author":3,"featured_media":37800,"comment_status":"open","ping_status":"open","sticky":false,"template":"","format":"standard","meta":{"_et_pb_use_builder":"","_et_pb_old_content":"","_et_gb_content_width":""},"categories":[150],"tags":[],"acf":[],"yoast_head":"<!-- This site is optimized with the Yoast SEO plugin v20.9 - https:\/\/yoast.com\/wordpress\/plugins\/seo\/ -->\n<title>Conde asegura que Galicia est\u00e1 preparada para afrontar novos retos na industria aeroespacial a trav\u00e9s da Estratexia 2025 e de empresas como Centum - Civil UAVs Initiative<\/title>\n<meta name=\"robots\" content=\"index, follow, max-snippet:-1, max-image-preview:large, max-video-preview:-1\" \/>\n<link rel=\"canonical\" href=\"https:\/\/www.civiluavsinitiative.com\/conde-asegura-que-galicia-esta-preparada-para-afrontar-nuevos-retos-en-la-industria-aeroespacial-a-traves-de-la-estrategia-2025-y-de-empresas-como-centum\/\" \/>\n<meta property=\"og:locale\" content=\"gl_ES\" \/>\n<meta property=\"og:type\" content=\"article\" \/>\n<meta property=\"og:title\" content=\"Conde asegura que Galicia est\u00e1 preparada para afrontar novos retos na industria aeroespacial a trav\u00e9s da Estratexia 2025 e de empresas como Centum - Civil UAVs Initiative\" \/>\n<meta property=\"og:description\" content=\"O vicepresidente segundo e conselleiro de Econom\u00eda, Empresa e Innovaci\u00f3n, Francisco Conde, estivo esta ma\u00f1\u00e1 en Vigo nas instalaci\u00f3ns desta compa\u00f1\u00eda que participou no sistema de xeolocalizaci\u00f3n Lifeseeker, primeiro produto aeron\u00e1utico desenvolvido en Galicia cun certificado da Axencia Europea de Seguridade A\u00e9rea O Polo Aeroespacial de Galicia ten comprometidos 70M\u20ac para esta nova etapa e [&hellip;]\" \/>\n<meta property=\"og:url\" content=\"https:\/\/www.civiluavsinitiative.com\/conde-asegura-que-galicia-esta-preparada-para-afrontar-nuevos-retos-en-la-industria-aeroespacial-a-traves-de-la-estrategia-2025-y-de-empresas-como-centum\/\" \/>\n<meta property=\"og:site_name\" content=\"Civil UAVs Initiative\" \/>\n<meta property=\"article:published_time\" content=\"2021-07-06T08:24:35+00:00\" \/>\n<meta property=\"article:modified_time\" content=\"2021-07-08T08:27:57+00:00\" \/>\n<meta property=\"og:image\" content=\"https:\/\/www.civiluavsinitiative.com\/wp-content\/uploads\/2021\/07\/6-de-julio.png\" \/>\n\t<meta property=\"og:image:width\" content=\"1440\" \/>\n\t<meta property=\"og:image:height\" content=\"962\" \/>\n\t<meta property=\"og:image:type\" content=\"image\/png\" \/>\n<meta name=\"author\" content=\"pvillanueva\" \/>\n<meta name=\"twitter:card\" content=\"summary_large_image\" \/>\n<meta name=\"twitter:label1\" content=\"Escrito por\" \/>\n\t<meta name=\"twitter:data1\" content=\"pvillanueva\" \/>\n\t<meta name=\"twitter:label2\" content=\"Tempo de lectura\" \/>\n\t<meta name=\"twitter:data2\" content=\"2 minutos\" \/>\n<script type=\"application\/ld+json\" class=\"yoast-schema-graph\">{\"@context\":\"https:\/\/schema.org\",\"@graph\":[{\"@type\":\"WebPage\",\"@id\":\"https:\/\/www.civiluavsinitiative.com\/conde-asegura-que-galicia-esta-preparada-para-afrontar-nuevos-retos-en-la-industria-aeroespacial-a-traves-de-la-estrategia-2025-y-de-empresas-como-centum\/\",\"url\":\"https:\/\/www.civiluavsinitiative.com\/conde-asegura-que-galicia-esta-preparada-para-afrontar-nuevos-retos-en-la-industria-aeroespacial-a-traves-de-la-estrategia-2025-y-de-empresas-como-centum\/\",\"name\":\"Conde asegura que Galicia est\u00e1 preparada para afrontar novos retos na industria aeroespacial a trav\u00e9s da Estratexia 2025 e de empresas como Centum - Civil UAVs Initiative\",\"isPartOf\":{\"@id\":\"https:\/\/www.civiluavsinitiative.com\/#website\"},\"datePublished\":\"2021-07-06T08:24:35+00:00\",\"dateModified\":\"2021-07-08T08:27:57+00:00\",\"author\":{\"@id\":\"https:\/\/www.civiluavsinitiative.com\/#\/schema\/person\/58af028627c8c00ec53ba6f40d2f9bac\"},\"breadcrumb\":{\"@id\":\"https:\/\/www.civiluavsinitiative.com\/conde-asegura-que-galicia-esta-preparada-para-afrontar-nuevos-retos-en-la-industria-aeroespacial-a-traves-de-la-estrategia-2025-y-de-empresas-como-centum\/#breadcrumb\"},\"inLanguage\":\"gl-ES\",\"potentialAction\":[{\"@type\":\"ReadAction\",\"target\":[\"https:\/\/www.civiluavsinitiative.com\/conde-asegura-que-galicia-esta-preparada-para-afrontar-nuevos-retos-en-la-industria-aeroespacial-a-traves-de-la-estrategia-2025-y-de-empresas-como-centum\/\"]}]},{\"@type\":\"BreadcrumbList\",\"@id\":\"https:\/\/www.civiluavsinitiative.com\/conde-asegura-que-galicia-esta-preparada-para-afrontar-nuevos-retos-en-la-industria-aeroespacial-a-traves-de-la-estrategia-2025-y-de-empresas-como-centum\/#breadcrumb\",\"itemListElement\":[{\"@type\":\"ListItem\",\"position\":1,\"name\":\"Home\",\"item\":\"https:\/\/www.civiluavsinitiative.com\/gl\/\"},{\"@type\":\"ListItem\",\"position\":2,\"name\":\"Conde asegura que Galicia est\u00e1 preparada para afrontar novos retos na industria aeroespacial a trav\u00e9s da Estratexia 2025 e de empresas como Centum\"}]},{\"@type\":\"WebSite\",\"@id\":\"https:\/\/www.civiluavsinitiative.com\/#website\",\"url\":\"https:\/\/www.civiluavsinitiative.com\/\",\"name\":\"Civil UAVs Initiative\",\"description\":\"Civil UAVs Initiative, favorece y fomenta el emprendimiento innovador, con el fin de atraer y retener en Galicia talento en el sector aeroespacial.\",\"potentialAction\":[{\"@type\":\"SearchAction\",\"target\":{\"@type\":\"EntryPoint\",\"urlTemplate\":\"https:\/\/www.civiluavsinitiative.com\/?s={search_term_string}\"},\"query-input\":\"required name=search_term_string\"}],\"inLanguage\":\"gl-ES\"},{\"@type\":\"Person\",\"@id\":\"https:\/\/www.civiluavsinitiative.com\/#\/schema\/person\/58af028627c8c00ec53ba6f40d2f9bac\",\"name\":\"pvillanueva\",\"image\":{\"@type\":\"ImageObject\",\"inLanguage\":\"gl-ES\",\"@id\":\"https:\/\/www.civiluavsinitiative.com\/#\/schema\/person\/image\/\",\"url\":\"https:\/\/secure.gravatar.com\/avatar\/26c228395505196df76a7de2e9ed4de6?s=96&d=mm&r=g\",\"contentUrl\":\"https:\/\/secure.gravatar.com\/avatar\/26c228395505196df76a7de2e9ed4de6?s=96&d=mm&r=g\",\"caption\":\"pvillanueva\"}}]}<\/script>\n<!-- \/ Yoast SEO plugin. -->","yoast_head_json":{"title":"Conde asegura que Galicia est\u00e1 preparada para afrontar novos retos na industria aeroespacial a trav\u00e9s da Estratexia 2025 e de empresas como Centum - Civil UAVs Initiative","robots":{"index":"index","follow":"follow","max-snippet":"max-snippet:-1","max-image-preview":"max-image-preview:large","max-video-preview":"max-video-preview:-1"},"canonical":"https:\/\/www.civiluavsinitiative.com\/conde-asegura-que-galicia-esta-preparada-para-afrontar-nuevos-retos-en-la-industria-aeroespacial-a-traves-de-la-estrategia-2025-y-de-empresas-como-centum\/","og_locale":"gl_ES","og_type":"article","og_title":"Conde asegura que Galicia est\u00e1 preparada para afrontar novos retos na industria aeroespacial a trav\u00e9s da Estratexia 2025 e de empresas como Centum - Civil UAVs Initiative","og_description":"O vicepresidente segundo e conselleiro de Econom\u00eda, Empresa e Innovaci\u00f3n, Francisco Conde, estivo esta ma\u00f1\u00e1 en Vigo nas instalaci\u00f3ns desta compa\u00f1\u00eda que participou no sistema de xeolocalizaci\u00f3n Lifeseeker, primeiro produto aeron\u00e1utico desenvolvido en Galicia cun certificado da Axencia Europea de Seguridade A\u00e9rea O Polo Aeroespacial de Galicia ten comprometidos 70M\u20ac para esta nova etapa e [&hellip;]","og_url":"https:\/\/www.civiluavsinitiative.com\/conde-asegura-que-galicia-esta-preparada-para-afrontar-nuevos-retos-en-la-industria-aeroespacial-a-traves-de-la-estrategia-2025-y-de-empresas-como-centum\/","og_site_name":"Civil UAVs Initiative","article_published_time":"2021-07-06T08:24:35+00:00","article_modified_time":"2021-07-08T08:27:57+00:00","og_image":[{"width":1440,"height":962,"url":"https:\/\/www.civiluavsinitiative.com\/wp-content\/uploads\/2021\/07\/6-de-julio.png","type":"image\/png"}],"author":"pvillanueva","twitter_card":"summary_large_image","twitter_misc":{"Escrito por":"pvillanueva","Tempo de lectura":"2 minutos"},"schema":{"@context":"https:\/\/schema.org","@graph":[{"@type":"WebPage","@id":"https:\/\/www.civiluavsinitiative.com\/conde-asegura-que-galicia-esta-preparada-para-afrontar-nuevos-retos-en-la-industria-aeroespacial-a-traves-de-la-estrategia-2025-y-de-empresas-como-centum\/","url":"https:\/\/www.civiluavsinitiative.com\/conde-asegura-que-galicia-esta-preparada-para-afrontar-nuevos-retos-en-la-industria-aeroespacial-a-traves-de-la-estrategia-2025-y-de-empresas-como-centum\/","name":"Conde asegura que Galicia est\u00e1 preparada para afrontar novos retos na industria aeroespacial a trav\u00e9s da Estratexia 2025 e de empresas como Centum - Civil UAVs Initiative","isPartOf":{"@id":"https:\/\/www.civiluavsinitiative.com\/#website"},"datePublished":"2021-07-06T08:24:35+00:00","dateModified":"2021-07-08T08:27:57+00:00","author":{"@id":"https:\/\/www.civiluavsinitiative.com\/#\/schema\/person\/58af028627c8c00ec53ba6f40d2f9bac"},"breadcrumb":{"@id":"https:\/\/www.civiluavsinitiative.com\/conde-asegura-que-galicia-esta-preparada-para-afrontar-nuevos-retos-en-la-industria-aeroespacial-a-traves-de-la-estrategia-2025-y-de-empresas-como-centum\/#breadcrumb"},"inLanguage":"gl-ES","potentialAction":[{"@type":"ReadAction","target":["https:\/\/www.civiluavsinitiative.com\/conde-asegura-que-galicia-esta-preparada-para-afrontar-nuevos-retos-en-la-industria-aeroespacial-a-traves-de-la-estrategia-2025-y-de-empresas-como-centum\/"]}]},{"@type":"BreadcrumbList","@id":"https:\/\/www.civiluavsinitiative.com\/conde-asegura-que-galicia-esta-preparada-para-afrontar-nuevos-retos-en-la-industria-aeroespacial-a-traves-de-la-estrategia-2025-y-de-empresas-como-centum\/#breadcrumb","itemListElement":[{"@type":"ListItem","position":1,"name":"Home","item":"https:\/\/www.civiluavsinitiative.com\/gl\/"},{"@type":"ListItem","position":2,"name":"Conde asegura que Galicia est\u00e1 preparada para afrontar novos retos na industria aeroespacial a trav\u00e9s da Estratexia 2025 e de empresas como Centum"}]},{"@type":"WebSite","@id":"https:\/\/www.civiluavsinitiative.com\/#website","url":"https:\/\/www.civiluavsinitiative.com\/","name":"Civil UAVs Initiative","description":"Civil UAVs Initiative, favorece y fomenta el emprendimiento innovador, con el fin de atraer y retener en Galicia talento en el sector aeroespacial.","potentialAction":[{"@type":"SearchAction","target":{"@type":"EntryPoint","urlTemplate":"https:\/\/www.civiluavsinitiative.com\/?s={search_term_string}"},"query-input":"required name=search_term_string"}],"inLanguage":"gl-ES"},{"@type":"Person","@id":"https:\/\/www.civiluavsinitiative.com\/#\/schema\/person\/58af028627c8c00ec53ba6f40d2f9bac","name":"pvillanueva","image":{"@type":"ImageObject","inLanguage":"gl-ES","@id":"https:\/\/www.civiluavsinitiative.com\/#\/schema\/person\/image\/","url":"https:\/\/secure.gravatar.com\/avatar\/26c228395505196df76a7de2e9ed4de6?s=96&d=mm&r=g","contentUrl":"https:\/\/secure.gravatar.com\/avatar\/26c228395505196df76a7de2e9ed4de6?s=96&d=mm&r=g","caption":"pvillanueva"}}]}},"_links":{"self":[{"href":"https:\/\/www.civiluavsinitiative.com\/gl\/wp-json\/wp\/v2\/posts\/37802"}],"collection":[{"href":"https:\/\/www.civiluavsinitiative.com\/gl\/wp-json\/wp\/v2\/posts"}],"about":[{"href":"https:\/\/www.civiluavsinitiative.com\/gl\/wp-json\/wp\/v2\/types\/post"}],"author":[{"embeddable":true,"href":"https:\/\/www.civiluavsinitiative.com\/gl\/wp-json\/wp\/v2\/users\/3"}],"replies":[{"embeddable":true,"href":"https:\/\/www.civiluavsinitiative.com\/gl\/wp-json\/wp\/v2\/comments?post=37802"}],"version-history":[{"count":1,"href":"https:\/\/www.civiluavsinitiative.com\/gl\/wp-json\/wp\/v2\/posts\/37802\/revisions"}],"predecessor-version":[{"id":37803,"href":"https:\/\/www.civiluavsinitiative.com\/gl\/wp-json\/wp\/v2\/posts\/37802\/revisions\/37803"}],"wp:featuredmedia":[{"embeddable":true,"href":"https:\/\/www.civiluavsinitiative.com\/gl\/wp-json\/wp\/v2\/media\/37800"}],"wp:attachment":[{"href":"https:\/\/www.civiluavsinitiative.com\/gl\/wp-json\/wp\/v2\/media?parent=37802"}],"wp:term":[{"taxonomy":"category","embeddable":true,"href":"https:\/\/www.civiluavsinitiative.com\/gl\/wp-json\/wp\/v2\/categories?post=37802"},{"taxonomy":"post_tag","embeddable":true,"href":"https:\/\/www.civiluavsinitiative.com\/gl\/wp-json\/wp\/v2\/tags?post=37802"}],"curies":[{"name":"wp","href":"https:\/\/api.w.org\/{rel}","templated":true}]}}