{"id":37782,"date":"2021-07-05T13:32:12","date_gmt":"2021-07-05T11:32:12","guid":{"rendered":"https:\/\/www.civiluavsinitiative.com\/?p=37782"},"modified":"2021-07-05T13:32:12","modified_gmt":"2021-07-05T11:32:12","slug":"mais-dun-cento-de-expertos-e-preto-de-70-empresas-punteiras-do-sector-dos-vehiculos-non-tripulados-exporan-e-analizaran-en-galicia-as-novas-tecnoloxias-e-usos-dos-drons-na-sexta-edicion-de-unvex","status":"publish","type":"post","link":"https:\/\/www.civiluavsinitiative.com\/gl\/mais-dun-cento-de-expertos-e-preto-de-70-empresas-punteiras-do-sector-dos-vehiculos-non-tripulados-exporan-e-analizaran-en-galicia-as-novas-tecnoloxias-e-usos-dos-drons-na-sexta-edicion-de-unvex\/","title":{"rendered":"M\u00e1is dun cento de expertos e preto de 70 empresas punteiras do sector dos veh\u00edculos non tripulados expor\u00e1n e analizar\u00e1n en Galicia as novas tecnolox\u00edas e usos dos drons na sexta edici\u00f3n de Unvex"},"content":{"rendered":"<ul>\n<li>\n<h4>O maior encontro espa\u00f1ol de sistemas e veh\u00edculos non tripulados celebrarase os d\u00edas 7, 8 e 9 de xullo na Cidade da Cultura de Galicia en Santiago de Compostela, coa colaboraci\u00f3n da Xunta<\/h4>\n<\/li>\n<li>\n<h4>O Polo Aeroespacial de Galicia ter\u00e1 unha importante presenza no evento, coa participaci\u00f3n de empresas e centros de co\u00f1ecemento na exposici\u00f3n, no programa de conferencias e nas exhibici\u00f3ns<\/h4>\n<\/li>\n<li>\n<h4>A Escola Naval de Mar\u00edn e o Centro de Investigaci\u00f3n Aeroportada de Rozas (CIAR), en Castro de Rei (Lugo) acoller\u00e1n un amplo programa de demostraci\u00f3ns de sistemas non tripulados mar\u00edtimos e a\u00e9reos<\/h4>\n<\/li>\n<\/ul>\n<p>Santiago de Compostela, 5 de xullo de 2021. Unvex, o maior evento de veh\u00edculos non tripulados que se celebra en Espa\u00f1a, dar\u00e1 cita aos principais expertos nacionais e internacionais e empresas do sector os d\u00edas 7, 8 e 9 de xullo na Cidade da Cultura de Galicia en Santiago de Compostela, na Escola Naval de Mar\u00edn e no Centro de Investigaci\u00f3n Aeroportada de Rozas (CIAR) en Castro de Rei (Lugo).<\/p>\n<p>Unvex ten confirmadas preto de 70 empresas expositoras que amosar\u00e1n as s\u00faas novidades tecnol\u00f3xicas nos m\u00e1is de 2500 metros cadrados de exhibici\u00f3n, entre os que destacan compa\u00f1\u00edas tractoras do sector aeroespacial as\u00ed como pequenas e medianas empresas e operadoras.<\/p>\n<p>No congreso, organizado coa colaboraci\u00f3n da Xunta de Galicia, abordaranse a aplicaci\u00f3n e casos de uso de drons nos servizos p\u00fablicos, a utilidade de sistemas a\u00e9reos, terrestres e mari\u00f1os remotamente tripulados en seguridade e emerxencias as\u00ed como a relevancia da I+D+i e as oportunidades de emprego cualificado que xera este sector.<\/p>\n<p>O programa de conferencias contar\u00e1 con 120 po\u00f1entes en 22 sesi\u00f3ns, que traer\u00e1n a Galicia a destacados actores do sector, entre os que se atopan representantes da Axencia Estatal de Seguridade A\u00e9rea (AESA); da Axencia Europea de Seguridade A\u00e9rea (EASA); da Asociaci\u00f3n Espa\u00f1ola de Empresas Tecnol\u00f3xicas de Defensa, Seguridade, Aeron\u00e1utica e Espazo (TEDAE); do \u00f3rgano xestor da navegaci\u00f3n a\u00e9rea en Espa\u00f1a, Enaire; do Instituto Nacional de T\u00e9cnica Aeroespacial (INTA); do Ministerio de Transportes, Mobilidade e Axenda Urbana; do Ministerio de Ciencia e Innovaci\u00f3n; da Axencia Europea de Control de Pesca (EFCA); do Centro Tecnol\u00f3xico para o Desenvolvemento Industrial (CDTI); da Axencia Europea de Defensa ou da Frota de Vixilancia Terrestre da OTAN, entre outros.<\/p>\n<h3>Polo Aeroespacial de Galicia<\/h3>\n<p>A iniciativa pioneira da Xunta de Galicia para o impulso dunha industria dos veh\u00edculos non tripulados baseada na I+D+i, posta en marcha en 2015 e que ten garantida a s\u00faa continuidade coa Estratexia 2021-2025, ter\u00e1 unha destacada presenza en Unvex, coa participaci\u00f3n de representantes de empresas e centros de co\u00f1ecemento na \u00e1rea de exposici\u00f3n, no programa de conferencias e nas exhibici\u00f3ns.<\/p>\n<p>Ademais, a Business Factory Aero, a incubadora e aceleradora de proxectos especializada en veh\u00edculos non tripulados da Civil UAVs Initiative, ter\u00e1 presenza en UNVEX com mostrador propio e 10 dos seus proxectos expor\u00e1n as s\u00faas ideas e avances con pequenas ponencias na zona \u00c1gora do evento durante toda a ma\u00f1\u00e1 do m\u00e9rcores 7 e o xoves 8 de xu\u00f1o.<\/p>\n<p>Servir\u00e1 para amosar todo o potencial da industria aeroespacial galega no sector e para dar a co\u00f1ecer as capacidades do Centro de Investigaci\u00f3n Aeroportada de Rozas como centro de ensaios para a certificaci\u00f3n de veh\u00edculos a\u00e9reos non tripulados.<\/p>\n<p>O Goberno galego aposta por esta nova Estratexia do Polo Aeroespacial de Galicia de cara aos pr\u00f3ximos cinco anos co que se espera a participaci\u00f3n de m\u00e1is de 200 pemes do sector; a atracci\u00f3n de, alomenos, catro a oito empresas tractoras; a implantaci\u00f3n de 20 novas soluci\u00f3ns tecnol\u00f3xicas que permitan mellorar a eficacia, eficiencia e seguridade dos servizos p\u00fablicos; a firma de, como m\u00ednimo, cinco acordos de I+D de compra privada de innovaci\u00f3n ao ano; e a incubaci\u00f3n ou aceleraci\u00f3n de 24 novas empresas.<\/p>\n<h3>Demostraci\u00f3ns mar\u00edtimas e a\u00e9reas<\/h3>\n<p>Unvex conta cun amplo programa de demostraci\u00f3ns. O evento desplazarase na tarde do 8 de xullo \u00e1 Escola Naval de Mar\u00edn onde se realizar\u00e1n catro exhibici\u00f3ns de sistemas de superficie e un sistema a\u00e9reo dese\u00f1ado especificamente para operar desde embarcaci\u00f3ns.<\/p>\n<p>O 9 de xullo Unvex trasladarase ao Centro de Investigaci\u00f3n Aeroportada de Rozas (CIAR), en Castro de Rei (Lugo), no que se poder\u00e1n ver oito sistemas de ala fixa e ala rotatoria e un sistema contra UAS.<\/p>\n<p>Unvex ser\u00e1 tam\u00e9n escenario dunha presentaci\u00f3n de Ellas Vuelan Alto, a asociaci\u00f3n de profesionais do sector aeroespacial que traballa para fomentar a igualdade neste eido con actuaci\u00f3ns dirixidas a aumentar a participaci\u00f3n da muller na vida p\u00fablica e profesional, desenvolver proxectos que acheguen visibilidade \u00e1 muller e reco\u00f1ecemento \u00e1s s\u00faas competencias, incentivar a creaci\u00f3n de redes de mulleres en empresas do sector ou fomentar as profesi\u00f3ns do sector aeroespacial entre as novas xeraci\u00f3ns de nenas e mozas.<\/p>\n<p>M\u00e1is informaci\u00f3n en\u00a0<a href=\"https:\/\/www.unvex.es\/\" target=\"_self\" rel=\"noopener noreferrer\">https:\/\/www.unvex.es\/<\/a><\/p>\n","protected":false},"excerpt":{"rendered":"<p>O maior encontro espa\u00f1ol de sistemas e veh\u00edculos non tripulados celebrarase os d\u00edas 7, 8 e 9 de xullo na Cidade da Cultura de Galicia en Santiago de Compostela, coa colaboraci\u00f3n da Xunta O Polo Aeroespacial de Galicia ter\u00e1 unha importante presenza no evento, coa participaci\u00f3n de empresas e centros de co\u00f1ecemento na exposici\u00f3n, no [&hellip;]<\/p>\n","protected":false},"author":3,"featured_media":37025,"comment_status":"open","ping_status":"open","sticky":false,"template":"","format":"standard","meta":{"_et_pb_use_builder":"","_et_pb_old_content":"","_et_gb_content_width":""},"categories":[150],"tags":[],"acf":[],"yoast_head":"<!-- This site is optimized with the Yoast SEO plugin v20.9 - https:\/\/yoast.com\/wordpress\/plugins\/seo\/ -->\n<title>M\u00e1is dun cento de expertos e preto de 70 empresas punteiras do sector dos veh\u00edculos non tripulados expor\u00e1n e analizar\u00e1n en Galicia as novas tecnolox\u00edas e usos dos drons na sexta edici\u00f3n de Unvex - Civil UAVs Initiative<\/title>\n<meta name=\"robots\" content=\"index, follow, max-snippet:-1, max-image-preview:large, max-video-preview:-1\" \/>\n<link rel=\"canonical\" href=\"https:\/\/www.civiluavsinitiative.com\/mas-de-un-centenar-de-expertos-y-cerca-de-70-empresas-punteras-del-sector-de-los-vehiculos-no-tripulados-expondran-y-analizaran-en-galicia-las-nuevas-tecnologias-y-usos-de-los-drones-en-la-sexta-edici\/\" \/>\n<meta property=\"og:locale\" content=\"gl_ES\" \/>\n<meta property=\"og:type\" content=\"article\" \/>\n<meta property=\"og:title\" content=\"M\u00e1is dun cento de expertos e preto de 70 empresas punteiras do sector dos veh\u00edculos non tripulados expor\u00e1n e analizar\u00e1n en Galicia as novas tecnolox\u00edas e usos dos drons na sexta edici\u00f3n de Unvex - Civil UAVs Initiative\" \/>\n<meta property=\"og:description\" content=\"O maior encontro espa\u00f1ol de sistemas e veh\u00edculos non tripulados celebrarase os d\u00edas 7, 8 e 9 de xullo na Cidade da Cultura de Galicia en Santiago de Compostela, coa colaboraci\u00f3n da Xunta O Polo Aeroespacial de Galicia ter\u00e1 unha importante presenza no evento, coa participaci\u00f3n de empresas e centros de co\u00f1ecemento na exposici\u00f3n, no [&hellip;]\" \/>\n<meta property=\"og:url\" content=\"https:\/\/www.civiluavsinitiative.com\/mas-de-un-centenar-de-expertos-y-cerca-de-70-empresas-punteras-del-sector-de-los-vehiculos-no-tripulados-expondran-y-analizaran-en-galicia-las-nuevas-tecnologias-y-usos-de-los-drones-en-la-sexta-edici\/\" \/>\n<meta property=\"og:site_name\" content=\"Civil UAVs Initiative\" \/>\n<meta property=\"article:published_time\" content=\"2021-07-05T11:32:12+00:00\" \/>\n<meta property=\"og:image\" content=\"https:\/\/www.civiluavsinitiative.com\/wp-content\/uploads\/2021\/03\/3EDATA.jpg\" \/>\n\t<meta property=\"og:image:width\" content=\"742\" \/>\n\t<meta property=\"og:image:height\" content=\"552\" \/>\n\t<meta property=\"og:image:type\" content=\"image\/jpeg\" \/>\n<meta name=\"author\" content=\"pvillanueva\" \/>\n<meta name=\"twitter:card\" content=\"summary_large_image\" \/>\n<meta name=\"twitter:label1\" content=\"Escrito por\" \/>\n\t<meta name=\"twitter:data1\" content=\"pvillanueva\" \/>\n\t<meta name=\"twitter:label2\" content=\"Tempo de lectura\" \/>\n\t<meta name=\"twitter:data2\" content=\"4 minutos\" \/>\n<script type=\"application\/ld+json\" class=\"yoast-schema-graph\">{\"@context\":\"https:\/\/schema.org\",\"@graph\":[{\"@type\":\"WebPage\",\"@id\":\"https:\/\/www.civiluavsinitiative.com\/mas-de-un-centenar-de-expertos-y-cerca-de-70-empresas-punteras-del-sector-de-los-vehiculos-no-tripulados-expondran-y-analizaran-en-galicia-las-nuevas-tecnologias-y-usos-de-los-drones-en-la-sexta-edici\/\",\"url\":\"https:\/\/www.civiluavsinitiative.com\/mas-de-un-centenar-de-expertos-y-cerca-de-70-empresas-punteras-del-sector-de-los-vehiculos-no-tripulados-expondran-y-analizaran-en-galicia-las-nuevas-tecnologias-y-usos-de-los-drones-en-la-sexta-edici\/\",\"name\":\"M\u00e1is dun cento de expertos e preto de 70 empresas punteiras do sector dos veh\u00edculos non tripulados expor\u00e1n e analizar\u00e1n en Galicia as novas tecnolox\u00edas e usos dos drons na sexta edici\u00f3n de Unvex - Civil UAVs Initiative\",\"isPartOf\":{\"@id\":\"https:\/\/www.civiluavsinitiative.com\/#website\"},\"datePublished\":\"2021-07-05T11:32:12+00:00\",\"dateModified\":\"2021-07-05T11:32:12+00:00\",\"author\":{\"@id\":\"https:\/\/www.civiluavsinitiative.com\/#\/schema\/person\/58af028627c8c00ec53ba6f40d2f9bac\"},\"breadcrumb\":{\"@id\":\"https:\/\/www.civiluavsinitiative.com\/mas-de-un-centenar-de-expertos-y-cerca-de-70-empresas-punteras-del-sector-de-los-vehiculos-no-tripulados-expondran-y-analizaran-en-galicia-las-nuevas-tecnologias-y-usos-de-los-drones-en-la-sexta-edici\/#breadcrumb\"},\"inLanguage\":\"gl-ES\",\"potentialAction\":[{\"@type\":\"ReadAction\",\"target\":[\"https:\/\/www.civiluavsinitiative.com\/mas-de-un-centenar-de-expertos-y-cerca-de-70-empresas-punteras-del-sector-de-los-vehiculos-no-tripulados-expondran-y-analizaran-en-galicia-las-nuevas-tecnologias-y-usos-de-los-drones-en-la-sexta-edici\/\"]}]},{\"@type\":\"BreadcrumbList\",\"@id\":\"https:\/\/www.civiluavsinitiative.com\/mas-de-un-centenar-de-expertos-y-cerca-de-70-empresas-punteras-del-sector-de-los-vehiculos-no-tripulados-expondran-y-analizaran-en-galicia-las-nuevas-tecnologias-y-usos-de-los-drones-en-la-sexta-edici\/#breadcrumb\",\"itemListElement\":[{\"@type\":\"ListItem\",\"position\":1,\"name\":\"Home\",\"item\":\"https:\/\/www.civiluavsinitiative.com\/gl\/\"},{\"@type\":\"ListItem\",\"position\":2,\"name\":\"M\u00e1is dun cento de expertos e preto de 70 empresas punteiras do sector dos veh\u00edculos non tripulados expor\u00e1n e analizar\u00e1n en Galicia as novas tecnolox\u00edas e usos dos drons na sexta edici\u00f3n de Unvex\"}]},{\"@type\":\"WebSite\",\"@id\":\"https:\/\/www.civiluavsinitiative.com\/#website\",\"url\":\"https:\/\/www.civiluavsinitiative.com\/\",\"name\":\"Civil UAVs Initiative\",\"description\":\"Civil UAVs Initiative, favorece y fomenta el emprendimiento innovador, con el fin de atraer y retener en Galicia talento en el sector aeroespacial.\",\"potentialAction\":[{\"@type\":\"SearchAction\",\"target\":{\"@type\":\"EntryPoint\",\"urlTemplate\":\"https:\/\/www.civiluavsinitiative.com\/?s={search_term_string}\"},\"query-input\":\"required name=search_term_string\"}],\"inLanguage\":\"gl-ES\"},{\"@type\":\"Person\",\"@id\":\"https:\/\/www.civiluavsinitiative.com\/#\/schema\/person\/58af028627c8c00ec53ba6f40d2f9bac\",\"name\":\"pvillanueva\",\"image\":{\"@type\":\"ImageObject\",\"inLanguage\":\"gl-ES\",\"@id\":\"https:\/\/www.civiluavsinitiative.com\/#\/schema\/person\/image\/\",\"url\":\"https:\/\/secure.gravatar.com\/avatar\/26c228395505196df76a7de2e9ed4de6?s=96&d=mm&r=g\",\"contentUrl\":\"https:\/\/secure.gravatar.com\/avatar\/26c228395505196df76a7de2e9ed4de6?s=96&d=mm&r=g\",\"caption\":\"pvillanueva\"}}]}<\/script>\n<!-- \/ Yoast SEO plugin. -->","yoast_head_json":{"title":"M\u00e1is dun cento de expertos e preto de 70 empresas punteiras do sector dos veh\u00edculos non tripulados expor\u00e1n e analizar\u00e1n en Galicia as novas tecnolox\u00edas e usos dos drons na sexta edici\u00f3n de Unvex - Civil UAVs Initiative","robots":{"index":"index","follow":"follow","max-snippet":"max-snippet:-1","max-image-preview":"max-image-preview:large","max-video-preview":"max-video-preview:-1"},"canonical":"https:\/\/www.civiluavsinitiative.com\/mas-de-un-centenar-de-expertos-y-cerca-de-70-empresas-punteras-del-sector-de-los-vehiculos-no-tripulados-expondran-y-analizaran-en-galicia-las-nuevas-tecnologias-y-usos-de-los-drones-en-la-sexta-edici\/","og_locale":"gl_ES","og_type":"article","og_title":"M\u00e1is dun cento de expertos e preto de 70 empresas punteiras do sector dos veh\u00edculos non tripulados expor\u00e1n e analizar\u00e1n en Galicia as novas tecnolox\u00edas e usos dos drons na sexta edici\u00f3n de Unvex - Civil UAVs Initiative","og_description":"O maior encontro espa\u00f1ol de sistemas e veh\u00edculos non tripulados celebrarase os d\u00edas 7, 8 e 9 de xullo na Cidade da Cultura de Galicia en Santiago de Compostela, coa colaboraci\u00f3n da Xunta O Polo Aeroespacial de Galicia ter\u00e1 unha importante presenza no evento, coa participaci\u00f3n de empresas e centros de co\u00f1ecemento na exposici\u00f3n, no [&hellip;]","og_url":"https:\/\/www.civiluavsinitiative.com\/mas-de-un-centenar-de-expertos-y-cerca-de-70-empresas-punteras-del-sector-de-los-vehiculos-no-tripulados-expondran-y-analizaran-en-galicia-las-nuevas-tecnologias-y-usos-de-los-drones-en-la-sexta-edici\/","og_site_name":"Civil UAVs Initiative","article_published_time":"2021-07-05T11:32:12+00:00","og_image":[{"width":742,"height":552,"url":"https:\/\/www.civiluavsinitiative.com\/wp-content\/uploads\/2021\/03\/3EDATA.jpg","type":"image\/jpeg"}],"author":"pvillanueva","twitter_card":"summary_large_image","twitter_misc":{"Escrito por":"pvillanueva","Tempo de lectura":"4 minutos"},"schema":{"@context":"https:\/\/schema.org","@graph":[{"@type":"WebPage","@id":"https:\/\/www.civiluavsinitiative.com\/mas-de-un-centenar-de-expertos-y-cerca-de-70-empresas-punteras-del-sector-de-los-vehiculos-no-tripulados-expondran-y-analizaran-en-galicia-las-nuevas-tecnologias-y-usos-de-los-drones-en-la-sexta-edici\/","url":"https:\/\/www.civiluavsinitiative.com\/mas-de-un-centenar-de-expertos-y-cerca-de-70-empresas-punteras-del-sector-de-los-vehiculos-no-tripulados-expondran-y-analizaran-en-galicia-las-nuevas-tecnologias-y-usos-de-los-drones-en-la-sexta-edici\/","name":"M\u00e1is dun cento de expertos e preto de 70 empresas punteiras do sector dos veh\u00edculos non tripulados expor\u00e1n e analizar\u00e1n en Galicia as novas tecnolox\u00edas e usos dos drons na sexta edici\u00f3n de Unvex - Civil UAVs Initiative","isPartOf":{"@id":"https:\/\/www.civiluavsinitiative.com\/#website"},"datePublished":"2021-07-05T11:32:12+00:00","dateModified":"2021-07-05T11:32:12+00:00","author":{"@id":"https:\/\/www.civiluavsinitiative.com\/#\/schema\/person\/58af028627c8c00ec53ba6f40d2f9bac"},"breadcrumb":{"@id":"https:\/\/www.civiluavsinitiative.com\/mas-de-un-centenar-de-expertos-y-cerca-de-70-empresas-punteras-del-sector-de-los-vehiculos-no-tripulados-expondran-y-analizaran-en-galicia-las-nuevas-tecnologias-y-usos-de-los-drones-en-la-sexta-edici\/#breadcrumb"},"inLanguage":"gl-ES","potentialAction":[{"@type":"ReadAction","target":["https:\/\/www.civiluavsinitiative.com\/mas-de-un-centenar-de-expertos-y-cerca-de-70-empresas-punteras-del-sector-de-los-vehiculos-no-tripulados-expondran-y-analizaran-en-galicia-las-nuevas-tecnologias-y-usos-de-los-drones-en-la-sexta-edici\/"]}]},{"@type":"BreadcrumbList","@id":"https:\/\/www.civiluavsinitiative.com\/mas-de-un-centenar-de-expertos-y-cerca-de-70-empresas-punteras-del-sector-de-los-vehiculos-no-tripulados-expondran-y-analizaran-en-galicia-las-nuevas-tecnologias-y-usos-de-los-drones-en-la-sexta-edici\/#breadcrumb","itemListElement":[{"@type":"ListItem","position":1,"name":"Home","item":"https:\/\/www.civiluavsinitiative.com\/gl\/"},{"@type":"ListItem","position":2,"name":"M\u00e1is dun cento de expertos e preto de 70 empresas punteiras do sector dos veh\u00edculos non tripulados expor\u00e1n e analizar\u00e1n en Galicia as novas tecnolox\u00edas e usos dos drons na sexta edici\u00f3n de Unvex"}]},{"@type":"WebSite","@id":"https:\/\/www.civiluavsinitiative.com\/#website","url":"https:\/\/www.civiluavsinitiative.com\/","name":"Civil UAVs Initiative","description":"Civil UAVs Initiative, favorece y fomenta el emprendimiento innovador, con el fin de atraer y retener en Galicia talento en el sector aeroespacial.","potentialAction":[{"@type":"SearchAction","target":{"@type":"EntryPoint","urlTemplate":"https:\/\/www.civiluavsinitiative.com\/?s={search_term_string}"},"query-input":"required name=search_term_string"}],"inLanguage":"gl-ES"},{"@type":"Person","@id":"https:\/\/www.civiluavsinitiative.com\/#\/schema\/person\/58af028627c8c00ec53ba6f40d2f9bac","name":"pvillanueva","image":{"@type":"ImageObject","inLanguage":"gl-ES","@id":"https:\/\/www.civiluavsinitiative.com\/#\/schema\/person\/image\/","url":"https:\/\/secure.gravatar.com\/avatar\/26c228395505196df76a7de2e9ed4de6?s=96&d=mm&r=g","contentUrl":"https:\/\/secure.gravatar.com\/avatar\/26c228395505196df76a7de2e9ed4de6?s=96&d=mm&r=g","caption":"pvillanueva"}}]}},"_links":{"self":[{"href":"https:\/\/www.civiluavsinitiative.com\/gl\/wp-json\/wp\/v2\/posts\/37782"}],"collection":[{"href":"https:\/\/www.civiluavsinitiative.com\/gl\/wp-json\/wp\/v2\/posts"}],"about":[{"href":"https:\/\/www.civiluavsinitiative.com\/gl\/wp-json\/wp\/v2\/types\/post"}],"author":[{"embeddable":true,"href":"https:\/\/www.civiluavsinitiative.com\/gl\/wp-json\/wp\/v2\/users\/3"}],"replies":[{"embeddable":true,"href":"https:\/\/www.civiluavsinitiative.com\/gl\/wp-json\/wp\/v2\/comments?post=37782"}],"version-history":[{"count":1,"href":"https:\/\/www.civiluavsinitiative.com\/gl\/wp-json\/wp\/v2\/posts\/37782\/revisions"}],"predecessor-version":[{"id":37783,"href":"https:\/\/www.civiluavsinitiative.com\/gl\/wp-json\/wp\/v2\/posts\/37782\/revisions\/37783"}],"wp:featuredmedia":[{"embeddable":true,"href":"https:\/\/www.civiluavsinitiative.com\/gl\/wp-json\/wp\/v2\/media\/37025"}],"wp:attachment":[{"href":"https:\/\/www.civiluavsinitiative.com\/gl\/wp-json\/wp\/v2\/media?parent=37782"}],"wp:term":[{"taxonomy":"category","embeddable":true,"href":"https:\/\/www.civiluavsinitiative.com\/gl\/wp-json\/wp\/v2\/categories?post=37782"},{"taxonomy":"post_tag","embeddable":true,"href":"https:\/\/www.civiluavsinitiative.com\/gl\/wp-json\/wp\/v2\/tags?post=37782"}],"curies":[{"name":"wp","href":"https:\/\/api.w.org\/{rel}","templated":true}]}}