{"id":37765,"date":"2021-06-17T09:19:56","date_gmt":"2021-06-17T07:19:56","guid":{"rendered":"https:\/\/www.civiluavsinitiative.com\/?p=37765"},"modified":"2022-11-17T10:35:24","modified_gmt":"2022-11-17T09:35:24","slug":"galicia-avanza-co-sector-a-nivel-estatal-as-principais-linas-do-polo-aeroespacial-de-galicia-para-o-periodo-2021-2025","status":"publish","type":"post","link":"https:\/\/www.civiluavsinitiative.com\/gl\/galicia-avanza-co-sector-a-nivel-estatal-as-principais-linas-do-polo-aeroespacial-de-galicia-para-o-periodo-2021-2025\/","title":{"rendered":"Galicia avanza co sector a nivel estatal as principais li\u00f1as do Polo Aeroespacial de Galicia para o per\u00edodo 2021-2025"},"content":{"rendered":"<ul>\n<li>A directora da Axencia Galega de Innovaci\u00f3n (Gain), Patricia Argerey, participou esta ma\u00f1\u00e1 nunha xornada organizada pola Plataforma Tecnol\u00f3gica Aeroespacial Espa\u00f1ola<\/li>\n<li>O Goberno galego apoiar\u00e1 con este plan diferentes li\u00f1as tecnol\u00f3xicas para responder \u00e1s necesidades do sector p\u00fablico e privado, como as plataformas non tripuladas de uso civil, as contornas de simulaci\u00f3n ou os ensaios avanzados para o tr\u00e1fico a\u00e9reo<\/li>\n<\/ul>\n<p>Santiago de Compostela, 17 de xu\u00f1o de 2021.- A directora da Axencia Galega de Innovaci\u00f3n (Gain), Patricia Argerey, participou esta ma\u00f1\u00e1 nunha mesa redonda sobre novas oportunidades para o desenvolvemento tecnol\u00f3xico dos veh\u00edculos non tripulados, no marco da xornada\u00a0<span class=\"caps\">UAS<\/span>\u00a0en Espa\u00f1a: Prioridades tecnol\u00f3xicas e oportunidades para o seu desenvolvemento, organizada pola Plataforma Tecnol\u00f3gica Aeroespacial Espa\u00f1ola.<\/p>\n<p>Argerey avanzou as principais li\u00f1as do novo Plan Estrat\u00e9xico do Polo Aeroespacial de Galicia para o per\u00edodo 2021-2025 facendo especial fincap\u00e9 nas li\u00f1as tecnol\u00f3xicas nas que se financiar\u00e1n investimentos para responder \u00e1s necesidades do sector p\u00fablico e privado. Entre os novos retos at\u00f3panse a atenci\u00f3n \u00e1 dependencia, a xesti\u00f3n de emerxencias, a modernizaci\u00f3n da agricultura, a seguridade tur\u00edstica, a xesti\u00f3n sostible dos recursos forestais, da biodiversidade ou da auga, a mobilidade ou as enerx\u00edas renovables, en paralelo ademais cos retos verdes identificados como prioritarios nas pol\u00edticas europeas. Todo elo no marco do grande obxectivo estrat\u00e9xico para este novo per\u00edodo, que pasa por afianzar a Galicia como un referente industrial no sector dos veh\u00edculos non tripulados.<\/p>\n<p>Neste sentido, destacou varias actuaci\u00f3ns que permitir\u00e1n intensificar o alcance das soluci\u00f3ns tecnol\u00f3xicas pr\u00f3ximas ao mercado como o despregamento das soluci\u00f3ns xa creadas, o investimento noutras que estean xa moi traballadas e o desenvolvemento de soluci\u00f3ns novas que dean resposta aos retos m\u00e1is recentes e futuros mediante novos contratos de Compra P\u00fablica de Tecnolox\u00eda Innovadora (<span class=\"caps\">CPTI<\/span>).<\/p>\n<p>Entre as li\u00f1as tecnol\u00f3xicas que apoiar\u00e1 a Xunta at\u00f3panse as plataformas non tripuladas de uso civil, as contornas de simulaci\u00f3n e ensaios avanzados para o tr\u00e1fico a\u00e9reo, os equipos embarcados, os materiais avanzados para veh\u00edculos non tripulados ou as fontes de enerx\u00eda embarcadas.<\/p>\n<p>O obxectivo do Goberno galego de cara aos pr\u00f3ximos cinco anos \u00e9 acadar a participaci\u00f3n de m\u00e1is de 200 pemes do sector; a atracci\u00f3n de, alomenos, catro a oito empresas tractoras; a implantaci\u00f3n de 20 novas soluci\u00f3ns tecnol\u00f3xicas que permitan mellorar a eficacia, eficiencia e seguridade dos servizos p\u00fablicos; a firma de, como m\u00ednimo, cinco acordos de I+D de compra privada de innovaci\u00f3n ao ano; e a incubaci\u00f3n ou aceleraci\u00f3n de 24 novas empresas.<\/p>\n<p>A directora de Gain aproveitou o acto para recordar que o Polo Aeroespacial de Galicia, desde a s\u00faa posta en marcha no ano 2015, ten permitido mobilizar 164 mill\u00f3ns de euros \u2013dez veces m\u00e1is do investimento previsto\u2013 e sumar a participaci\u00f3n de 937 profesionais e medio cento de pemes e centros de co\u00f1ecemento galegos, ademais da implicaci\u00f3n de tres compa\u00f1\u00edas referentes no sector como son Indra, Babcock e Boeing.<\/p>\n","protected":false},"excerpt":{"rendered":"<p>A directora da Axencia Galega de Innovaci\u00f3n (Gain), Patricia Argerey, participou esta ma\u00f1\u00e1 nunha xornada organizada pola Plataforma Tecnol\u00f3gica Aeroespacial Espa\u00f1ola O Goberno galego apoiar\u00e1 con este plan diferentes li\u00f1as tecnol\u00f3xicas para responder \u00e1s necesidades do sector p\u00fablico e privado, como as plataformas non tripuladas de uso civil, as contornas de simulaci\u00f3n ou os ensaios [&hellip;]<\/p>\n","protected":false},"author":3,"featured_media":37766,"comment_status":"open","ping_status":"open","sticky":false,"template":"","format":"standard","meta":{"_et_pb_use_builder":"","_et_pb_old_content":"","_et_gb_content_width":""},"categories":[150],"tags":[],"acf":[],"yoast_head":"<!-- This site is optimized with the Yoast SEO plugin v20.9 - https:\/\/yoast.com\/wordpress\/plugins\/seo\/ -->\n<title>Galicia avanza co sector a nivel estatal as principais li\u00f1as do Polo Aeroespacial de Galicia para o per\u00edodo 2021-2025 - Civil UAVs Initiative<\/title>\n<meta name=\"robots\" content=\"index, follow, max-snippet:-1, max-image-preview:large, max-video-preview:-1\" \/>\n<link rel=\"canonical\" href=\"https:\/\/www.civiluavsinitiative.com\/galicia-avanza-con-el-sector-a-nivel-estatal-las-principales-lineas-del-polo-aeroespacial-de-galicia-para-el-periodo-2021-2025\/\" \/>\n<meta property=\"og:locale\" content=\"gl_ES\" \/>\n<meta property=\"og:type\" content=\"article\" \/>\n<meta property=\"og:title\" content=\"Galicia avanza co sector a nivel estatal as principais li\u00f1as do Polo Aeroespacial de Galicia para o per\u00edodo 2021-2025 - Civil UAVs Initiative\" \/>\n<meta property=\"og:description\" content=\"A directora da Axencia Galega de Innovaci\u00f3n (Gain), Patricia Argerey, participou esta ma\u00f1\u00e1 nunha xornada organizada pola Plataforma Tecnol\u00f3gica Aeroespacial Espa\u00f1ola O Goberno galego apoiar\u00e1 con este plan diferentes li\u00f1as tecnol\u00f3xicas para responder \u00e1s necesidades do sector p\u00fablico e privado, como as plataformas non tripuladas de uso civil, as contornas de simulaci\u00f3n ou os ensaios [&hellip;]\" \/>\n<meta property=\"og:url\" content=\"https:\/\/www.civiluavsinitiative.com\/galicia-avanza-con-el-sector-a-nivel-estatal-las-principales-lineas-del-polo-aeroespacial-de-galicia-para-el-periodo-2021-2025\/\" \/>\n<meta property=\"og:site_name\" content=\"Civil UAVs Initiative\" \/>\n<meta property=\"article:published_time\" content=\"2021-06-17T07:19:56+00:00\" \/>\n<meta property=\"article:modified_time\" content=\"2022-11-17T09:35:24+00:00\" \/>\n<meta property=\"og:image\" content=\"https:\/\/www.civiluavsinitiative.com\/wp-content\/uploads\/2021\/06\/21-jun.jpg\" \/>\n\t<meta property=\"og:image:width\" content=\"907\" \/>\n\t<meta property=\"og:image:height\" content=\"604\" \/>\n\t<meta property=\"og:image:type\" content=\"image\/jpeg\" \/>\n<meta name=\"author\" content=\"pvillanueva\" \/>\n<meta name=\"twitter:card\" content=\"summary_large_image\" \/>\n<meta name=\"twitter:label1\" content=\"Escrito por\" \/>\n\t<meta name=\"twitter:data1\" content=\"pvillanueva\" \/>\n\t<meta name=\"twitter:label2\" content=\"Tempo de lectura\" \/>\n\t<meta name=\"twitter:data2\" content=\"3 minutos\" \/>\n<script type=\"application\/ld+json\" class=\"yoast-schema-graph\">{\"@context\":\"https:\/\/schema.org\",\"@graph\":[{\"@type\":\"WebPage\",\"@id\":\"https:\/\/www.civiluavsinitiative.com\/galicia-avanza-con-el-sector-a-nivel-estatal-las-principales-lineas-del-polo-aeroespacial-de-galicia-para-el-periodo-2021-2025\/\",\"url\":\"https:\/\/www.civiluavsinitiative.com\/galicia-avanza-con-el-sector-a-nivel-estatal-las-principales-lineas-del-polo-aeroespacial-de-galicia-para-el-periodo-2021-2025\/\",\"name\":\"Galicia avanza co sector a nivel estatal as principais li\u00f1as do Polo Aeroespacial de Galicia para o per\u00edodo 2021-2025 - Civil UAVs Initiative\",\"isPartOf\":{\"@id\":\"https:\/\/www.civiluavsinitiative.com\/#website\"},\"datePublished\":\"2021-06-17T07:19:56+00:00\",\"dateModified\":\"2022-11-17T09:35:24+00:00\",\"author\":{\"@id\":\"https:\/\/www.civiluavsinitiative.com\/#\/schema\/person\/58af028627c8c00ec53ba6f40d2f9bac\"},\"breadcrumb\":{\"@id\":\"https:\/\/www.civiluavsinitiative.com\/galicia-avanza-con-el-sector-a-nivel-estatal-las-principales-lineas-del-polo-aeroespacial-de-galicia-para-el-periodo-2021-2025\/#breadcrumb\"},\"inLanguage\":\"gl-ES\",\"potentialAction\":[{\"@type\":\"ReadAction\",\"target\":[\"https:\/\/www.civiluavsinitiative.com\/galicia-avanza-con-el-sector-a-nivel-estatal-las-principales-lineas-del-polo-aeroespacial-de-galicia-para-el-periodo-2021-2025\/\"]}]},{\"@type\":\"BreadcrumbList\",\"@id\":\"https:\/\/www.civiluavsinitiative.com\/galicia-avanza-con-el-sector-a-nivel-estatal-las-principales-lineas-del-polo-aeroespacial-de-galicia-para-el-periodo-2021-2025\/#breadcrumb\",\"itemListElement\":[{\"@type\":\"ListItem\",\"position\":1,\"name\":\"Home\",\"item\":\"https:\/\/www.civiluavsinitiative.com\/gl\/\"},{\"@type\":\"ListItem\",\"position\":2,\"name\":\"Galicia avanza co sector a nivel estatal as principais li\u00f1as do Polo Aeroespacial de Galicia para o per\u00edodo 2021-2025\"}]},{\"@type\":\"WebSite\",\"@id\":\"https:\/\/www.civiluavsinitiative.com\/#website\",\"url\":\"https:\/\/www.civiluavsinitiative.com\/\",\"name\":\"Civil UAVs Initiative\",\"description\":\"Civil UAVs Initiative, favorece y fomenta el emprendimiento innovador, con el fin de atraer y retener en Galicia talento en el sector aeroespacial.\",\"potentialAction\":[{\"@type\":\"SearchAction\",\"target\":{\"@type\":\"EntryPoint\",\"urlTemplate\":\"https:\/\/www.civiluavsinitiative.com\/?s={search_term_string}\"},\"query-input\":\"required name=search_term_string\"}],\"inLanguage\":\"gl-ES\"},{\"@type\":\"Person\",\"@id\":\"https:\/\/www.civiluavsinitiative.com\/#\/schema\/person\/58af028627c8c00ec53ba6f40d2f9bac\",\"name\":\"pvillanueva\",\"image\":{\"@type\":\"ImageObject\",\"inLanguage\":\"gl-ES\",\"@id\":\"https:\/\/www.civiluavsinitiative.com\/#\/schema\/person\/image\/\",\"url\":\"https:\/\/secure.gravatar.com\/avatar\/26c228395505196df76a7de2e9ed4de6?s=96&d=mm&r=g\",\"contentUrl\":\"https:\/\/secure.gravatar.com\/avatar\/26c228395505196df76a7de2e9ed4de6?s=96&d=mm&r=g\",\"caption\":\"pvillanueva\"}}]}<\/script>\n<!-- \/ Yoast SEO plugin. -->","yoast_head_json":{"title":"Galicia avanza co sector a nivel estatal as principais li\u00f1as do Polo Aeroespacial de Galicia para o per\u00edodo 2021-2025 - Civil UAVs Initiative","robots":{"index":"index","follow":"follow","max-snippet":"max-snippet:-1","max-image-preview":"max-image-preview:large","max-video-preview":"max-video-preview:-1"},"canonical":"https:\/\/www.civiluavsinitiative.com\/galicia-avanza-con-el-sector-a-nivel-estatal-las-principales-lineas-del-polo-aeroespacial-de-galicia-para-el-periodo-2021-2025\/","og_locale":"gl_ES","og_type":"article","og_title":"Galicia avanza co sector a nivel estatal as principais li\u00f1as do Polo Aeroespacial de Galicia para o per\u00edodo 2021-2025 - Civil UAVs Initiative","og_description":"A directora da Axencia Galega de Innovaci\u00f3n (Gain), Patricia Argerey, participou esta ma\u00f1\u00e1 nunha xornada organizada pola Plataforma Tecnol\u00f3gica Aeroespacial Espa\u00f1ola O Goberno galego apoiar\u00e1 con este plan diferentes li\u00f1as tecnol\u00f3xicas para responder \u00e1s necesidades do sector p\u00fablico e privado, como as plataformas non tripuladas de uso civil, as contornas de simulaci\u00f3n ou os ensaios [&hellip;]","og_url":"https:\/\/www.civiluavsinitiative.com\/galicia-avanza-con-el-sector-a-nivel-estatal-las-principales-lineas-del-polo-aeroespacial-de-galicia-para-el-periodo-2021-2025\/","og_site_name":"Civil UAVs Initiative","article_published_time":"2021-06-17T07:19:56+00:00","article_modified_time":"2022-11-17T09:35:24+00:00","og_image":[{"width":907,"height":604,"url":"https:\/\/www.civiluavsinitiative.com\/wp-content\/uploads\/2021\/06\/21-jun.jpg","type":"image\/jpeg"}],"author":"pvillanueva","twitter_card":"summary_large_image","twitter_misc":{"Escrito por":"pvillanueva","Tempo de lectura":"3 minutos"},"schema":{"@context":"https:\/\/schema.org","@graph":[{"@type":"WebPage","@id":"https:\/\/www.civiluavsinitiative.com\/galicia-avanza-con-el-sector-a-nivel-estatal-las-principales-lineas-del-polo-aeroespacial-de-galicia-para-el-periodo-2021-2025\/","url":"https:\/\/www.civiluavsinitiative.com\/galicia-avanza-con-el-sector-a-nivel-estatal-las-principales-lineas-del-polo-aeroespacial-de-galicia-para-el-periodo-2021-2025\/","name":"Galicia avanza co sector a nivel estatal as principais li\u00f1as do Polo Aeroespacial de Galicia para o per\u00edodo 2021-2025 - Civil UAVs Initiative","isPartOf":{"@id":"https:\/\/www.civiluavsinitiative.com\/#website"},"datePublished":"2021-06-17T07:19:56+00:00","dateModified":"2022-11-17T09:35:24+00:00","author":{"@id":"https:\/\/www.civiluavsinitiative.com\/#\/schema\/person\/58af028627c8c00ec53ba6f40d2f9bac"},"breadcrumb":{"@id":"https:\/\/www.civiluavsinitiative.com\/galicia-avanza-con-el-sector-a-nivel-estatal-las-principales-lineas-del-polo-aeroespacial-de-galicia-para-el-periodo-2021-2025\/#breadcrumb"},"inLanguage":"gl-ES","potentialAction":[{"@type":"ReadAction","target":["https:\/\/www.civiluavsinitiative.com\/galicia-avanza-con-el-sector-a-nivel-estatal-las-principales-lineas-del-polo-aeroespacial-de-galicia-para-el-periodo-2021-2025\/"]}]},{"@type":"BreadcrumbList","@id":"https:\/\/www.civiluavsinitiative.com\/galicia-avanza-con-el-sector-a-nivel-estatal-las-principales-lineas-del-polo-aeroespacial-de-galicia-para-el-periodo-2021-2025\/#breadcrumb","itemListElement":[{"@type":"ListItem","position":1,"name":"Home","item":"https:\/\/www.civiluavsinitiative.com\/gl\/"},{"@type":"ListItem","position":2,"name":"Galicia avanza co sector a nivel estatal as principais li\u00f1as do Polo Aeroespacial de Galicia para o per\u00edodo 2021-2025"}]},{"@type":"WebSite","@id":"https:\/\/www.civiluavsinitiative.com\/#website","url":"https:\/\/www.civiluavsinitiative.com\/","name":"Civil UAVs Initiative","description":"Civil UAVs Initiative, favorece y fomenta el emprendimiento innovador, con el fin de atraer y retener en Galicia talento en el sector aeroespacial.","potentialAction":[{"@type":"SearchAction","target":{"@type":"EntryPoint","urlTemplate":"https:\/\/www.civiluavsinitiative.com\/?s={search_term_string}"},"query-input":"required name=search_term_string"}],"inLanguage":"gl-ES"},{"@type":"Person","@id":"https:\/\/www.civiluavsinitiative.com\/#\/schema\/person\/58af028627c8c00ec53ba6f40d2f9bac","name":"pvillanueva","image":{"@type":"ImageObject","inLanguage":"gl-ES","@id":"https:\/\/www.civiluavsinitiative.com\/#\/schema\/person\/image\/","url":"https:\/\/secure.gravatar.com\/avatar\/26c228395505196df76a7de2e9ed4de6?s=96&d=mm&r=g","contentUrl":"https:\/\/secure.gravatar.com\/avatar\/26c228395505196df76a7de2e9ed4de6?s=96&d=mm&r=g","caption":"pvillanueva"}}]}},"_links":{"self":[{"href":"https:\/\/www.civiluavsinitiative.com\/gl\/wp-json\/wp\/v2\/posts\/37765"}],"collection":[{"href":"https:\/\/www.civiluavsinitiative.com\/gl\/wp-json\/wp\/v2\/posts"}],"about":[{"href":"https:\/\/www.civiluavsinitiative.com\/gl\/wp-json\/wp\/v2\/types\/post"}],"author":[{"embeddable":true,"href":"https:\/\/www.civiluavsinitiative.com\/gl\/wp-json\/wp\/v2\/users\/3"}],"replies":[{"embeddable":true,"href":"https:\/\/www.civiluavsinitiative.com\/gl\/wp-json\/wp\/v2\/comments?post=37765"}],"version-history":[{"count":1,"href":"https:\/\/www.civiluavsinitiative.com\/gl\/wp-json\/wp\/v2\/posts\/37765\/revisions"}],"predecessor-version":[{"id":37769,"href":"https:\/\/www.civiluavsinitiative.com\/gl\/wp-json\/wp\/v2\/posts\/37765\/revisions\/37769"}],"wp:featuredmedia":[{"embeddable":true,"href":"https:\/\/www.civiluavsinitiative.com\/gl\/wp-json\/wp\/v2\/media\/37766"}],"wp:attachment":[{"href":"https:\/\/www.civiluavsinitiative.com\/gl\/wp-json\/wp\/v2\/media?parent=37765"}],"wp:term":[{"taxonomy":"category","embeddable":true,"href":"https:\/\/www.civiluavsinitiative.com\/gl\/wp-json\/wp\/v2\/categories?post=37765"},{"taxonomy":"post_tag","embeddable":true,"href":"https:\/\/www.civiluavsinitiative.com\/gl\/wp-json\/wp\/v2\/tags?post=37765"}],"curies":[{"name":"wp","href":"https:\/\/api.w.org\/{rel}","templated":true}]}}