{"id":37763,"date":"2021-06-14T09:16:52","date_gmt":"2021-06-14T07:16:52","guid":{"rendered":"https:\/\/www.civiluavsinitiative.com\/?p=37763"},"modified":"2021-06-29T09:23:37","modified_gmt":"2021-06-29T07:23:37","slug":"a-xunta-avanza-co-inta-no-deseno-do-polo-aeroespacial-de-2025-co-obxectivo-de-consolidar-galicia-como-un-referente-no-sector","status":"publish","type":"post","link":"https:\/\/www.civiluavsinitiative.com\/gl\/a-xunta-avanza-co-inta-no-deseno-do-polo-aeroespacial-de-2025-co-obxectivo-de-consolidar-galicia-como-un-referente-no-sector\/","title":{"rendered":"A Xunta avanza co Inta no dese\u00f1o do polo aeroespacial de 2025 co obxectivo de consolidar Galicia como un referente no sector"},"content":{"rendered":"<ul>\n<li>A nova Estratexia 2021-2025 contempla a atracci\u00f3n de 4 a 8 empresas tractoras da industria aeroespacial e a participaci\u00f3n de m\u00e1is de 200 empresas, sobre todo pemes<\/li>\n<li>O Polo xa ten comprometidos preto de 70M\u20ac para o seu desenvolvemento nos pr\u00f3ximos cinco anos e, de obter fondos europeos, poder\u00eda chegar a mobilizar 540 mill\u00f3ns de investimento p\u00fablico-privado<\/li>\n<li>Desde a s\u00faa posta en marcha en 2015, a iniciativa xa ten permitido mobilizar un investimento de 164 mill\u00f3ns de euros e conta coa implicaci\u00f3n de tres compa\u00f1\u00edas referentes como Indra, Babcock e Boeing<\/li>\n<\/ul>\n<p>Torrej\u00f3n de Ardoz (Madrid), 14 de xu\u00f1o de 2021.- O vicepresidente econ\u00f3mico e conselleiro de Econom\u00eda, Empresa e Innovaci\u00f3n, Francisco Conde, mantivo esta ma\u00f1\u00e1 en Madrid unha reuni\u00f3n de traballo co director xeral do Instituto Nacional de T\u00e9cnica Aeroespacial (Inta), Jos\u00e9 Mar\u00eda Salom, para avanzar no dese\u00f1o da Estratexia do Polo Aeroespacial de Galicia 2021-2025. Na cita, na que tam\u00e9n estivo presente a directora da Axencia Galega de Innovaci\u00f3n (Gain), Patricia Argerey, destacouse a importancia de contar coa colaboraci\u00f3n do organismo p\u00fablico dependente do Ministerio de Defensa para posicionar Galicia, a trav\u00e9s das instalaci\u00f3ns situadas en Castro de Rei (Lugo), como un referente no sector e impulsar as\u00ed o seu crecemento econ\u00f3mico.<\/p>\n<p>Neste sentido, Conde puxo en valor a importancia do Centro de Investigaci\u00f3n Aerotransportada de Rozas (Ciar) como motor esencial da Estratexia 2021-2025, xa que nestes momentos conta cunhas instalaci\u00f3ns pioneiras en Europa para a realizaci\u00f3n de ensaios certificados e para a investigaci\u00f3n con drons. As\u00ed, avogou por afianzar a colaboraci\u00f3n entre Xunta e Inta para consolidar o liderado do Polo Aeroespacial de Galicia e convertelo na primeira Infraestrutura Cient\u00edfico-Tecnol\u00f3xica Singular (Icts) en Espa\u00f1a especializada en veh\u00edculos a\u00e9reos non tripulados e avanzar na s\u00faa sustentabilidade econ\u00f3mica.<\/p>\n<p>O Goberno galego aposta por un Plan estrat\u00e9xico do Polo Aeroespacial de Galicia de cara aos pr\u00f3ximos cinco anos co que se espera a participaci\u00f3n de m\u00e1is de 200 pemes do sector; a atracci\u00f3n de, alomenos, catro a oito empresas tractoras; a implantaci\u00f3n de 20 novas soluci\u00f3ns tecnol\u00f3xicas que permitan mellorar a eficacia, eficiencia e seguridade dos servizos p\u00fablicos; a firma de, como m\u00ednimo, cinco acordos de I+D de compra privada de innovaci\u00f3n ao ano; e a incubaci\u00f3n ou aceleraci\u00f3n de 24 novas empresas.<\/p>\n<p>Tr\u00e1tase dun dos proxectos tractores que integran a candidatura de Galicia aos fondos Next Generation, polo que se finalmente o Goberno central accede a que o Polo Aeroespacial forme parte deste programa europeo, poder\u00eda chegar a mobilizar 540M\u20ac de investimento p\u00fablico-privado, dos cales xa ten comprometidos 70M\u20ac \u2013destes, 40 mill\u00f3ns se destinar\u00e1n a licitaci\u00f3n de Compra P\u00fablica Precomercial que ser\u00e1 publicada ao longo do mes de xullo\u2013.<\/p>\n<p>O vicepresidente econ\u00f3mico sinalou esta ma\u00f1\u00e1 o compromiso da Xunta de Galicia co desenvolvemento dunha pol\u00edtica industrial e de innovaci\u00f3n activa orientada ao desenvolvemento do sector aeroespacial e destacou a oportunidade que sup\u00f3n a Estratexia do Polo Aeroespacial de Galicia 2021-2025 para xerar emprego de calidade e atraer e captar ao mellor talento. Ademais, valorou a colaboraci\u00f3n p\u00fablico-privada como ferramenta clave para contribu\u00edr ao fortalecemento das capacidades de universidades e empresas dos sector aeroespacial e lograr un incremento da cooperaci\u00f3n entre o sector empresarial e industrial e os centros de co\u00f1ecemento e tecnolox\u00eda.<\/p>\n<p>Desde a s\u00faa posta en marcha no 2015, o Polo Aeroespacial de Galicia xa ten permitido mobilizar 164 mill\u00f3ns de euros \u2013dez veces m\u00e1is do investimento previsto\u2013 e sumar a participaci\u00f3n de 937 profesionais e medio cento de pemes e centros de co\u00f1ecemento galegos. Ademais, conta coa implicaci\u00f3n de tres compa\u00f1\u00edas referentes no sector como son Indra, Babcock e Boeing.<\/p>\n","protected":false},"excerpt":{"rendered":"<p>A nova Estratexia 2021-2025 contempla a atracci\u00f3n de 4 a 8 empresas tractoras da industria aeroespacial e a participaci\u00f3n de m\u00e1is de 200 empresas, sobre todo pemes O Polo xa ten comprometidos preto de 70M\u20ac para o seu desenvolvemento nos pr\u00f3ximos cinco anos e, de obter fondos europeos, poder\u00eda chegar a mobilizar 540 mill\u00f3ns de [&hellip;]<\/p>\n","protected":false},"author":3,"featured_media":37761,"comment_status":"open","ping_status":"open","sticky":false,"template":"","format":"standard","meta":{"_et_pb_use_builder":"","_et_pb_old_content":"","_et_gb_content_width":""},"categories":[150],"tags":[],"acf":[],"yoast_head":"<!-- This site is optimized with the Yoast SEO plugin v20.9 - https:\/\/yoast.com\/wordpress\/plugins\/seo\/ -->\n<title>A Xunta avanza co Inta no dese\u00f1o do polo aeroespacial de 2025 co obxectivo de consolidar Galicia como un referente no sector - Civil UAVs Initiative<\/title>\n<meta name=\"robots\" content=\"index, follow, max-snippet:-1, max-image-preview:large, max-video-preview:-1\" \/>\n<link rel=\"canonical\" href=\"https:\/\/www.civiluavsinitiative.com\/la-xunta-avanza-con-el-inta-en-el-diseno-del-polo-aeroespacial-de-2025-con-el-objetivo-de-consolidar-galicia-como-un-referente-en-el-sector\/\" \/>\n<meta property=\"og:locale\" content=\"gl_ES\" \/>\n<meta property=\"og:type\" content=\"article\" \/>\n<meta property=\"og:title\" content=\"A Xunta avanza co Inta no dese\u00f1o do polo aeroespacial de 2025 co obxectivo de consolidar Galicia como un referente no sector - Civil UAVs Initiative\" \/>\n<meta property=\"og:description\" content=\"A nova Estratexia 2021-2025 contempla a atracci\u00f3n de 4 a 8 empresas tractoras da industria aeroespacial e a participaci\u00f3n de m\u00e1is de 200 empresas, sobre todo pemes O Polo xa ten comprometidos preto de 70M\u20ac para o seu desenvolvemento nos pr\u00f3ximos cinco anos e, de obter fondos europeos, poder\u00eda chegar a mobilizar 540 mill\u00f3ns de [&hellip;]\" \/>\n<meta property=\"og:url\" content=\"https:\/\/www.civiluavsinitiative.com\/la-xunta-avanza-con-el-inta-en-el-diseno-del-polo-aeroespacial-de-2025-con-el-objetivo-de-consolidar-galicia-como-un-referente-en-el-sector\/\" \/>\n<meta property=\"og:site_name\" content=\"Civil UAVs Initiative\" \/>\n<meta property=\"article:published_time\" content=\"2021-06-14T07:16:52+00:00\" \/>\n<meta property=\"article:modified_time\" content=\"2021-06-29T07:23:37+00:00\" \/>\n<meta property=\"og:image\" content=\"https:\/\/www.civiluavsinitiative.com\/wp-content\/uploads\/2021\/06\/Sala-de-prensa-14.06.png\" \/>\n\t<meta property=\"og:image:width\" content=\"1150\" \/>\n\t<meta property=\"og:image:height\" content=\"858\" \/>\n\t<meta property=\"og:image:type\" content=\"image\/png\" \/>\n<meta name=\"author\" content=\"pvillanueva\" \/>\n<meta name=\"twitter:card\" content=\"summary_large_image\" \/>\n<meta name=\"twitter:label1\" content=\"Escrito por\" \/>\n\t<meta name=\"twitter:data1\" content=\"pvillanueva\" \/>\n\t<meta name=\"twitter:label2\" content=\"Tempo de lectura\" \/>\n\t<meta name=\"twitter:data2\" content=\"3 minutos\" \/>\n<script type=\"application\/ld+json\" class=\"yoast-schema-graph\">{\"@context\":\"https:\/\/schema.org\",\"@graph\":[{\"@type\":\"WebPage\",\"@id\":\"https:\/\/www.civiluavsinitiative.com\/la-xunta-avanza-con-el-inta-en-el-diseno-del-polo-aeroespacial-de-2025-con-el-objetivo-de-consolidar-galicia-como-un-referente-en-el-sector\/\",\"url\":\"https:\/\/www.civiluavsinitiative.com\/la-xunta-avanza-con-el-inta-en-el-diseno-del-polo-aeroespacial-de-2025-con-el-objetivo-de-consolidar-galicia-como-un-referente-en-el-sector\/\",\"name\":\"A Xunta avanza co Inta no dese\u00f1o do polo aeroespacial de 2025 co obxectivo de consolidar Galicia como un referente no sector - Civil UAVs Initiative\",\"isPartOf\":{\"@id\":\"https:\/\/www.civiluavsinitiative.com\/#website\"},\"datePublished\":\"2021-06-14T07:16:52+00:00\",\"dateModified\":\"2021-06-29T07:23:37+00:00\",\"author\":{\"@id\":\"https:\/\/www.civiluavsinitiative.com\/#\/schema\/person\/58af028627c8c00ec53ba6f40d2f9bac\"},\"breadcrumb\":{\"@id\":\"https:\/\/www.civiluavsinitiative.com\/la-xunta-avanza-con-el-inta-en-el-diseno-del-polo-aeroespacial-de-2025-con-el-objetivo-de-consolidar-galicia-como-un-referente-en-el-sector\/#breadcrumb\"},\"inLanguage\":\"gl-ES\",\"potentialAction\":[{\"@type\":\"ReadAction\",\"target\":[\"https:\/\/www.civiluavsinitiative.com\/la-xunta-avanza-con-el-inta-en-el-diseno-del-polo-aeroespacial-de-2025-con-el-objetivo-de-consolidar-galicia-como-un-referente-en-el-sector\/\"]}]},{\"@type\":\"BreadcrumbList\",\"@id\":\"https:\/\/www.civiluavsinitiative.com\/la-xunta-avanza-con-el-inta-en-el-diseno-del-polo-aeroespacial-de-2025-con-el-objetivo-de-consolidar-galicia-como-un-referente-en-el-sector\/#breadcrumb\",\"itemListElement\":[{\"@type\":\"ListItem\",\"position\":1,\"name\":\"Home\",\"item\":\"https:\/\/www.civiluavsinitiative.com\/gl\/\"},{\"@type\":\"ListItem\",\"position\":2,\"name\":\"A Xunta avanza co Inta no dese\u00f1o do polo aeroespacial de 2025 co obxectivo de consolidar Galicia como un referente no sector\"}]},{\"@type\":\"WebSite\",\"@id\":\"https:\/\/www.civiluavsinitiative.com\/#website\",\"url\":\"https:\/\/www.civiluavsinitiative.com\/\",\"name\":\"Civil UAVs Initiative\",\"description\":\"Civil UAVs Initiative, favorece y fomenta el emprendimiento innovador, con el fin de atraer y retener en Galicia talento en el sector aeroespacial.\",\"potentialAction\":[{\"@type\":\"SearchAction\",\"target\":{\"@type\":\"EntryPoint\",\"urlTemplate\":\"https:\/\/www.civiluavsinitiative.com\/?s={search_term_string}\"},\"query-input\":\"required name=search_term_string\"}],\"inLanguage\":\"gl-ES\"},{\"@type\":\"Person\",\"@id\":\"https:\/\/www.civiluavsinitiative.com\/#\/schema\/person\/58af028627c8c00ec53ba6f40d2f9bac\",\"name\":\"pvillanueva\",\"image\":{\"@type\":\"ImageObject\",\"inLanguage\":\"gl-ES\",\"@id\":\"https:\/\/www.civiluavsinitiative.com\/#\/schema\/person\/image\/\",\"url\":\"https:\/\/secure.gravatar.com\/avatar\/26c228395505196df76a7de2e9ed4de6?s=96&d=mm&r=g\",\"contentUrl\":\"https:\/\/secure.gravatar.com\/avatar\/26c228395505196df76a7de2e9ed4de6?s=96&d=mm&r=g\",\"caption\":\"pvillanueva\"}}]}<\/script>\n<!-- \/ Yoast SEO plugin. -->","yoast_head_json":{"title":"A Xunta avanza co Inta no dese\u00f1o do polo aeroespacial de 2025 co obxectivo de consolidar Galicia como un referente no sector - Civil UAVs Initiative","robots":{"index":"index","follow":"follow","max-snippet":"max-snippet:-1","max-image-preview":"max-image-preview:large","max-video-preview":"max-video-preview:-1"},"canonical":"https:\/\/www.civiluavsinitiative.com\/la-xunta-avanza-con-el-inta-en-el-diseno-del-polo-aeroespacial-de-2025-con-el-objetivo-de-consolidar-galicia-como-un-referente-en-el-sector\/","og_locale":"gl_ES","og_type":"article","og_title":"A Xunta avanza co Inta no dese\u00f1o do polo aeroespacial de 2025 co obxectivo de consolidar Galicia como un referente no sector - Civil UAVs Initiative","og_description":"A nova Estratexia 2021-2025 contempla a atracci\u00f3n de 4 a 8 empresas tractoras da industria aeroespacial e a participaci\u00f3n de m\u00e1is de 200 empresas, sobre todo pemes O Polo xa ten comprometidos preto de 70M\u20ac para o seu desenvolvemento nos pr\u00f3ximos cinco anos e, de obter fondos europeos, poder\u00eda chegar a mobilizar 540 mill\u00f3ns de [&hellip;]","og_url":"https:\/\/www.civiluavsinitiative.com\/la-xunta-avanza-con-el-inta-en-el-diseno-del-polo-aeroespacial-de-2025-con-el-objetivo-de-consolidar-galicia-como-un-referente-en-el-sector\/","og_site_name":"Civil UAVs Initiative","article_published_time":"2021-06-14T07:16:52+00:00","article_modified_time":"2021-06-29T07:23:37+00:00","og_image":[{"width":1150,"height":858,"url":"https:\/\/www.civiluavsinitiative.com\/wp-content\/uploads\/2021\/06\/Sala-de-prensa-14.06.png","type":"image\/png"}],"author":"pvillanueva","twitter_card":"summary_large_image","twitter_misc":{"Escrito por":"pvillanueva","Tempo de lectura":"3 minutos"},"schema":{"@context":"https:\/\/schema.org","@graph":[{"@type":"WebPage","@id":"https:\/\/www.civiluavsinitiative.com\/la-xunta-avanza-con-el-inta-en-el-diseno-del-polo-aeroespacial-de-2025-con-el-objetivo-de-consolidar-galicia-como-un-referente-en-el-sector\/","url":"https:\/\/www.civiluavsinitiative.com\/la-xunta-avanza-con-el-inta-en-el-diseno-del-polo-aeroespacial-de-2025-con-el-objetivo-de-consolidar-galicia-como-un-referente-en-el-sector\/","name":"A Xunta avanza co Inta no dese\u00f1o do polo aeroespacial de 2025 co obxectivo de consolidar Galicia como un referente no sector - Civil UAVs Initiative","isPartOf":{"@id":"https:\/\/www.civiluavsinitiative.com\/#website"},"datePublished":"2021-06-14T07:16:52+00:00","dateModified":"2021-06-29T07:23:37+00:00","author":{"@id":"https:\/\/www.civiluavsinitiative.com\/#\/schema\/person\/58af028627c8c00ec53ba6f40d2f9bac"},"breadcrumb":{"@id":"https:\/\/www.civiluavsinitiative.com\/la-xunta-avanza-con-el-inta-en-el-diseno-del-polo-aeroespacial-de-2025-con-el-objetivo-de-consolidar-galicia-como-un-referente-en-el-sector\/#breadcrumb"},"inLanguage":"gl-ES","potentialAction":[{"@type":"ReadAction","target":["https:\/\/www.civiluavsinitiative.com\/la-xunta-avanza-con-el-inta-en-el-diseno-del-polo-aeroespacial-de-2025-con-el-objetivo-de-consolidar-galicia-como-un-referente-en-el-sector\/"]}]},{"@type":"BreadcrumbList","@id":"https:\/\/www.civiluavsinitiative.com\/la-xunta-avanza-con-el-inta-en-el-diseno-del-polo-aeroespacial-de-2025-con-el-objetivo-de-consolidar-galicia-como-un-referente-en-el-sector\/#breadcrumb","itemListElement":[{"@type":"ListItem","position":1,"name":"Home","item":"https:\/\/www.civiluavsinitiative.com\/gl\/"},{"@type":"ListItem","position":2,"name":"A Xunta avanza co Inta no dese\u00f1o do polo aeroespacial de 2025 co obxectivo de consolidar Galicia como un referente no sector"}]},{"@type":"WebSite","@id":"https:\/\/www.civiluavsinitiative.com\/#website","url":"https:\/\/www.civiluavsinitiative.com\/","name":"Civil UAVs Initiative","description":"Civil UAVs Initiative, favorece y fomenta el emprendimiento innovador, con el fin de atraer y retener en Galicia talento en el sector aeroespacial.","potentialAction":[{"@type":"SearchAction","target":{"@type":"EntryPoint","urlTemplate":"https:\/\/www.civiluavsinitiative.com\/?s={search_term_string}"},"query-input":"required name=search_term_string"}],"inLanguage":"gl-ES"},{"@type":"Person","@id":"https:\/\/www.civiluavsinitiative.com\/#\/schema\/person\/58af028627c8c00ec53ba6f40d2f9bac","name":"pvillanueva","image":{"@type":"ImageObject","inLanguage":"gl-ES","@id":"https:\/\/www.civiluavsinitiative.com\/#\/schema\/person\/image\/","url":"https:\/\/secure.gravatar.com\/avatar\/26c228395505196df76a7de2e9ed4de6?s=96&d=mm&r=g","contentUrl":"https:\/\/secure.gravatar.com\/avatar\/26c228395505196df76a7de2e9ed4de6?s=96&d=mm&r=g","caption":"pvillanueva"}}]}},"_links":{"self":[{"href":"https:\/\/www.civiluavsinitiative.com\/gl\/wp-json\/wp\/v2\/posts\/37763"}],"collection":[{"href":"https:\/\/www.civiluavsinitiative.com\/gl\/wp-json\/wp\/v2\/posts"}],"about":[{"href":"https:\/\/www.civiluavsinitiative.com\/gl\/wp-json\/wp\/v2\/types\/post"}],"author":[{"embeddable":true,"href":"https:\/\/www.civiluavsinitiative.com\/gl\/wp-json\/wp\/v2\/users\/3"}],"replies":[{"embeddable":true,"href":"https:\/\/www.civiluavsinitiative.com\/gl\/wp-json\/wp\/v2\/comments?post=37763"}],"version-history":[{"count":1,"href":"https:\/\/www.civiluavsinitiative.com\/gl\/wp-json\/wp\/v2\/posts\/37763\/revisions"}],"predecessor-version":[{"id":37764,"href":"https:\/\/www.civiluavsinitiative.com\/gl\/wp-json\/wp\/v2\/posts\/37763\/revisions\/37764"}],"wp:featuredmedia":[{"embeddable":true,"href":"https:\/\/www.civiluavsinitiative.com\/gl\/wp-json\/wp\/v2\/media\/37761"}],"wp:attachment":[{"href":"https:\/\/www.civiluavsinitiative.com\/gl\/wp-json\/wp\/v2\/media?parent=37763"}],"wp:term":[{"taxonomy":"category","embeddable":true,"href":"https:\/\/www.civiluavsinitiative.com\/gl\/wp-json\/wp\/v2\/categories?post=37763"},{"taxonomy":"post_tag","embeddable":true,"href":"https:\/\/www.civiluavsinitiative.com\/gl\/wp-json\/wp\/v2\/tags?post=37763"}],"curies":[{"name":"wp","href":"https:\/\/api.w.org\/{rel}","templated":true}]}}