{"id":37744,"date":"2021-06-08T16:16:13","date_gmt":"2021-06-08T14:16:13","guid":{"rendered":"https:\/\/www.civiluavsinitiative.com\/?p=37744"},"modified":"2022-11-17T10:35:50","modified_gmt":"2022-11-17T09:35:50","slug":"a-xunta-destaca-o-potencial-de-unvex-2021-como-escaparate-para-mostrar-as-capacidades-da-industria-aeroespacial-galega","status":"publish","type":"post","link":"https:\/\/www.civiluavsinitiative.com\/gl\/a-xunta-destaca-o-potencial-de-unvex-2021-como-escaparate-para-mostrar-as-capacidades-da-industria-aeroespacial-galega\/","title":{"rendered":"A Xunta destaca o potencial de &#8216;Unvex 2021&#8217; como escaparate para mostrar as capacidades da industria aeroespacial galega"},"content":{"rendered":"<ul>\n<li>\n<h3>A directora da Axencia Galega de Innovaci\u00f3n, Patricia Argerey, asistiu \u00e1 presentaci\u00f3n do evento que se levar\u00e1 a cabo na Cidade da Cultura do 7 ao 9 de xullo co obxectivo de dar a co\u00f1ecer o uso dos veh\u00edculos non tripulados nos servizos p\u00fablicos que presta a Administraci\u00f3n e o desenvolvemento de soluci\u00f3ns tecnol\u00f3xicas<\/h3>\n<\/li>\n<li>\n<h3>O Polo Aeroespacial e a s\u00faa Estratexia 2021-2015 servir\u00e1n como mostra da aposta de Galicia nos \u00faltimos cinco anos por consolidar a industria baseada na I+D+i<\/h3>\n<\/li>\n<\/ul>\n<p>A directora da Axencia Galega de Innovaci\u00f3n (Gain), Patricia Argerey, asistiu esta ma\u00f1\u00e1 ao acto de presentaci\u00f3n da sexta edici\u00f3n de Unvex, a maior feira de drons que se celebra en Espa\u00f1a. A iniciativa levarase a cabo do 7 ao 9 de xullo na Cidade da Cultura co obxectivo de reunir aos profesionais do sector para abordar o crecemento da industria e analizar os principais desaf\u00edos para os pr\u00f3ximos anos, po\u00f1endo especial atenci\u00f3n no uso dos veh\u00edculos non tripulados nos servizos p\u00fablicos que presta a Administraci\u00f3n.<\/p>\n<p>A este respecto, Argerey destacou que Galicia xa ten un amplo traballo avanzado, coa incorporaci\u00f3n de drons na atenci\u00f3n de urxencias sanitarias, protecci\u00f3n da frota pesqueira, vixilancia e prevenci\u00f3n dos lumes, xesti\u00f3n do territorio ou control da calidade das augas, por exemplo. Un avance que cami\u00f1a en paralelo \u00e1 li\u00f1a que segue nestes momentos a industria, sendo cada vez m\u00e1is os sectores que os utilizan \u2013na s\u00faa vertente a\u00e9rea, terrestre e naval\u2013 para mellorar a eficiencia de servizos p\u00fablicos como a inspecci\u00f3n de infraestruturas; control de evoluci\u00f3n nos cultivos agr\u00edcolas; traballos audiovisuais e cartograf\u00eda; ou servizos de emerxencias.<\/p>\n<p>Unvex 2021 sup\u00f3n, tal e como sinalou a directora de Gain, un gran escaparate para os avances que se van producindo na industria galega, po\u00f1endo como exemplo a iniciativa pioneira en Europa do Polo Aeroespacial de Galicia, que xa ten garantida a s\u00faa continuidade coa Estratexia 2021-2025. De feito, xa est\u00e1n comprometidos por parte da Xunta preto de 70M\u20ac e que, de obter fondos europeos, poder\u00eda chegar a mobilizar 540M\u20ac de investimento p\u00fablico-privado.<\/p>\n<p>Con esta nova folla de ruta, Galicia m\u00e1rcase importantes obxectivos como atraer entre catro e seis empresas tractoras, desenvolver 20 novas soluci\u00f3ns tecnol\u00f3xicas ou a creaci\u00f3n de 24 empresas. As\u00ed, Argerey asegurou que a industria aeroespacial sup\u00f3n na actualidade un dos sectores estrat\u00e9xicos na nova era dixital, polo que puxo en valor a colaboraci\u00f3n entre administraci\u00f3ns e, sobre todo, a implicaci\u00f3n das empresas e centros de co\u00f1ecemento.<\/p>\n<p>Na actualidade, son 50 axentes os que toman parte no Polo Aeroespacial, entre os que se atopan tres socios tecnol\u00f3xicos da Xunta que act\u00faan como empresas tractoras como son Indra, Babcock e Boeing; o tecido empresarial galego; e os centros tecnol\u00f3xicos e de investigaci\u00f3n, as\u00ed como as tres universidades galegas.<\/p>\n<p>Coa convicci\u00f3n de que o Polo permitir\u00e1 a Galicia consolidar a industria baseada na I+D+i, o proxecto enmarca tam\u00e9n o parque tecnol\u00f3xico e industrial do aer\u00f3dromo de Rozas e a aceleradora de empresas especializada no sector, a Business Factory Aero (BFAero), iniciativas que tam\u00e9n contrib\u00faen a xerar novas oportunidades para captar e reter talento.<\/p>\n<p>Os profesionais e empresas do sector que visiten Unvex, ademais de asistir \u00e1s conferencias programadas na Cidade da Cultura da man de profesionais e empresas punteiras, ter\u00e1n tam\u00e9n a oportunidade de acudir a d\u00faas demostraci\u00f3ns de veh\u00edculos aut\u00f3nomos, mar\u00edtimos e a\u00e9reos no Polo Aeroespacial de Galicia situado no aer\u00f3dromo de Rozas (Castro de Rei) e na Escola Naval Militar de Mar\u00edn.<\/p>\n<p>&nbsp;<\/p>\n","protected":false},"excerpt":{"rendered":"<p>A directora da Axencia Galega de Innovaci\u00f3n, Patricia Argerey, asistiu \u00e1 presentaci\u00f3n do evento que se levar\u00e1 a cabo na Cidade da Cultura do 7 ao 9 de xullo co obxectivo de dar a co\u00f1ecer o uso dos veh\u00edculos non tripulados nos servizos p\u00fablicos que presta a Administraci\u00f3n e o desenvolvemento de soluci\u00f3ns tecnol\u00f3xicas O [&hellip;]<\/p>\n","protected":false},"author":3,"featured_media":37745,"comment_status":"open","ping_status":"open","sticky":false,"template":"","format":"standard","meta":{"_et_pb_use_builder":"","_et_pb_old_content":"","_et_gb_content_width":""},"categories":[150],"tags":[],"acf":[],"yoast_head":"<!-- This site is optimized with the Yoast SEO plugin v20.9 - https:\/\/yoast.com\/wordpress\/plugins\/seo\/ -->\n<title>A Xunta destaca o potencial de &#039;Unvex 2021&#039; como escaparate para mostrar as capacidades da industria aeroespacial galega - Civil UAVs Initiative<\/title>\n<meta name=\"robots\" content=\"index, follow, max-snippet:-1, max-image-preview:large, max-video-preview:-1\" \/>\n<link rel=\"canonical\" href=\"https:\/\/www.civiluavsinitiative.com\/gl\/a-xunta-destaca-o-potencial-de-unvex-2021-como-escaparate-para-mostrar-as-capacidades-da-industria-aeroespacial-galega\/\" \/>\n<meta property=\"og:locale\" content=\"gl_ES\" \/>\n<meta property=\"og:type\" content=\"article\" \/>\n<meta property=\"og:title\" content=\"A Xunta destaca o potencial de &#039;Unvex 2021&#039; como escaparate para mostrar as capacidades da industria aeroespacial galega - Civil UAVs Initiative\" \/>\n<meta property=\"og:description\" content=\"A directora da Axencia Galega de Innovaci\u00f3n, Patricia Argerey, asistiu \u00e1 presentaci\u00f3n do evento que se levar\u00e1 a cabo na Cidade da Cultura do 7 ao 9 de xullo co obxectivo de dar a co\u00f1ecer o uso dos veh\u00edculos non tripulados nos servizos p\u00fablicos que presta a Administraci\u00f3n e o desenvolvemento de soluci\u00f3ns tecnol\u00f3xicas O [&hellip;]\" \/>\n<meta property=\"og:url\" content=\"https:\/\/www.civiluavsinitiative.com\/gl\/a-xunta-destaca-o-potencial-de-unvex-2021-como-escaparate-para-mostrar-as-capacidades-da-industria-aeroespacial-galega\/\" \/>\n<meta property=\"og:site_name\" content=\"Civil UAVs Initiative\" \/>\n<meta property=\"article:published_time\" content=\"2021-06-08T14:16:13+00:00\" \/>\n<meta property=\"article:modified_time\" content=\"2022-11-17T09:35:50+00:00\" \/>\n<meta property=\"og:image\" content=\"https:\/\/www.civiluavsinitiative.com\/wp-content\/uploads\/2021\/06\/DSC_0183-1024x685.jpg\" \/>\n\t<meta property=\"og:image:width\" content=\"1024\" \/>\n\t<meta property=\"og:image:height\" content=\"685\" \/>\n\t<meta property=\"og:image:type\" content=\"image\/jpeg\" \/>\n<meta name=\"author\" content=\"pvillanueva\" \/>\n<meta name=\"twitter:card\" content=\"summary_large_image\" \/>\n<meta name=\"twitter:label1\" content=\"Escrito por\" \/>\n\t<meta name=\"twitter:data1\" content=\"pvillanueva\" \/>\n\t<meta name=\"twitter:label2\" content=\"Tempo de lectura\" \/>\n\t<meta name=\"twitter:data2\" content=\"3 minutos\" \/>\n<script type=\"application\/ld+json\" class=\"yoast-schema-graph\">{\"@context\":\"https:\/\/schema.org\",\"@graph\":[{\"@type\":\"WebPage\",\"@id\":\"https:\/\/www.civiluavsinitiative.com\/gl\/a-xunta-destaca-o-potencial-de-unvex-2021-como-escaparate-para-mostrar-as-capacidades-da-industria-aeroespacial-galega\/\",\"url\":\"https:\/\/www.civiluavsinitiative.com\/gl\/a-xunta-destaca-o-potencial-de-unvex-2021-como-escaparate-para-mostrar-as-capacidades-da-industria-aeroespacial-galega\/\",\"name\":\"A Xunta destaca o potencial de 'Unvex 2021' como escaparate para mostrar as capacidades da industria aeroespacial galega - Civil UAVs Initiative\",\"isPartOf\":{\"@id\":\"https:\/\/www.civiluavsinitiative.com\/#website\"},\"datePublished\":\"2021-06-08T14:16:13+00:00\",\"dateModified\":\"2022-11-17T09:35:50+00:00\",\"author\":{\"@id\":\"https:\/\/www.civiluavsinitiative.com\/#\/schema\/person\/58af028627c8c00ec53ba6f40d2f9bac\"},\"breadcrumb\":{\"@id\":\"https:\/\/www.civiluavsinitiative.com\/gl\/a-xunta-destaca-o-potencial-de-unvex-2021-como-escaparate-para-mostrar-as-capacidades-da-industria-aeroespacial-galega\/#breadcrumb\"},\"inLanguage\":\"gl-ES\",\"potentialAction\":[{\"@type\":\"ReadAction\",\"target\":[\"https:\/\/www.civiluavsinitiative.com\/gl\/a-xunta-destaca-o-potencial-de-unvex-2021-como-escaparate-para-mostrar-as-capacidades-da-industria-aeroespacial-galega\/\"]}]},{\"@type\":\"BreadcrumbList\",\"@id\":\"https:\/\/www.civiluavsinitiative.com\/gl\/a-xunta-destaca-o-potencial-de-unvex-2021-como-escaparate-para-mostrar-as-capacidades-da-industria-aeroespacial-galega\/#breadcrumb\",\"itemListElement\":[{\"@type\":\"ListItem\",\"position\":1,\"name\":\"Home\",\"item\":\"https:\/\/www.civiluavsinitiative.com\/gl\/\"},{\"@type\":\"ListItem\",\"position\":2,\"name\":\"A Xunta destaca o potencial de &#8216;Unvex 2021&#8217; como escaparate para mostrar as capacidades da industria aeroespacial galega\"}]},{\"@type\":\"WebSite\",\"@id\":\"https:\/\/www.civiluavsinitiative.com\/#website\",\"url\":\"https:\/\/www.civiluavsinitiative.com\/\",\"name\":\"Civil UAVs Initiative\",\"description\":\"Civil UAVs Initiative, favorece y fomenta el emprendimiento innovador, con el fin de atraer y retener en Galicia talento en el sector aeroespacial.\",\"potentialAction\":[{\"@type\":\"SearchAction\",\"target\":{\"@type\":\"EntryPoint\",\"urlTemplate\":\"https:\/\/www.civiluavsinitiative.com\/?s={search_term_string}\"},\"query-input\":\"required name=search_term_string\"}],\"inLanguage\":\"gl-ES\"},{\"@type\":\"Person\",\"@id\":\"https:\/\/www.civiluavsinitiative.com\/#\/schema\/person\/58af028627c8c00ec53ba6f40d2f9bac\",\"name\":\"pvillanueva\",\"image\":{\"@type\":\"ImageObject\",\"inLanguage\":\"gl-ES\",\"@id\":\"https:\/\/www.civiluavsinitiative.com\/#\/schema\/person\/image\/\",\"url\":\"https:\/\/secure.gravatar.com\/avatar\/26c228395505196df76a7de2e9ed4de6?s=96&d=mm&r=g\",\"contentUrl\":\"https:\/\/secure.gravatar.com\/avatar\/26c228395505196df76a7de2e9ed4de6?s=96&d=mm&r=g\",\"caption\":\"pvillanueva\"}}]}<\/script>\n<!-- \/ Yoast SEO plugin. -->","yoast_head_json":{"title":"A Xunta destaca o potencial de 'Unvex 2021' como escaparate para mostrar as capacidades da industria aeroespacial galega - Civil UAVs Initiative","robots":{"index":"index","follow":"follow","max-snippet":"max-snippet:-1","max-image-preview":"max-image-preview:large","max-video-preview":"max-video-preview:-1"},"canonical":"https:\/\/www.civiluavsinitiative.com\/gl\/a-xunta-destaca-o-potencial-de-unvex-2021-como-escaparate-para-mostrar-as-capacidades-da-industria-aeroespacial-galega\/","og_locale":"gl_ES","og_type":"article","og_title":"A Xunta destaca o potencial de 'Unvex 2021' como escaparate para mostrar as capacidades da industria aeroespacial galega - Civil UAVs Initiative","og_description":"A directora da Axencia Galega de Innovaci\u00f3n, Patricia Argerey, asistiu \u00e1 presentaci\u00f3n do evento que se levar\u00e1 a cabo na Cidade da Cultura do 7 ao 9 de xullo co obxectivo de dar a co\u00f1ecer o uso dos veh\u00edculos non tripulados nos servizos p\u00fablicos que presta a Administraci\u00f3n e o desenvolvemento de soluci\u00f3ns tecnol\u00f3xicas O [&hellip;]","og_url":"https:\/\/www.civiluavsinitiative.com\/gl\/a-xunta-destaca-o-potencial-de-unvex-2021-como-escaparate-para-mostrar-as-capacidades-da-industria-aeroespacial-galega\/","og_site_name":"Civil UAVs Initiative","article_published_time":"2021-06-08T14:16:13+00:00","article_modified_time":"2022-11-17T09:35:50+00:00","og_image":[{"width":1024,"height":685,"url":"https:\/\/www.civiluavsinitiative.com\/wp-content\/uploads\/2021\/06\/DSC_0183-1024x685.jpg","type":"image\/jpeg"}],"author":"pvillanueva","twitter_card":"summary_large_image","twitter_misc":{"Escrito por":"pvillanueva","Tempo de lectura":"3 minutos"},"schema":{"@context":"https:\/\/schema.org","@graph":[{"@type":"WebPage","@id":"https:\/\/www.civiluavsinitiative.com\/gl\/a-xunta-destaca-o-potencial-de-unvex-2021-como-escaparate-para-mostrar-as-capacidades-da-industria-aeroespacial-galega\/","url":"https:\/\/www.civiluavsinitiative.com\/gl\/a-xunta-destaca-o-potencial-de-unvex-2021-como-escaparate-para-mostrar-as-capacidades-da-industria-aeroespacial-galega\/","name":"A Xunta destaca o potencial de 'Unvex 2021' como escaparate para mostrar as capacidades da industria aeroespacial galega - Civil UAVs Initiative","isPartOf":{"@id":"https:\/\/www.civiluavsinitiative.com\/#website"},"datePublished":"2021-06-08T14:16:13+00:00","dateModified":"2022-11-17T09:35:50+00:00","author":{"@id":"https:\/\/www.civiluavsinitiative.com\/#\/schema\/person\/58af028627c8c00ec53ba6f40d2f9bac"},"breadcrumb":{"@id":"https:\/\/www.civiluavsinitiative.com\/gl\/a-xunta-destaca-o-potencial-de-unvex-2021-como-escaparate-para-mostrar-as-capacidades-da-industria-aeroespacial-galega\/#breadcrumb"},"inLanguage":"gl-ES","potentialAction":[{"@type":"ReadAction","target":["https:\/\/www.civiluavsinitiative.com\/gl\/a-xunta-destaca-o-potencial-de-unvex-2021-como-escaparate-para-mostrar-as-capacidades-da-industria-aeroespacial-galega\/"]}]},{"@type":"BreadcrumbList","@id":"https:\/\/www.civiluavsinitiative.com\/gl\/a-xunta-destaca-o-potencial-de-unvex-2021-como-escaparate-para-mostrar-as-capacidades-da-industria-aeroespacial-galega\/#breadcrumb","itemListElement":[{"@type":"ListItem","position":1,"name":"Home","item":"https:\/\/www.civiluavsinitiative.com\/gl\/"},{"@type":"ListItem","position":2,"name":"A Xunta destaca o potencial de &#8216;Unvex 2021&#8217; como escaparate para mostrar as capacidades da industria aeroespacial galega"}]},{"@type":"WebSite","@id":"https:\/\/www.civiluavsinitiative.com\/#website","url":"https:\/\/www.civiluavsinitiative.com\/","name":"Civil UAVs Initiative","description":"Civil UAVs Initiative, favorece y fomenta el emprendimiento innovador, con el fin de atraer y retener en Galicia talento en el sector aeroespacial.","potentialAction":[{"@type":"SearchAction","target":{"@type":"EntryPoint","urlTemplate":"https:\/\/www.civiluavsinitiative.com\/?s={search_term_string}"},"query-input":"required name=search_term_string"}],"inLanguage":"gl-ES"},{"@type":"Person","@id":"https:\/\/www.civiluavsinitiative.com\/#\/schema\/person\/58af028627c8c00ec53ba6f40d2f9bac","name":"pvillanueva","image":{"@type":"ImageObject","inLanguage":"gl-ES","@id":"https:\/\/www.civiluavsinitiative.com\/#\/schema\/person\/image\/","url":"https:\/\/secure.gravatar.com\/avatar\/26c228395505196df76a7de2e9ed4de6?s=96&d=mm&r=g","contentUrl":"https:\/\/secure.gravatar.com\/avatar\/26c228395505196df76a7de2e9ed4de6?s=96&d=mm&r=g","caption":"pvillanueva"}}]}},"_links":{"self":[{"href":"https:\/\/www.civiluavsinitiative.com\/gl\/wp-json\/wp\/v2\/posts\/37744"}],"collection":[{"href":"https:\/\/www.civiluavsinitiative.com\/gl\/wp-json\/wp\/v2\/posts"}],"about":[{"href":"https:\/\/www.civiluavsinitiative.com\/gl\/wp-json\/wp\/v2\/types\/post"}],"author":[{"embeddable":true,"href":"https:\/\/www.civiluavsinitiative.com\/gl\/wp-json\/wp\/v2\/users\/3"}],"replies":[{"embeddable":true,"href":"https:\/\/www.civiluavsinitiative.com\/gl\/wp-json\/wp\/v2\/comments?post=37744"}],"version-history":[{"count":1,"href":"https:\/\/www.civiluavsinitiative.com\/gl\/wp-json\/wp\/v2\/posts\/37744\/revisions"}],"predecessor-version":[{"id":37748,"href":"https:\/\/www.civiluavsinitiative.com\/gl\/wp-json\/wp\/v2\/posts\/37744\/revisions\/37748"}],"wp:featuredmedia":[{"embeddable":true,"href":"https:\/\/www.civiluavsinitiative.com\/gl\/wp-json\/wp\/v2\/media\/37745"}],"wp:attachment":[{"href":"https:\/\/www.civiluavsinitiative.com\/gl\/wp-json\/wp\/v2\/media?parent=37744"}],"wp:term":[{"taxonomy":"category","embeddable":true,"href":"https:\/\/www.civiluavsinitiative.com\/gl\/wp-json\/wp\/v2\/categories?post=37744"},{"taxonomy":"post_tag","embeddable":true,"href":"https:\/\/www.civiluavsinitiative.com\/gl\/wp-json\/wp\/v2\/tags?post=37744"}],"curies":[{"name":"wp","href":"https:\/\/api.w.org\/{rel}","templated":true}]}}