{"id":36887,"date":"2021-03-03T14:23:22","date_gmt":"2021-03-03T13:23:22","guid":{"rendered":"https:\/\/www.civiluavsinitiative.com\/?p=36887"},"modified":"2021-03-03T14:23:22","modified_gmt":"2021-03-03T13:23:22","slug":"a-xunta-destaca-que-co-polo-aeroespacial-e-a-unidade-mixta-de-itg-e-star-defence-galicia-se-posiciona-na-vangarda-desta-industria","status":"publish","type":"post","link":"https:\/\/www.civiluavsinitiative.com\/gl\/a-xunta-destaca-que-co-polo-aeroespacial-e-a-unidade-mixta-de-itg-e-star-defence-galicia-se-posiciona-na-vangarda-desta-industria\/","title":{"rendered":"A Xunta destaca que co Polo Aeroespacial e a Unidade Mixta de ITG e Star Defence Galicia se posiciona na vangarda desta industria"},"content":{"rendered":"<ul>\n<li><strong>O vicepresidente econ\u00f3mico e conselleiro de Econom\u00eda, Empresa e Innovaci\u00f3n, Francisco Conde, participou na Coru\u00f1a na presentaci\u00f3n da iniciativa FASTFly 2035, cun investimento de 4 mill\u00f3ns de euros e centrada na intelixencia artificial aplicada \u00e1s operaci\u00f3ns con drons<\/strong><\/li>\n<li><strong>Anuncia que no segundo semestre do ano se lanzar\u00e1 unha nova convocatoria para seguir desenvolvendo programas de compra p\u00fablica innovadora vinculada ao Polo aeroespacial de Galicia<\/strong><\/li>\n<\/ul>\n<p>A Coru\u00f1a, 3 de marzo de 2021. O vicepresidente econ\u00f3mico e conselleiro de Econom\u00eda, Empresa e Innovaci\u00f3n, Francisco Conde, sinalou hoxe na presentaci\u00f3n da Unidade Mixta de Investigaci\u00f3n FASTFly 2035, que impulsan o Instituto Tecnol\u00f3xico de Galicia (ITG) e Star Defence Logistics &amp; Engineering (SDLE) co apoio da Xunta, que esta iniciativa e o Polo aeroespacial de Galicia demostran que Galicia se pode posicionar na vangarda desta industria.<\/p>\n<p>Na s\u00faa intervenci\u00f3n, Francisco Conde anunciou que no segundo semestre deste ano se lanzar\u00e1 unha nova convocatoria para seguir desenvolvendo programas de compra p\u00fablica innovadora (CPI), vinculados ao Polo aeroespacial de Galicia, co obxectivo de seguir dando resposta a novos retos tecnol\u00f3xicos.<\/p>\n<p>A nova Unidade Mixta presentada hoxe, que se centra na intelixencia artificial aplicada \u00e1s operaci\u00f3ns con drons, d\u00e1 continuidade ao proxecto iniciado en 2017, prevendo en total un investimento p\u00fablico-privado de 4 mill\u00f3ns de euros. Tal e como apuntou Conde, contrib\u00fae \u00e1 retenci\u00f3n e captaci\u00f3n de talento, contando cun equipo de traballo de 17 investigadores e prevendo a creaci\u00f3n de 10 novos empregos de alta cualificaci\u00f3n. O obxectivo \u00e9 achegar avances moi significativos que contribuir\u00e1n a mellorar o gran reto do sector: a operatividade e a funcionalidade dos veh\u00edculos a\u00e9reos non tripulados. As instalaci\u00f3ns do Polo Aeroespacial de Galicia en Rozas (Castro de Rei) ser\u00e1n a s\u00faa base de operaci\u00f3ns para ensaios e demostraci\u00f3ns, polo que o traballo ser\u00e1 en coordinaci\u00f3n permanente.<\/p>\n<p>O vicepresidente econ\u00f3mico sinalou que se trata da primeira Unidade Mixta de Investigaci\u00f3n especializada en veh\u00edculos a\u00e9reos non tripulados, destacando que a iniciativa se puxo en marcha como resposta \u00e1 demanda do mercado de veh\u00edculos a\u00e9reos non tripulados que poidan operar con maior seguridade e autonom\u00eda en escenarios m\u00e1is complexos. O equipo non s\u00f3 traballa en desenvolvementos tecnol\u00f3xicos e ensaios que permitan ao dron ter maior independencia do piloto nestes entornos coa axuda da intelixencia artificial e a rob\u00f3tica, sen\u00f3n que tam\u00e9n est\u00e1 colaborando na definici\u00f3n dun novo marco regulatorio que contemple voos aut\u00f3nomos e a s\u00faa integraci\u00f3n no espazo a\u00e9reo.<\/p>\n<p>O obxectivo agora \u00e9 programar voos que vaian f\u00f3ra da li\u00f1a visual do piloto e que precisen da menor intervenci\u00f3n humana; profundizar nestes traballos para o desenvolvemento de aeronaves con maior autonom\u00eda; e avanzar na xesti\u00f3n da enerx\u00eda que consomen. Tr\u00e1tase, polo tanto, de drons que, grazas \u00e1 intelixencia artificial, cumpren os requisitos para operar en entornos de emerxencias, vixilancia de costas, e todo tipo de emisi\u00f3ns de seguridade en espazos onde non hai infraestrutura para avi\u00f3ns non tripulados.<\/p>\n<p>O programa de Unidades Mixtas de Investigaci\u00f3n impulsado pola Xunta favorece a cooperaci\u00f3n entre os organismos de investigaci\u00f3n e o tecido empresarial para realizar xuntos proxectos de I+D+i ali\u00f1ados cos retos e prioridades da RIS3. A trav\u00e9s das 8 convocatorias resoltas ata o momento, a Xunta apoiou 46 Unidades Mixtas: coa participaci\u00f3n de 13 centros de co\u00f1ecemento e 33 empresas, a mobilizaci\u00f3n de m\u00e1is de 130 mill\u00f3ns de euros, e coa implicaci\u00f3n de 700 profesionais.<\/p>\n","protected":false},"excerpt":{"rendered":"<p>O vicepresidente econ\u00f3mico e conselleiro de Econom\u00eda, Empresa e Innovaci\u00f3n, Francisco Conde, participou na Coru\u00f1a na presentaci\u00f3n da iniciativa FASTFly 2035, cun investimento de 4 mill\u00f3ns de euros e centrada na intelixencia artificial aplicada \u00e1s operaci\u00f3ns con drons Anuncia que no segundo semestre do ano se lanzar\u00e1 unha nova convocatoria para seguir desenvolvendo programas de [&hellip;]<\/p>\n","protected":false},"author":3,"featured_media":36885,"comment_status":"open","ping_status":"open","sticky":false,"template":"","format":"standard","meta":{"_et_pb_use_builder":"","_et_pb_old_content":"","_et_gb_content_width":""},"categories":[150],"tags":[],"acf":[],"yoast_head":"<!-- This site is optimized with the Yoast SEO plugin v20.9 - https:\/\/yoast.com\/wordpress\/plugins\/seo\/ -->\n<title>A Xunta destaca que co Polo Aeroespacial e a Unidade Mixta de ITG e Star Defence Galicia se posiciona na vangarda desta industria - Civil UAVs Initiative<\/title>\n<meta name=\"robots\" content=\"index, follow, max-snippet:-1, max-image-preview:large, max-video-preview:-1\" \/>\n<link rel=\"canonical\" href=\"https:\/\/www.civiluavsinitiative.com\/la-xunta-destaca-que-con-el-polo-aeroespacial-y-la-unidad-mixta-de-itg-y-star-defence-galicia-se-posiciona-en-la-vanguardia-de-esta-industria\/\" \/>\n<meta property=\"og:locale\" content=\"gl_ES\" \/>\n<meta property=\"og:type\" content=\"article\" \/>\n<meta property=\"og:title\" content=\"A Xunta destaca que co Polo Aeroespacial e a Unidade Mixta de ITG e Star Defence Galicia se posiciona na vangarda desta industria - Civil UAVs Initiative\" \/>\n<meta property=\"og:description\" content=\"O vicepresidente econ\u00f3mico e conselleiro de Econom\u00eda, Empresa e Innovaci\u00f3n, Francisco Conde, participou na Coru\u00f1a na presentaci\u00f3n da iniciativa FASTFly 2035, cun investimento de 4 mill\u00f3ns de euros e centrada na intelixencia artificial aplicada \u00e1s operaci\u00f3ns con drons Anuncia que no segundo semestre do ano se lanzar\u00e1 unha nova convocatoria para seguir desenvolvendo programas de [&hellip;]\" \/>\n<meta property=\"og:url\" content=\"https:\/\/www.civiluavsinitiative.com\/la-xunta-destaca-que-con-el-polo-aeroespacial-y-la-unidad-mixta-de-itg-y-star-defence-galicia-se-posiciona-en-la-vanguardia-de-esta-industria\/\" \/>\n<meta property=\"og:site_name\" content=\"Civil UAVs Initiative\" \/>\n<meta property=\"article:published_time\" content=\"2021-03-03T13:23:22+00:00\" \/>\n<meta property=\"og:image\" content=\"https:\/\/www.civiluavsinitiative.com\/wp-content\/uploads\/2021\/03\/20210303_conde_itg_1.jpg\" \/>\n\t<meta property=\"og:image:width\" content=\"1701\" \/>\n\t<meta property=\"og:image:height\" content=\"1134\" \/>\n\t<meta property=\"og:image:type\" content=\"image\/jpeg\" \/>\n<meta name=\"author\" content=\"pvillanueva\" \/>\n<meta name=\"twitter:card\" content=\"summary_large_image\" \/>\n<meta name=\"twitter:label1\" content=\"Escrito por\" \/>\n\t<meta name=\"twitter:data1\" content=\"pvillanueva\" \/>\n\t<meta name=\"twitter:label2\" content=\"Tempo de lectura\" \/>\n\t<meta name=\"twitter:data2\" content=\"3 minutos\" \/>\n<script type=\"application\/ld+json\" class=\"yoast-schema-graph\">{\"@context\":\"https:\/\/schema.org\",\"@graph\":[{\"@type\":\"WebPage\",\"@id\":\"https:\/\/www.civiluavsinitiative.com\/la-xunta-destaca-que-con-el-polo-aeroespacial-y-la-unidad-mixta-de-itg-y-star-defence-galicia-se-posiciona-en-la-vanguardia-de-esta-industria\/\",\"url\":\"https:\/\/www.civiluavsinitiative.com\/la-xunta-destaca-que-con-el-polo-aeroespacial-y-la-unidad-mixta-de-itg-y-star-defence-galicia-se-posiciona-en-la-vanguardia-de-esta-industria\/\",\"name\":\"A Xunta destaca que co Polo Aeroespacial e a Unidade Mixta de ITG e Star Defence Galicia se posiciona na vangarda desta industria - Civil UAVs Initiative\",\"isPartOf\":{\"@id\":\"https:\/\/www.civiluavsinitiative.com\/#website\"},\"datePublished\":\"2021-03-03T13:23:22+00:00\",\"dateModified\":\"2021-03-03T13:23:22+00:00\",\"author\":{\"@id\":\"https:\/\/www.civiluavsinitiative.com\/#\/schema\/person\/58af028627c8c00ec53ba6f40d2f9bac\"},\"breadcrumb\":{\"@id\":\"https:\/\/www.civiluavsinitiative.com\/la-xunta-destaca-que-con-el-polo-aeroespacial-y-la-unidad-mixta-de-itg-y-star-defence-galicia-se-posiciona-en-la-vanguardia-de-esta-industria\/#breadcrumb\"},\"inLanguage\":\"gl-ES\",\"potentialAction\":[{\"@type\":\"ReadAction\",\"target\":[\"https:\/\/www.civiluavsinitiative.com\/la-xunta-destaca-que-con-el-polo-aeroespacial-y-la-unidad-mixta-de-itg-y-star-defence-galicia-se-posiciona-en-la-vanguardia-de-esta-industria\/\"]}]},{\"@type\":\"BreadcrumbList\",\"@id\":\"https:\/\/www.civiluavsinitiative.com\/la-xunta-destaca-que-con-el-polo-aeroespacial-y-la-unidad-mixta-de-itg-y-star-defence-galicia-se-posiciona-en-la-vanguardia-de-esta-industria\/#breadcrumb\",\"itemListElement\":[{\"@type\":\"ListItem\",\"position\":1,\"name\":\"Home\",\"item\":\"https:\/\/www.civiluavsinitiative.com\/gl\/\"},{\"@type\":\"ListItem\",\"position\":2,\"name\":\"A Xunta destaca que co Polo Aeroespacial e a Unidade Mixta de ITG e Star Defence Galicia se posiciona na vangarda desta industria\"}]},{\"@type\":\"WebSite\",\"@id\":\"https:\/\/www.civiluavsinitiative.com\/#website\",\"url\":\"https:\/\/www.civiluavsinitiative.com\/\",\"name\":\"Civil UAVs Initiative\",\"description\":\"Civil UAVs Initiative, favorece y fomenta el emprendimiento innovador, con el fin de atraer y retener en Galicia talento en el sector aeroespacial.\",\"potentialAction\":[{\"@type\":\"SearchAction\",\"target\":{\"@type\":\"EntryPoint\",\"urlTemplate\":\"https:\/\/www.civiluavsinitiative.com\/?s={search_term_string}\"},\"query-input\":\"required name=search_term_string\"}],\"inLanguage\":\"gl-ES\"},{\"@type\":\"Person\",\"@id\":\"https:\/\/www.civiluavsinitiative.com\/#\/schema\/person\/58af028627c8c00ec53ba6f40d2f9bac\",\"name\":\"pvillanueva\",\"image\":{\"@type\":\"ImageObject\",\"inLanguage\":\"gl-ES\",\"@id\":\"https:\/\/www.civiluavsinitiative.com\/#\/schema\/person\/image\/\",\"url\":\"https:\/\/secure.gravatar.com\/avatar\/26c228395505196df76a7de2e9ed4de6?s=96&d=mm&r=g\",\"contentUrl\":\"https:\/\/secure.gravatar.com\/avatar\/26c228395505196df76a7de2e9ed4de6?s=96&d=mm&r=g\",\"caption\":\"pvillanueva\"}}]}<\/script>\n<!-- \/ Yoast SEO plugin. -->","yoast_head_json":{"title":"A Xunta destaca que co Polo Aeroespacial e a Unidade Mixta de ITG e Star Defence Galicia se posiciona na vangarda desta industria - Civil UAVs Initiative","robots":{"index":"index","follow":"follow","max-snippet":"max-snippet:-1","max-image-preview":"max-image-preview:large","max-video-preview":"max-video-preview:-1"},"canonical":"https:\/\/www.civiluavsinitiative.com\/la-xunta-destaca-que-con-el-polo-aeroespacial-y-la-unidad-mixta-de-itg-y-star-defence-galicia-se-posiciona-en-la-vanguardia-de-esta-industria\/","og_locale":"gl_ES","og_type":"article","og_title":"A Xunta destaca que co Polo Aeroespacial e a Unidade Mixta de ITG e Star Defence Galicia se posiciona na vangarda desta industria - Civil UAVs Initiative","og_description":"O vicepresidente econ\u00f3mico e conselleiro de Econom\u00eda, Empresa e Innovaci\u00f3n, Francisco Conde, participou na Coru\u00f1a na presentaci\u00f3n da iniciativa FASTFly 2035, cun investimento de 4 mill\u00f3ns de euros e centrada na intelixencia artificial aplicada \u00e1s operaci\u00f3ns con drons Anuncia que no segundo semestre do ano se lanzar\u00e1 unha nova convocatoria para seguir desenvolvendo programas de [&hellip;]","og_url":"https:\/\/www.civiluavsinitiative.com\/la-xunta-destaca-que-con-el-polo-aeroespacial-y-la-unidad-mixta-de-itg-y-star-defence-galicia-se-posiciona-en-la-vanguardia-de-esta-industria\/","og_site_name":"Civil UAVs Initiative","article_published_time":"2021-03-03T13:23:22+00:00","og_image":[{"width":1701,"height":1134,"url":"https:\/\/www.civiluavsinitiative.com\/wp-content\/uploads\/2021\/03\/20210303_conde_itg_1.jpg","type":"image\/jpeg"}],"author":"pvillanueva","twitter_card":"summary_large_image","twitter_misc":{"Escrito por":"pvillanueva","Tempo de lectura":"3 minutos"},"schema":{"@context":"https:\/\/schema.org","@graph":[{"@type":"WebPage","@id":"https:\/\/www.civiluavsinitiative.com\/la-xunta-destaca-que-con-el-polo-aeroespacial-y-la-unidad-mixta-de-itg-y-star-defence-galicia-se-posiciona-en-la-vanguardia-de-esta-industria\/","url":"https:\/\/www.civiluavsinitiative.com\/la-xunta-destaca-que-con-el-polo-aeroespacial-y-la-unidad-mixta-de-itg-y-star-defence-galicia-se-posiciona-en-la-vanguardia-de-esta-industria\/","name":"A Xunta destaca que co Polo Aeroespacial e a Unidade Mixta de ITG e Star Defence Galicia se posiciona na vangarda desta industria - Civil UAVs Initiative","isPartOf":{"@id":"https:\/\/www.civiluavsinitiative.com\/#website"},"datePublished":"2021-03-03T13:23:22+00:00","dateModified":"2021-03-03T13:23:22+00:00","author":{"@id":"https:\/\/www.civiluavsinitiative.com\/#\/schema\/person\/58af028627c8c00ec53ba6f40d2f9bac"},"breadcrumb":{"@id":"https:\/\/www.civiluavsinitiative.com\/la-xunta-destaca-que-con-el-polo-aeroespacial-y-la-unidad-mixta-de-itg-y-star-defence-galicia-se-posiciona-en-la-vanguardia-de-esta-industria\/#breadcrumb"},"inLanguage":"gl-ES","potentialAction":[{"@type":"ReadAction","target":["https:\/\/www.civiluavsinitiative.com\/la-xunta-destaca-que-con-el-polo-aeroespacial-y-la-unidad-mixta-de-itg-y-star-defence-galicia-se-posiciona-en-la-vanguardia-de-esta-industria\/"]}]},{"@type":"BreadcrumbList","@id":"https:\/\/www.civiluavsinitiative.com\/la-xunta-destaca-que-con-el-polo-aeroespacial-y-la-unidad-mixta-de-itg-y-star-defence-galicia-se-posiciona-en-la-vanguardia-de-esta-industria\/#breadcrumb","itemListElement":[{"@type":"ListItem","position":1,"name":"Home","item":"https:\/\/www.civiluavsinitiative.com\/gl\/"},{"@type":"ListItem","position":2,"name":"A Xunta destaca que co Polo Aeroespacial e a Unidade Mixta de ITG e Star Defence Galicia se posiciona na vangarda desta industria"}]},{"@type":"WebSite","@id":"https:\/\/www.civiluavsinitiative.com\/#website","url":"https:\/\/www.civiluavsinitiative.com\/","name":"Civil UAVs Initiative","description":"Civil UAVs Initiative, favorece y fomenta el emprendimiento innovador, con el fin de atraer y retener en Galicia talento en el sector aeroespacial.","potentialAction":[{"@type":"SearchAction","target":{"@type":"EntryPoint","urlTemplate":"https:\/\/www.civiluavsinitiative.com\/?s={search_term_string}"},"query-input":"required name=search_term_string"}],"inLanguage":"gl-ES"},{"@type":"Person","@id":"https:\/\/www.civiluavsinitiative.com\/#\/schema\/person\/58af028627c8c00ec53ba6f40d2f9bac","name":"pvillanueva","image":{"@type":"ImageObject","inLanguage":"gl-ES","@id":"https:\/\/www.civiluavsinitiative.com\/#\/schema\/person\/image\/","url":"https:\/\/secure.gravatar.com\/avatar\/26c228395505196df76a7de2e9ed4de6?s=96&d=mm&r=g","contentUrl":"https:\/\/secure.gravatar.com\/avatar\/26c228395505196df76a7de2e9ed4de6?s=96&d=mm&r=g","caption":"pvillanueva"}}]}},"_links":{"self":[{"href":"https:\/\/www.civiluavsinitiative.com\/gl\/wp-json\/wp\/v2\/posts\/36887"}],"collection":[{"href":"https:\/\/www.civiluavsinitiative.com\/gl\/wp-json\/wp\/v2\/posts"}],"about":[{"href":"https:\/\/www.civiluavsinitiative.com\/gl\/wp-json\/wp\/v2\/types\/post"}],"author":[{"embeddable":true,"href":"https:\/\/www.civiluavsinitiative.com\/gl\/wp-json\/wp\/v2\/users\/3"}],"replies":[{"embeddable":true,"href":"https:\/\/www.civiluavsinitiative.com\/gl\/wp-json\/wp\/v2\/comments?post=36887"}],"version-history":[{"count":1,"href":"https:\/\/www.civiluavsinitiative.com\/gl\/wp-json\/wp\/v2\/posts\/36887\/revisions"}],"predecessor-version":[{"id":36888,"href":"https:\/\/www.civiluavsinitiative.com\/gl\/wp-json\/wp\/v2\/posts\/36887\/revisions\/36888"}],"wp:featuredmedia":[{"embeddable":true,"href":"https:\/\/www.civiluavsinitiative.com\/gl\/wp-json\/wp\/v2\/media\/36885"}],"wp:attachment":[{"href":"https:\/\/www.civiluavsinitiative.com\/gl\/wp-json\/wp\/v2\/media?parent=36887"}],"wp:term":[{"taxonomy":"category","embeddable":true,"href":"https:\/\/www.civiluavsinitiative.com\/gl\/wp-json\/wp\/v2\/categories?post=36887"},{"taxonomy":"post_tag","embeddable":true,"href":"https:\/\/www.civiluavsinitiative.com\/gl\/wp-json\/wp\/v2\/tags?post=36887"}],"curies":[{"name":"wp","href":"https:\/\/api.w.org\/{rel}","templated":true}]}}