{"id":36676,"date":"2021-02-05T14:21:26","date_gmt":"2021-02-05T13:21:26","guid":{"rendered":"https:\/\/www.civiluavsinitiative.com\/?p=36676"},"modified":"2021-02-05T14:21:26","modified_gmt":"2021-02-05T13:21:26","slug":"a-xunta-destaca-o-potencial-innovador-das-pemes-galegas-do-sector-aeroespacial","status":"publish","type":"post","link":"https:\/\/www.civiluavsinitiative.com\/gl\/a-xunta-destaca-o-potencial-innovador-das-pemes-galegas-do-sector-aeroespacial\/","title":{"rendered":"A Xunta destaca o potencial innovador das pemes galegas do sector aeroespacial"},"content":{"rendered":"<ul>\n<li><strong><em>A directora da Axencia Galega de Innovaci\u00f3n (Gain) e a delegada territorial da Xunta en Pontevedra visitaron a empresa Aeroc\u00e1maras en Lal\u00edn<\/em><\/strong><\/li>\n<li><strong><em>A compa\u00f1\u00eda, especializada no sector dos drons, desenvolveu os proxectos AeroCovid e Drone Velutina 2.0 no marco das aceleradoras Connect19 e BFAero impulsadas polo Goberno galego<\/em><\/strong><\/li>\n<li><strong><em>A directora de Gain subli\u00f1ou o papel clave que xogan as pemes no Polo Aeroespacial de Galicia<\/em><\/strong><\/li>\n<\/ul>\n<p><strong><em>\u00a0<\/em><\/strong><\/p>\n<p><strong>Lal\u00edn (Pontevedra), 5 de febreiro de 2021<\/strong>.- A directora da Axencia Galega de Innovaci\u00f3n (Gain), Patricia Argerey, e a delegada territorial da Xunta de Galicia en Pontevedra, Luisa Pi\u00f1eiro, visitaron esta ma\u00f1\u00e1 a sede de Aeroc\u00e1maras en Lal\u00edn. Tr\u00e1tase dunha empresa con preto de 15 anos de antig\u00fcidade especializada no sector dos drons, cuxas principais actividades son a formaci\u00f3n de pilotos profesionais de drons, a xesti\u00f3n aeron\u00e1utica, a xesti\u00f3n de servizos profesionais con drons e o desenvolvemento de aeronaves non tripuladas.<\/p>\n<p>Argerey destacou o potencial innovador das empresas galegas, que se atopan no centro da I+D+i realizada en Espa\u00f1a no sector dos drons, e que, grazas \u00e1 aposta da Xunta a trav\u00e9s do Polo Aeroespacial de Galicia, viron reforzadas as s\u00faas capacidades tecnol\u00f3xicas e as s\u00faas oportunidades. Neste sentido, puxo a Aeroc\u00e1maras como exemplo de empresa que soubo aproveitar o potencial deste segmento de mercado, o dos drons, e medrar ata converterse nun referente en Espa\u00f1a e en plena expansi\u00f3n internacional.<\/p>\n<p>A directora de Gain fixo \u00e9nfase na vocaci\u00f3n innovadora da empresa que a levou a participar en d\u00faas aceleradoras de innovaci\u00f3n impulsadas pola Xunta e especializadas no sector aeroespacial, a Business Factory Aero (BFAero), e na comercializaci\u00f3n de soluci\u00f3ns innovadoras fronte \u00e1 pandemia, Connect19.<\/p>\n<p>Aeroc\u00e1maras foi seleccionada como unha das 19 iniciativas do sector aeroespacial incubadas ou aceleradas a trav\u00e9s da BFAero nas s\u00faas tres edici\u00f3ns. En concreto, o seu proxecto Drone Velutina 2.0, que prop\u00f3n un sistema pioneiro para erradicar os ni\u00f1os de avespa velutina dun xeito r\u00e1pido, seguro e eficaz, participou no programa de aceleraci\u00f3n da segunda edici\u00f3n onde, ademais de recibir un apoio econ\u00f3mico de 50.000 euros, obtivo asesoramento experto, acceso \u00e1s instalaci\u00f3ns e equipos do Polo Aeroespacial de Galicia, espazos de coworking e formaci\u00f3n.<\/p>\n<p>Entre as vantaxes da soluci\u00f3n dese\u00f1ada por Aeroc\u00e1maras, que xa se atopa no mercado, est\u00e1 a posibilidade de acceder a ni\u00f1os de avespas m\u00e1is altos e inaccesibles, dun xeito m\u00e1is econ\u00f3mico, xa que sup\u00f3n un aforro de tempo e de custos ao non precisar montar infraestruturas nin empregar traxes especiais.<\/p>\n<p>As\u00ed mesmo, a empresa dezana participou na aceleradora posta en marcha pola Xunta de Galicia para reducir o impacto social e econ\u00f3mico da pandemia, Connect19. Neste marco, Aeroc\u00e1maras desenvolveu o proxecto AeroCovid, un sistema de vixilancia a\u00e9rea con drons que permite controlar o aforo e o distanciamento social en espazos urbanos, rurais e naturais base\u00e1ndose nun algoritmo de Intelixencia Artificial.<\/p>\n<p>Este sistema, que recibiu un apoio econ\u00f3mico de preto de 18.000 euros para mellorar a s\u00faa comercializaci\u00f3n e que xa est\u00e1 no mercado, permite transmitir o sinal en directo para poder controlar o aforo e o distanciamento social en tempo real desde calquera lugar do mundo, ten unha alta eficacia na medici\u00f3n e permite a anonimizaci\u00f3n dos usuarios gravados, asegurando a privacidade.<\/p>\n<p>Entre os novos proxectos da empresa, que deron a co\u00f1ecer hoxe \u00e1s representantes da Xunta de Galicia, at\u00f3panse drons de hidr\u00f3xeno, transporte de persoas con aeronaves non tripuladas, inspecci\u00f3ns t\u00e9cnicas con drons, transporte de material de porto a barco ou unha plataforma de busca de talento centrada na industria dos veh\u00edculos non tripulados.<\/p>\n<p>&nbsp;<\/p>\n<p><strong>Polo Aeroespacial de Galicia<\/strong><\/p>\n<p>A directora de Gain explicou que o apoio a este sector se enmarca no Polo Aeroespacial de Galicia, a iniciativa estrat\u00e9xica da Xunta para mellorar a prestaci\u00f3n dos servizos p\u00fablicos mediante o uso de veh\u00edculos non tripulados e converter Galicia nun referente internacional neste sector.<\/p>\n<p>No per\u00edodo 2015-2020 mobiliz\u00e1ronse a trav\u00e9s desta iniciativa 164 mill\u00f3ns de euros de investimento p\u00fablico-privado, case 10 veces m\u00e1is do inicialmente previsto; desenvolv\u00e9ronse 59 proxectos de I+D; e 800 profesionais de toda Espa\u00f1a -fundamentalmente en Galicia- traballaron nela.<\/p>\n<p>Actualmente, estase iniciando a fase de consolidaci\u00f3n que abranguer\u00e1 o per\u00edodo 2021-2025 e que se agarda te\u00f1a un impacto relevante no desenvolvemento socioecon\u00f3mico de Galicia, contribu\u00edndo a equilibrar o crecemento econ\u00f3mico das provincias do interior, a facer fronte aos retos de futuro como a transici\u00f3n ecol\u00f3xica e dixital e a posicionar Galicia como unha rexi\u00f3n de referencia en Europa no segmento dos drons.<\/p>\n<p><a href=\"https:\/\/www.civiluavsinitiative.com\/wp-content\/uploads\/2021\/02\/20210205NPAerocamaras.pdf\">Descargar artigo<\/a><\/p>\n","protected":false},"excerpt":{"rendered":"<p>A directora da Axencia Galega de Innovaci\u00f3n (Gain) e a delegada territorial da Xunta en Pontevedra visitaron a empresa Aeroc\u00e1maras en Lal\u00edn A compa\u00f1\u00eda, especializada no sector dos drons, desenvolveu os proxectos AeroCovid e Drone Velutina 2.0 no marco das aceleradoras Connect19 e BFAero impulsadas polo Goberno galego A directora de Gain subli\u00f1ou o papel [&hellip;]<\/p>\n","protected":false},"author":3,"featured_media":36674,"comment_status":"open","ping_status":"open","sticky":false,"template":"","format":"standard","meta":{"_et_pb_use_builder":"","_et_pb_old_content":"","_et_gb_content_width":""},"categories":[150],"tags":[],"acf":[],"yoast_head":"<!-- This site is optimized with the Yoast SEO plugin v20.9 - https:\/\/yoast.com\/wordpress\/plugins\/seo\/ -->\n<title>A Xunta destaca o potencial innovador das pemes galegas do sector aeroespacial - Civil UAVs Initiative<\/title>\n<meta name=\"robots\" content=\"index, follow, max-snippet:-1, max-image-preview:large, max-video-preview:-1\" \/>\n<link rel=\"canonical\" href=\"https:\/\/www.civiluavsinitiative.com\/la-xunta-destaca-el-potencial-innovador-de-las-pymes-gallegas-del-sector-aeroespacial\/\" \/>\n<meta property=\"og:locale\" content=\"gl_ES\" \/>\n<meta property=\"og:type\" content=\"article\" \/>\n<meta property=\"og:title\" content=\"A Xunta destaca o potencial innovador das pemes galegas do sector aeroespacial - Civil UAVs Initiative\" \/>\n<meta property=\"og:description\" content=\"A directora da Axencia Galega de Innovaci\u00f3n (Gain) e a delegada territorial da Xunta en Pontevedra visitaron a empresa Aeroc\u00e1maras en Lal\u00edn A compa\u00f1\u00eda, especializada no sector dos drons, desenvolveu os proxectos AeroCovid e Drone Velutina 2.0 no marco das aceleradoras Connect19 e BFAero impulsadas polo Goberno galego A directora de Gain subli\u00f1ou o papel [&hellip;]\" \/>\n<meta property=\"og:url\" content=\"https:\/\/www.civiluavsinitiative.com\/la-xunta-destaca-el-potencial-innovador-de-las-pymes-gallegas-del-sector-aeroespacial\/\" \/>\n<meta property=\"og:site_name\" content=\"Civil UAVs Initiative\" \/>\n<meta property=\"article:published_time\" content=\"2021-02-05T13:21:26+00:00\" \/>\n<meta property=\"og:image\" content=\"https:\/\/www.civiluavsinitiative.com\/wp-content\/uploads\/2021\/02\/IMG_1233.jpg\" \/>\n\t<meta property=\"og:image:width\" content=\"1920\" \/>\n\t<meta property=\"og:image:height\" content=\"1280\" \/>\n\t<meta property=\"og:image:type\" content=\"image\/jpeg\" \/>\n<meta name=\"author\" content=\"pvillanueva\" \/>\n<meta name=\"twitter:card\" content=\"summary_large_image\" \/>\n<meta name=\"twitter:label1\" content=\"Escrito por\" \/>\n\t<meta name=\"twitter:data1\" content=\"pvillanueva\" \/>\n\t<meta name=\"twitter:label2\" content=\"Tempo de lectura\" \/>\n\t<meta name=\"twitter:data2\" content=\"4 minutos\" \/>\n<script type=\"application\/ld+json\" class=\"yoast-schema-graph\">{\"@context\":\"https:\/\/schema.org\",\"@graph\":[{\"@type\":\"WebPage\",\"@id\":\"https:\/\/www.civiluavsinitiative.com\/la-xunta-destaca-el-potencial-innovador-de-las-pymes-gallegas-del-sector-aeroespacial\/\",\"url\":\"https:\/\/www.civiluavsinitiative.com\/la-xunta-destaca-el-potencial-innovador-de-las-pymes-gallegas-del-sector-aeroespacial\/\",\"name\":\"A Xunta destaca o potencial innovador das pemes galegas do sector aeroespacial - Civil UAVs Initiative\",\"isPartOf\":{\"@id\":\"https:\/\/www.civiluavsinitiative.com\/#website\"},\"datePublished\":\"2021-02-05T13:21:26+00:00\",\"dateModified\":\"2021-02-05T13:21:26+00:00\",\"author\":{\"@id\":\"https:\/\/www.civiluavsinitiative.com\/#\/schema\/person\/58af028627c8c00ec53ba6f40d2f9bac\"},\"breadcrumb\":{\"@id\":\"https:\/\/www.civiluavsinitiative.com\/la-xunta-destaca-el-potencial-innovador-de-las-pymes-gallegas-del-sector-aeroespacial\/#breadcrumb\"},\"inLanguage\":\"gl-ES\",\"potentialAction\":[{\"@type\":\"ReadAction\",\"target\":[\"https:\/\/www.civiluavsinitiative.com\/la-xunta-destaca-el-potencial-innovador-de-las-pymes-gallegas-del-sector-aeroespacial\/\"]}]},{\"@type\":\"BreadcrumbList\",\"@id\":\"https:\/\/www.civiluavsinitiative.com\/la-xunta-destaca-el-potencial-innovador-de-las-pymes-gallegas-del-sector-aeroespacial\/#breadcrumb\",\"itemListElement\":[{\"@type\":\"ListItem\",\"position\":1,\"name\":\"Home\",\"item\":\"https:\/\/www.civiluavsinitiative.com\/gl\/\"},{\"@type\":\"ListItem\",\"position\":2,\"name\":\"A Xunta destaca o potencial innovador das pemes galegas do sector aeroespacial\"}]},{\"@type\":\"WebSite\",\"@id\":\"https:\/\/www.civiluavsinitiative.com\/#website\",\"url\":\"https:\/\/www.civiluavsinitiative.com\/\",\"name\":\"Civil UAVs Initiative\",\"description\":\"Civil UAVs Initiative, favorece y fomenta el emprendimiento innovador, con el fin de atraer y retener en Galicia talento en el sector aeroespacial.\",\"potentialAction\":[{\"@type\":\"SearchAction\",\"target\":{\"@type\":\"EntryPoint\",\"urlTemplate\":\"https:\/\/www.civiluavsinitiative.com\/?s={search_term_string}\"},\"query-input\":\"required name=search_term_string\"}],\"inLanguage\":\"gl-ES\"},{\"@type\":\"Person\",\"@id\":\"https:\/\/www.civiluavsinitiative.com\/#\/schema\/person\/58af028627c8c00ec53ba6f40d2f9bac\",\"name\":\"pvillanueva\",\"image\":{\"@type\":\"ImageObject\",\"inLanguage\":\"gl-ES\",\"@id\":\"https:\/\/www.civiluavsinitiative.com\/#\/schema\/person\/image\/\",\"url\":\"https:\/\/secure.gravatar.com\/avatar\/26c228395505196df76a7de2e9ed4de6?s=96&d=mm&r=g\",\"contentUrl\":\"https:\/\/secure.gravatar.com\/avatar\/26c228395505196df76a7de2e9ed4de6?s=96&d=mm&r=g\",\"caption\":\"pvillanueva\"}}]}<\/script>\n<!-- \/ Yoast SEO plugin. -->","yoast_head_json":{"title":"A Xunta destaca o potencial innovador das pemes galegas do sector aeroespacial - Civil UAVs Initiative","robots":{"index":"index","follow":"follow","max-snippet":"max-snippet:-1","max-image-preview":"max-image-preview:large","max-video-preview":"max-video-preview:-1"},"canonical":"https:\/\/www.civiluavsinitiative.com\/la-xunta-destaca-el-potencial-innovador-de-las-pymes-gallegas-del-sector-aeroespacial\/","og_locale":"gl_ES","og_type":"article","og_title":"A Xunta destaca o potencial innovador das pemes galegas do sector aeroespacial - Civil UAVs Initiative","og_description":"A directora da Axencia Galega de Innovaci\u00f3n (Gain) e a delegada territorial da Xunta en Pontevedra visitaron a empresa Aeroc\u00e1maras en Lal\u00edn A compa\u00f1\u00eda, especializada no sector dos drons, desenvolveu os proxectos AeroCovid e Drone Velutina 2.0 no marco das aceleradoras Connect19 e BFAero impulsadas polo Goberno galego A directora de Gain subli\u00f1ou o papel [&hellip;]","og_url":"https:\/\/www.civiluavsinitiative.com\/la-xunta-destaca-el-potencial-innovador-de-las-pymes-gallegas-del-sector-aeroespacial\/","og_site_name":"Civil UAVs Initiative","article_published_time":"2021-02-05T13:21:26+00:00","og_image":[{"width":1920,"height":1280,"url":"https:\/\/www.civiluavsinitiative.com\/wp-content\/uploads\/2021\/02\/IMG_1233.jpg","type":"image\/jpeg"}],"author":"pvillanueva","twitter_card":"summary_large_image","twitter_misc":{"Escrito por":"pvillanueva","Tempo de lectura":"4 minutos"},"schema":{"@context":"https:\/\/schema.org","@graph":[{"@type":"WebPage","@id":"https:\/\/www.civiluavsinitiative.com\/la-xunta-destaca-el-potencial-innovador-de-las-pymes-gallegas-del-sector-aeroespacial\/","url":"https:\/\/www.civiluavsinitiative.com\/la-xunta-destaca-el-potencial-innovador-de-las-pymes-gallegas-del-sector-aeroespacial\/","name":"A Xunta destaca o potencial innovador das pemes galegas do sector aeroespacial - Civil UAVs Initiative","isPartOf":{"@id":"https:\/\/www.civiluavsinitiative.com\/#website"},"datePublished":"2021-02-05T13:21:26+00:00","dateModified":"2021-02-05T13:21:26+00:00","author":{"@id":"https:\/\/www.civiluavsinitiative.com\/#\/schema\/person\/58af028627c8c00ec53ba6f40d2f9bac"},"breadcrumb":{"@id":"https:\/\/www.civiluavsinitiative.com\/la-xunta-destaca-el-potencial-innovador-de-las-pymes-gallegas-del-sector-aeroespacial\/#breadcrumb"},"inLanguage":"gl-ES","potentialAction":[{"@type":"ReadAction","target":["https:\/\/www.civiluavsinitiative.com\/la-xunta-destaca-el-potencial-innovador-de-las-pymes-gallegas-del-sector-aeroespacial\/"]}]},{"@type":"BreadcrumbList","@id":"https:\/\/www.civiluavsinitiative.com\/la-xunta-destaca-el-potencial-innovador-de-las-pymes-gallegas-del-sector-aeroespacial\/#breadcrumb","itemListElement":[{"@type":"ListItem","position":1,"name":"Home","item":"https:\/\/www.civiluavsinitiative.com\/gl\/"},{"@type":"ListItem","position":2,"name":"A Xunta destaca o potencial innovador das pemes galegas do sector aeroespacial"}]},{"@type":"WebSite","@id":"https:\/\/www.civiluavsinitiative.com\/#website","url":"https:\/\/www.civiluavsinitiative.com\/","name":"Civil UAVs Initiative","description":"Civil UAVs Initiative, favorece y fomenta el emprendimiento innovador, con el fin de atraer y retener en Galicia talento en el sector aeroespacial.","potentialAction":[{"@type":"SearchAction","target":{"@type":"EntryPoint","urlTemplate":"https:\/\/www.civiluavsinitiative.com\/?s={search_term_string}"},"query-input":"required name=search_term_string"}],"inLanguage":"gl-ES"},{"@type":"Person","@id":"https:\/\/www.civiluavsinitiative.com\/#\/schema\/person\/58af028627c8c00ec53ba6f40d2f9bac","name":"pvillanueva","image":{"@type":"ImageObject","inLanguage":"gl-ES","@id":"https:\/\/www.civiluavsinitiative.com\/#\/schema\/person\/image\/","url":"https:\/\/secure.gravatar.com\/avatar\/26c228395505196df76a7de2e9ed4de6?s=96&d=mm&r=g","contentUrl":"https:\/\/secure.gravatar.com\/avatar\/26c228395505196df76a7de2e9ed4de6?s=96&d=mm&r=g","caption":"pvillanueva"}}]}},"_links":{"self":[{"href":"https:\/\/www.civiluavsinitiative.com\/gl\/wp-json\/wp\/v2\/posts\/36676"}],"collection":[{"href":"https:\/\/www.civiluavsinitiative.com\/gl\/wp-json\/wp\/v2\/posts"}],"about":[{"href":"https:\/\/www.civiluavsinitiative.com\/gl\/wp-json\/wp\/v2\/types\/post"}],"author":[{"embeddable":true,"href":"https:\/\/www.civiluavsinitiative.com\/gl\/wp-json\/wp\/v2\/users\/3"}],"replies":[{"embeddable":true,"href":"https:\/\/www.civiluavsinitiative.com\/gl\/wp-json\/wp\/v2\/comments?post=36676"}],"version-history":[{"count":2,"href":"https:\/\/www.civiluavsinitiative.com\/gl\/wp-json\/wp\/v2\/posts\/36676\/revisions"}],"predecessor-version":[{"id":36681,"href":"https:\/\/www.civiluavsinitiative.com\/gl\/wp-json\/wp\/v2\/posts\/36676\/revisions\/36681"}],"wp:featuredmedia":[{"embeddable":true,"href":"https:\/\/www.civiluavsinitiative.com\/gl\/wp-json\/wp\/v2\/media\/36674"}],"wp:attachment":[{"href":"https:\/\/www.civiluavsinitiative.com\/gl\/wp-json\/wp\/v2\/media?parent=36676"}],"wp:term":[{"taxonomy":"category","embeddable":true,"href":"https:\/\/www.civiluavsinitiative.com\/gl\/wp-json\/wp\/v2\/categories?post=36676"},{"taxonomy":"post_tag","embeddable":true,"href":"https:\/\/www.civiluavsinitiative.com\/gl\/wp-json\/wp\/v2\/tags?post=36676"}],"curies":[{"name":"wp","href":"https:\/\/api.w.org\/{rel}","templated":true}]}}