{"id":36628,"date":"2020-01-22T13:22:42","date_gmt":"2020-01-22T12:22:42","guid":{"rendered":"https:\/\/www.civiluavsinitiative.com\/?p=36628"},"modified":"2021-02-02T15:48:55","modified_gmt":"2021-02-02T14:48:55","slug":"a-xunta-reforza-a-aposta-polo-sector-aeroespacial-cunha-unidade-mixta-de-investigacion-especializada-na-xestion-do-espazo-aereo-de-vehiculos-non-tripulados","status":"publish","type":"post","link":"https:\/\/www.civiluavsinitiative.com\/gl\/a-xunta-reforza-a-aposta-polo-sector-aeroespacial-cunha-unidade-mixta-de-investigacion-especializada-na-xestion-do-espazo-aereo-de-vehiculos-non-tripulados\/","title":{"rendered":"A Xunta reforza a aposta polo sector aeroespacial cunha Unidade Mixta de Investigaci\u00f3n especializada na xesti\u00f3n do espazo a\u00e9reo de veh\u00edculos non tripulados"},"content":{"rendered":"<ul>\n<li><strong><em>Na Unidade Mixta de Investigaci\u00f3n Airus, presentada hoxe na Coru\u00f1a, participan o Instituto Tecnol\u00f3xico de Galicia (ITG) e a multinacional tecnol\u00f3xica Everis, e ten como obxectivo contribu\u00edr \u00e1 xesti\u00f3n eficiente e segura no espazo a\u00e9reo<\/em><\/strong><\/li>\n<li><strong><em>Esta UMI v\u00e9n reforzar a aposta por esta industria en Galicia que se concreta no Polo Aeroespacial de Galicia, cun investimento previsto de 164 mill\u00f3ns de euros e que d\u00e1 emprego xa a 400 persoas en m\u00e1is de 35 proxectos<\/em><\/strong><\/li>\n<li><strong><em>Desde 2014 t\u00e9\u00f1ense apoiado 39 Unidades Mixtas, un instrumento de cooperaci\u00f3n p\u00fablico-privada que permite combinar a experiencia empresarial co co\u00f1ecemento dos centros de investigaci\u00f3n e ga\u00f1ar competitividade<\/em><\/strong><\/li>\n<\/ul>\n<p><strong>\u00a0<\/strong><\/p>\n<p><strong>A Coru\u00f1a, 22 de xaneiro de 2020.- <\/strong>A directora da Axencia Galega de Innovaci\u00f3n (Gain), Patricia Argerey, destacou esta ma\u00f1\u00e1 na presentaci\u00f3n da Unidade Mixta de Investigaci\u00f3n (UMI) Airus (Automatic Intelligent SeRvices for U-Space), promovida polo Instituto Tecnol\u00f3xico de Galicia (ITG) e a multinacional tecnol\u00f3xica Everis Aeroespacial, Defensa e Seguridade (everis ADS), a contribuci\u00f3n desta UMI ao sector aeroespacial, no \u00e1mbito da xesti\u00f3n do tr\u00e1fico de sistemas non tripulados. Co obxectivo de facilitar a integraci\u00f3n eficiente e segura dos drons no espazo a\u00e9reo, esta UMI traballar\u00e1 en permitir xestionar novos plans de voo, delimitar o espazo de desprazamento fixando \u00e1reas restrinxidas, facilitar a desconxesti\u00f3n estrat\u00e9xica para evitar a saturaci\u00f3n do espazo a\u00e9reo e contribu\u00edr ao seguimento e monitoraxe dos drons e obst\u00e1culos que poidan interromper o curso doutros veh\u00edculos.<\/p>\n<p>Cun investimento de preto de 2,2 mill\u00f3ns de euros, cofinanciado nun 30% pola Xunta de Galicia a trav\u00e9s do Programa Operativo FEDER Galicia 2014-2020, AIRUS servir\u00e1 para reforzar a aposta de Galicia polo sector aeroespacial que se materializa no Polo Aeroespacial de Galicia, cun investimento p\u00fablico-privado total de 164 mill\u00f3ns de euros e no que est\u00e1n a traballar 400 persoas en m\u00e1is de 35 proxectos que est\u00e1n a desenvolver 50 axentes. Argerey anunciou que esta iniciativa se ver\u00e1 reforzada este ano cun investimento de 15,5 mill\u00f3ns de euros nos Orzamentos 2020 da Xunta de Galicia. Asemade, estase a traballar xa na continuidade da iniciativa a trav\u00e9s dun novo proxecto que se presentar\u00e1 este venres no Centro para el Desarrollo Tecnol\u00f3gico Industrial (CDTI) en Madrid e que est\u00e1 vencellado co U-Space, o sistema de xesti\u00f3n do tr\u00e1fico de veh\u00edculos non tripulados propio da Uni\u00f3n Europea.<\/p>\n<p>A directora de Gain apuntou ademais que o Polo Aeroespacial de Galicia est\u00e1 permitindo ofrecer respostas \u00e1s necesidades p\u00fablicas a trav\u00e9s de sistemas a\u00e9reos non tripulados (UAV), dando oportunidades para atraer cara Galicia a investigaci\u00f3n excelente arredor da multitude de retos tecnol\u00f3xicos que hai arredor do U-Space e posicionando o Centro de Investigaci\u00f3n Aeroportada de Rozas (CIAR) \u00e1 vangarda tecnol\u00f3xica de Europa polas s\u00faas capacidades e infraestrutura.<\/p>\n<p><strong>Unidades Mixtas de Investigaci\u00f3n, modelo de cooperaci\u00f3n p\u00fablico-privada<\/strong><\/p>\n<p>As Unidades Mixtas de Investigaci\u00f3n, un instrumento de cooperaci\u00f3n p\u00fablico-privado impulsado en 2014 pola Xunta de Galicia, permiten, en palabras de Patricia Argerey, combinar a experiencia empresarial co co\u00f1ecemento dos centros de investigaci\u00f3n e aplicalo para ga\u00f1ar competitividade en cadanseu sector, as\u00ed como un instrumento perfecto de transferencia de co\u00f1ecemento ao tecido empresarial. Argerey informou de que Galicia \u00e9 unha comunidade pioneira na posta en marcha deste instrumento, que constit\u00fae un referente \u00e1 hora de ofrecer soluci\u00f3ns innovadoras adaptadas \u00e1s demandas empresariais.<\/p>\n<p>Desde 2014 a Xunta ten apoiado 39 Unidades Mixtas de Investigaci\u00f3n, que dan emprego a preto de 580 profesionais, mobilizando un investimento p\u00fablico-privado de 114 mill\u00f3ns de euros e implicando a 13 centros de co\u00f1ecemento galegos e 33 empresas. Este instrumento de apoio ter\u00e1 continuidade neste 2020 coa pr\u00f3xima publicaci\u00f3n de sendas convocatorias de axudas dirixidas \u00e1 creaci\u00f3n de novas Unidades Mixtas, dotada con 2 mill\u00f3ns de euros, e \u00e1 consolidaci\u00f3n das existentes, con 3 mill\u00f3ns de euros.<\/p>\n<p><strong>Colaboraci\u00f3n ITG-Everis<\/strong><\/p>\n<p>A directora de Gain destacou o compromiso do Instituto Tecnol\u00f3xico de Galicia (ITG) co desenvolvemento da I+D no sector aeroespacial, a trav\u00e9s da participaci\u00f3n noutra Unidade Mixta de Investigaci\u00f3n (Fastfly, Full Autonomous Systems for UAVS, xunto \u00e1 empresa Star Defence), desenvolvendo proxectos en colaboraci\u00f3n coas principais entidades deste sector, participando en consorcios a nivel estatal como a Rede Cervera e europeo e fomentando as vocaci\u00f3ns cient\u00edficas a trav\u00e9s da liga intercolexial de drons (ITG Maker Drone). Pola s\u00faa banda, Argerey destacou a experiencia de Everis Aeroespacial e Defensa, empresa l\u00edder en sistemas para a xesti\u00f3n do tr\u00e1fico a\u00e9reo.<\/p>\n<p><a href=\"https:\/\/www.civiluavsinitiative.com\/wp-content\/uploads\/2020\/01\/20200122-UNIDADE-MIXTA-DE-INVESTIGACI\u00d3N-ESPECIALIZADA-NA-XESTI\u00d3N-DO-ESPAZO-A\u00c9REO-DE-VEH\u00cdCULOS-NON-TRIPULADOS_GAL.pdf\">Descargar artigo<\/a><\/p>\n","protected":false},"excerpt":{"rendered":"<p>Na Unidade Mixta de Investigaci\u00f3n Airus, presentada hoxe na Coru\u00f1a, participan o Instituto Tecnol\u00f3xico de Galicia (ITG) e a multinacional tecnol\u00f3xica Everis, e ten como obxectivo contribu\u00edr \u00e1 xesti\u00f3n eficiente e segura no espazo a\u00e9reo Esta UMI v\u00e9n reforzar a aposta por esta industria en Galicia que se concreta no Polo Aeroespacial de Galicia, cun [&hellip;]<\/p>\n","protected":false},"author":3,"featured_media":36507,"comment_status":"open","ping_status":"open","sticky":false,"template":"","format":"standard","meta":{"_et_pb_use_builder":"","_et_pb_old_content":"","_et_gb_content_width":""},"categories":[150],"tags":[],"acf":[],"yoast_head":"<!-- This site is optimized with the Yoast SEO plugin v20.9 - https:\/\/yoast.com\/wordpress\/plugins\/seo\/ -->\n<title>A Xunta reforza a aposta polo sector aeroespacial cunha Unidade Mixta de Investigaci\u00f3n especializada na xesti\u00f3n do espazo a\u00e9reo de veh\u00edculos non tripulados - Civil UAVs Initiative<\/title>\n<meta name=\"robots\" content=\"index, follow, max-snippet:-1, max-image-preview:large, max-video-preview:-1\" \/>\n<link rel=\"canonical\" href=\"https:\/\/www.civiluavsinitiative.com\/la-xunta-refuerza-la-apuesta-por-el-sector-aeroespacial-con-una-unidad-mixta-de-investigacion-especializada-en-la-gestion-del-espacio-aereo-de-vehiculos-no-tripulados\/\" \/>\n<meta property=\"og:locale\" content=\"gl_ES\" \/>\n<meta property=\"og:type\" content=\"article\" \/>\n<meta property=\"og:title\" content=\"A Xunta reforza a aposta polo sector aeroespacial cunha Unidade Mixta de Investigaci\u00f3n especializada na xesti\u00f3n do espazo a\u00e9reo de veh\u00edculos non tripulados - Civil UAVs Initiative\" \/>\n<meta property=\"og:description\" content=\"Na Unidade Mixta de Investigaci\u00f3n Airus, presentada hoxe na Coru\u00f1a, participan o Instituto Tecnol\u00f3xico de Galicia (ITG) e a multinacional tecnol\u00f3xica Everis, e ten como obxectivo contribu\u00edr \u00e1 xesti\u00f3n eficiente e segura no espazo a\u00e9reo Esta UMI v\u00e9n reforzar a aposta por esta industria en Galicia que se concreta no Polo Aeroespacial de Galicia, cun [&hellip;]\" \/>\n<meta property=\"og:url\" content=\"https:\/\/www.civiluavsinitiative.com\/la-xunta-refuerza-la-apuesta-por-el-sector-aeroespacial-con-una-unidad-mixta-de-investigacion-especializada-en-la-gestion-del-espacio-aereo-de-vehiculos-no-tripulados\/\" \/>\n<meta property=\"og:site_name\" content=\"Civil UAVs Initiative\" \/>\n<meta property=\"article:published_time\" content=\"2020-01-22T12:22:42+00:00\" \/>\n<meta property=\"article:modified_time\" content=\"2021-02-02T14:48:55+00:00\" \/>\n<meta property=\"og:image\" content=\"https:\/\/www.civiluavsinitiative.com\/wp-content\/uploads\/2021\/02\/050_Airus.jpg\" \/>\n\t<meta property=\"og:image:width\" content=\"1620\" \/>\n\t<meta property=\"og:image:height\" content=\"1080\" \/>\n\t<meta property=\"og:image:type\" content=\"image\/jpeg\" \/>\n<meta name=\"author\" content=\"pvillanueva\" \/>\n<meta name=\"twitter:card\" content=\"summary_large_image\" \/>\n<meta name=\"twitter:label1\" content=\"Escrito por\" \/>\n\t<meta name=\"twitter:data1\" content=\"pvillanueva\" \/>\n\t<meta name=\"twitter:label2\" content=\"Tempo de lectura\" \/>\n\t<meta name=\"twitter:data2\" content=\"4 minutos\" \/>\n<script type=\"application\/ld+json\" class=\"yoast-schema-graph\">{\"@context\":\"https:\/\/schema.org\",\"@graph\":[{\"@type\":\"WebPage\",\"@id\":\"https:\/\/www.civiluavsinitiative.com\/la-xunta-refuerza-la-apuesta-por-el-sector-aeroespacial-con-una-unidad-mixta-de-investigacion-especializada-en-la-gestion-del-espacio-aereo-de-vehiculos-no-tripulados\/\",\"url\":\"https:\/\/www.civiluavsinitiative.com\/la-xunta-refuerza-la-apuesta-por-el-sector-aeroespacial-con-una-unidad-mixta-de-investigacion-especializada-en-la-gestion-del-espacio-aereo-de-vehiculos-no-tripulados\/\",\"name\":\"A Xunta reforza a aposta polo sector aeroespacial cunha Unidade Mixta de Investigaci\u00f3n especializada na xesti\u00f3n do espazo a\u00e9reo de veh\u00edculos non tripulados - Civil UAVs Initiative\",\"isPartOf\":{\"@id\":\"https:\/\/www.civiluavsinitiative.com\/#website\"},\"datePublished\":\"2020-01-22T12:22:42+00:00\",\"dateModified\":\"2021-02-02T14:48:55+00:00\",\"author\":{\"@id\":\"https:\/\/www.civiluavsinitiative.com\/#\/schema\/person\/58af028627c8c00ec53ba6f40d2f9bac\"},\"breadcrumb\":{\"@id\":\"https:\/\/www.civiluavsinitiative.com\/la-xunta-refuerza-la-apuesta-por-el-sector-aeroespacial-con-una-unidad-mixta-de-investigacion-especializada-en-la-gestion-del-espacio-aereo-de-vehiculos-no-tripulados\/#breadcrumb\"},\"inLanguage\":\"gl-ES\",\"potentialAction\":[{\"@type\":\"ReadAction\",\"target\":[\"https:\/\/www.civiluavsinitiative.com\/la-xunta-refuerza-la-apuesta-por-el-sector-aeroespacial-con-una-unidad-mixta-de-investigacion-especializada-en-la-gestion-del-espacio-aereo-de-vehiculos-no-tripulados\/\"]}]},{\"@type\":\"BreadcrumbList\",\"@id\":\"https:\/\/www.civiluavsinitiative.com\/la-xunta-refuerza-la-apuesta-por-el-sector-aeroespacial-con-una-unidad-mixta-de-investigacion-especializada-en-la-gestion-del-espacio-aereo-de-vehiculos-no-tripulados\/#breadcrumb\",\"itemListElement\":[{\"@type\":\"ListItem\",\"position\":1,\"name\":\"Home\",\"item\":\"https:\/\/www.civiluavsinitiative.com\/gl\/\"},{\"@type\":\"ListItem\",\"position\":2,\"name\":\"A Xunta reforza a aposta polo sector aeroespacial cunha Unidade Mixta de Investigaci\u00f3n especializada na xesti\u00f3n do espazo a\u00e9reo de veh\u00edculos non tripulados\"}]},{\"@type\":\"WebSite\",\"@id\":\"https:\/\/www.civiluavsinitiative.com\/#website\",\"url\":\"https:\/\/www.civiluavsinitiative.com\/\",\"name\":\"Civil UAVs Initiative\",\"description\":\"Civil UAVs Initiative, favorece y fomenta el emprendimiento innovador, con el fin de atraer y retener en Galicia talento en el sector aeroespacial.\",\"potentialAction\":[{\"@type\":\"SearchAction\",\"target\":{\"@type\":\"EntryPoint\",\"urlTemplate\":\"https:\/\/www.civiluavsinitiative.com\/?s={search_term_string}\"},\"query-input\":\"required name=search_term_string\"}],\"inLanguage\":\"gl-ES\"},{\"@type\":\"Person\",\"@id\":\"https:\/\/www.civiluavsinitiative.com\/#\/schema\/person\/58af028627c8c00ec53ba6f40d2f9bac\",\"name\":\"pvillanueva\",\"image\":{\"@type\":\"ImageObject\",\"inLanguage\":\"gl-ES\",\"@id\":\"https:\/\/www.civiluavsinitiative.com\/#\/schema\/person\/image\/\",\"url\":\"https:\/\/secure.gravatar.com\/avatar\/26c228395505196df76a7de2e9ed4de6?s=96&d=mm&r=g\",\"contentUrl\":\"https:\/\/secure.gravatar.com\/avatar\/26c228395505196df76a7de2e9ed4de6?s=96&d=mm&r=g\",\"caption\":\"pvillanueva\"}}]}<\/script>\n<!-- \/ Yoast SEO plugin. -->","yoast_head_json":{"title":"A Xunta reforza a aposta polo sector aeroespacial cunha Unidade Mixta de Investigaci\u00f3n especializada na xesti\u00f3n do espazo a\u00e9reo de veh\u00edculos non tripulados - Civil UAVs Initiative","robots":{"index":"index","follow":"follow","max-snippet":"max-snippet:-1","max-image-preview":"max-image-preview:large","max-video-preview":"max-video-preview:-1"},"canonical":"https:\/\/www.civiluavsinitiative.com\/la-xunta-refuerza-la-apuesta-por-el-sector-aeroespacial-con-una-unidad-mixta-de-investigacion-especializada-en-la-gestion-del-espacio-aereo-de-vehiculos-no-tripulados\/","og_locale":"gl_ES","og_type":"article","og_title":"A Xunta reforza a aposta polo sector aeroespacial cunha Unidade Mixta de Investigaci\u00f3n especializada na xesti\u00f3n do espazo a\u00e9reo de veh\u00edculos non tripulados - Civil UAVs Initiative","og_description":"Na Unidade Mixta de Investigaci\u00f3n Airus, presentada hoxe na Coru\u00f1a, participan o Instituto Tecnol\u00f3xico de Galicia (ITG) e a multinacional tecnol\u00f3xica Everis, e ten como obxectivo contribu\u00edr \u00e1 xesti\u00f3n eficiente e segura no espazo a\u00e9reo Esta UMI v\u00e9n reforzar a aposta por esta industria en Galicia que se concreta no Polo Aeroespacial de Galicia, cun [&hellip;]","og_url":"https:\/\/www.civiluavsinitiative.com\/la-xunta-refuerza-la-apuesta-por-el-sector-aeroespacial-con-una-unidad-mixta-de-investigacion-especializada-en-la-gestion-del-espacio-aereo-de-vehiculos-no-tripulados\/","og_site_name":"Civil UAVs Initiative","article_published_time":"2020-01-22T12:22:42+00:00","article_modified_time":"2021-02-02T14:48:55+00:00","og_image":[{"width":1620,"height":1080,"url":"https:\/\/www.civiluavsinitiative.com\/wp-content\/uploads\/2021\/02\/050_Airus.jpg","type":"image\/jpeg"}],"author":"pvillanueva","twitter_card":"summary_large_image","twitter_misc":{"Escrito por":"pvillanueva","Tempo de lectura":"4 minutos"},"schema":{"@context":"https:\/\/schema.org","@graph":[{"@type":"WebPage","@id":"https:\/\/www.civiluavsinitiative.com\/la-xunta-refuerza-la-apuesta-por-el-sector-aeroespacial-con-una-unidad-mixta-de-investigacion-especializada-en-la-gestion-del-espacio-aereo-de-vehiculos-no-tripulados\/","url":"https:\/\/www.civiluavsinitiative.com\/la-xunta-refuerza-la-apuesta-por-el-sector-aeroespacial-con-una-unidad-mixta-de-investigacion-especializada-en-la-gestion-del-espacio-aereo-de-vehiculos-no-tripulados\/","name":"A Xunta reforza a aposta polo sector aeroespacial cunha Unidade Mixta de Investigaci\u00f3n especializada na xesti\u00f3n do espazo a\u00e9reo de veh\u00edculos non tripulados - Civil UAVs Initiative","isPartOf":{"@id":"https:\/\/www.civiluavsinitiative.com\/#website"},"datePublished":"2020-01-22T12:22:42+00:00","dateModified":"2021-02-02T14:48:55+00:00","author":{"@id":"https:\/\/www.civiluavsinitiative.com\/#\/schema\/person\/58af028627c8c00ec53ba6f40d2f9bac"},"breadcrumb":{"@id":"https:\/\/www.civiluavsinitiative.com\/la-xunta-refuerza-la-apuesta-por-el-sector-aeroespacial-con-una-unidad-mixta-de-investigacion-especializada-en-la-gestion-del-espacio-aereo-de-vehiculos-no-tripulados\/#breadcrumb"},"inLanguage":"gl-ES","potentialAction":[{"@type":"ReadAction","target":["https:\/\/www.civiluavsinitiative.com\/la-xunta-refuerza-la-apuesta-por-el-sector-aeroespacial-con-una-unidad-mixta-de-investigacion-especializada-en-la-gestion-del-espacio-aereo-de-vehiculos-no-tripulados\/"]}]},{"@type":"BreadcrumbList","@id":"https:\/\/www.civiluavsinitiative.com\/la-xunta-refuerza-la-apuesta-por-el-sector-aeroespacial-con-una-unidad-mixta-de-investigacion-especializada-en-la-gestion-del-espacio-aereo-de-vehiculos-no-tripulados\/#breadcrumb","itemListElement":[{"@type":"ListItem","position":1,"name":"Home","item":"https:\/\/www.civiluavsinitiative.com\/gl\/"},{"@type":"ListItem","position":2,"name":"A Xunta reforza a aposta polo sector aeroespacial cunha Unidade Mixta de Investigaci\u00f3n especializada na xesti\u00f3n do espazo a\u00e9reo de veh\u00edculos non tripulados"}]},{"@type":"WebSite","@id":"https:\/\/www.civiluavsinitiative.com\/#website","url":"https:\/\/www.civiluavsinitiative.com\/","name":"Civil UAVs Initiative","description":"Civil UAVs Initiative, favorece y fomenta el emprendimiento innovador, con el fin de atraer y retener en Galicia talento en el sector aeroespacial.","potentialAction":[{"@type":"SearchAction","target":{"@type":"EntryPoint","urlTemplate":"https:\/\/www.civiluavsinitiative.com\/?s={search_term_string}"},"query-input":"required name=search_term_string"}],"inLanguage":"gl-ES"},{"@type":"Person","@id":"https:\/\/www.civiluavsinitiative.com\/#\/schema\/person\/58af028627c8c00ec53ba6f40d2f9bac","name":"pvillanueva","image":{"@type":"ImageObject","inLanguage":"gl-ES","@id":"https:\/\/www.civiluavsinitiative.com\/#\/schema\/person\/image\/","url":"https:\/\/secure.gravatar.com\/avatar\/26c228395505196df76a7de2e9ed4de6?s=96&d=mm&r=g","contentUrl":"https:\/\/secure.gravatar.com\/avatar\/26c228395505196df76a7de2e9ed4de6?s=96&d=mm&r=g","caption":"pvillanueva"}}]}},"_links":{"self":[{"href":"https:\/\/www.civiluavsinitiative.com\/gl\/wp-json\/wp\/v2\/posts\/36628"}],"collection":[{"href":"https:\/\/www.civiluavsinitiative.com\/gl\/wp-json\/wp\/v2\/posts"}],"about":[{"href":"https:\/\/www.civiluavsinitiative.com\/gl\/wp-json\/wp\/v2\/types\/post"}],"author":[{"embeddable":true,"href":"https:\/\/www.civiluavsinitiative.com\/gl\/wp-json\/wp\/v2\/users\/3"}],"replies":[{"embeddable":true,"href":"https:\/\/www.civiluavsinitiative.com\/gl\/wp-json\/wp\/v2\/comments?post=36628"}],"version-history":[{"count":4,"href":"https:\/\/www.civiluavsinitiative.com\/gl\/wp-json\/wp\/v2\/posts\/36628\/revisions"}],"predecessor-version":[{"id":36658,"href":"https:\/\/www.civiluavsinitiative.com\/gl\/wp-json\/wp\/v2\/posts\/36628\/revisions\/36658"}],"wp:featuredmedia":[{"embeddable":true,"href":"https:\/\/www.civiluavsinitiative.com\/gl\/wp-json\/wp\/v2\/media\/36507"}],"wp:attachment":[{"href":"https:\/\/www.civiluavsinitiative.com\/gl\/wp-json\/wp\/v2\/media?parent=36628"}],"wp:term":[{"taxonomy":"category","embeddable":true,"href":"https:\/\/www.civiluavsinitiative.com\/gl\/wp-json\/wp\/v2\/categories?post=36628"},{"taxonomy":"post_tag","embeddable":true,"href":"https:\/\/www.civiluavsinitiative.com\/gl\/wp-json\/wp\/v2\/tags?post=36628"}],"curies":[{"name":"wp","href":"https:\/\/api.w.org\/{rel}","templated":true}]}}