{"id":36624,"date":"2020-02-14T13:12:54","date_gmt":"2020-02-14T12:12:54","guid":{"rendered":"https:\/\/www.civiluavsinitiative.com\/?p=36624"},"modified":"2021-02-02T13:46:09","modified_gmt":"2021-02-02T12:46:09","slug":"os-obradoiros-fly-the-future-achegan-a-estudantes-de-secundaria-as-oportunidades-da-industria-dos-vehiculos-non-tripulados","status":"publish","type":"post","link":"https:\/\/www.civiluavsinitiative.com\/gl\/os-obradoiros-fly-the-future-achegan-a-estudantes-de-secundaria-as-oportunidades-da-industria-dos-vehiculos-non-tripulados\/","title":{"rendered":"Os obradoiros \u201cFly the future\u201d achegan a estudantes de secundaria as oportunidades da industria dos veh\u00edculos non tripulados"},"content":{"rendered":"<ul>\n<li><strong><em>A directora da Axencia Galega de Innovaci\u00f3n, (Gain), Patricia Argerey, participou esta ma\u00f1\u00e1 nunha das actividades desta iniciativa que se desenvolver\u00e1 ata xu\u00f1o no Centro de Investigaci\u00f3n Aerotransportada de Rozas (CIAR) en Castro de Rei (Lugo)<\/em><\/strong><\/li>\n<li><strong><em>Participar\u00e1n centros de ensino de Burela, Ortigueira, Cedeira, Foz e Viveiro<\/em><\/strong><\/li>\n<li><strong><em>Esta actividade, organizada coa colaboraci\u00f3n de Babcock, enm\u00e1rcase no programa de fomento das vocaci\u00f3ns cient\u00edfico-tecnol\u00f3xicas do Polo Aeroespacial de Galicia<\/em><\/strong><\/li>\n<\/ul>\n<p><strong>\u00a0<\/strong><\/p>\n<p><strong>Castro de Rei (Lugo), 14 de febreiro de 2020.- <\/strong>A directora da Axencia Galega de Innovaci\u00f3n (Gain), Patricia Argerey, participou esta ma\u00f1\u00e1 no Centro de Investigaci\u00f3n Aerotransportada de Rozas (CIAR) nun dos obradoiros Fly the future, unha iniciativa organizada pola multinacional Babcock en colaboraci\u00f3n coa Xunta no marco das actividades de fomento das vocaci\u00f3ns cient\u00edfico-tecnol\u00f3xicas do Polo Aeroespacial de Galicia.<\/p>\n<p>A actividade Fly the future amosa o lado pr\u00e1ctico das carreiras vinculadas coa ciencia, a tecnolox\u00eda, a enxe\u00f1ar\u00eda e as matem\u00e1ticas (STEM) aos mozos e mozas a trav\u00e9s da explicaci\u00f3n, interacci\u00f3n e visi\u00f3n das soluci\u00f3ns tecnol\u00f3xicas desenvoltas pola compa\u00f1\u00eda Babcock no Polo Aeroespacial de Galicia.<\/p>\n<p>Os estudantes do IES O Perdouro de Burela que participaron hoxe na iniciativa realizaron unha visita \u00e1s instalaci\u00f3ns do CIAR, infraestrutura de referencia a nivel europeo para a realizaci\u00f3n de ensaios con veh\u00edculos non tripulados, e tiveron tam\u00e9n a oportunidade de ver demostraci\u00f3ns de voo con drons e simulaci\u00f3ns de realidade virtual con lentes 3D. Desde hoxe e ata o 4 de xu\u00f1o un total de 145 alumnos de cinco centros educativos participar\u00e1n neste iniciativa. Ademais do instituto burelense, asistir\u00e1n estudantes do IES de Ortigueira, do IES Punta Candieira de Cedeira, do IES de Foz e do IES Mar\u00eda Sarmiento de Viveiro.<\/p>\n<p>Fly the future incl\u00faese no programa de fomento das vocaci\u00f3ns cient\u00edfico-tecnol\u00f3xicas do Polo Aeroespacial de Galicia, que incl\u00fae diferentes actividades para o fomento das vocaci\u00f3ns cient\u00edfico-tecnol\u00f3xicas e que ten como obxectivo espertar o interese polas carreiras STEM entre a mocidade. Est\u00e1 dirixido a estudantes de educaci\u00f3n primaria, secundaria, bacharelato, ciclos formativos e educaci\u00f3n especial, as\u00ed como \u00e1 comunidade universitaria. Tam\u00e9n contempla acci\u00f3ns abertas a todo tipo de p\u00fablico.<\/p>\n<p>Neste contexto, onte comezou tam\u00e9n a iniciativa Enxe\u00f1ando futuro, en colaboraci\u00f3n con Indra, na que participar\u00e1n ata xu\u00f1o 132 alumnos do IES Manuel Garc\u00eda Barros da Estrada, do CPI Dr. L\u00f3pez Su\u00e1rez do Savi\u00f1ao, do IES Urbano Lugr\u00eds de Malpica de Berganti\u00f1os, do IES Monte das Moas da Coru\u00f1a e do IES Ricardo Carballo Calero de Ferrol.<\/p>\n<p>O programa de fomento de vocaci\u00f3ns cient\u00edfico-tecnol\u00f3xicas conta coa colaboraci\u00f3n da Conseller\u00eda de Educaci\u00f3n, Universidade e Formaci\u00f3n Profesional, o Instituto Nacional de T\u00e9cnica Aeroespacial (INTA), o Centro de Investigaci\u00f3n Aerotransportada de Rozas e das empresas Boeing, Indra e Babcock.<\/p>\n<p>O vindeiro 9 de marzo levarase a cabo un Open Day ou xornada de portas abertas en Rozas para presentar \u00e1 comunidade educativa as actividades e proxectos que se est\u00e1n a levar a cabo no marco do Polo Aeroespacial de Galicia.<\/p>\n<p><a href=\"https:\/\/www.civiluavsinitiative.com\/wp-content\/uploads\/2020\/02\/20200214-TALLERES-FLY-THE-FUTURE-GAL.pdf\">Descargar artigo<\/a><\/p>\n","protected":false},"excerpt":{"rendered":"<p>A directora da Axencia Galega de Innovaci\u00f3n, (Gain), Patricia Argerey, participou esta ma\u00f1\u00e1 nunha das actividades desta iniciativa que se desenvolver\u00e1 ata xu\u00f1o no Centro de Investigaci\u00f3n Aerotransportada de Rozas (CIAR) en Castro de Rei (Lugo) Participar\u00e1n centros de ensino de Burela, Ortigueira, Cedeira, Foz e Viveiro Esta actividade, organizada coa colaboraci\u00f3n de Babcock, enm\u00e1rcase [&hellip;]<\/p>\n","protected":false},"author":3,"featured_media":36527,"comment_status":"open","ping_status":"open","sticky":false,"template":"","format":"standard","meta":{"_et_pb_use_builder":"","_et_pb_old_content":"","_et_gb_content_width":""},"categories":[150],"tags":[],"acf":[],"yoast_head":"<!-- This site is optimized with the Yoast SEO plugin v20.9 - https:\/\/yoast.com\/wordpress\/plugins\/seo\/ -->\n<title>Os obradoiros \u201cFly the future\u201d achegan a estudantes de secundaria as oportunidades da industria dos veh\u00edculos non tripulados - Civil UAVs Initiative<\/title>\n<meta name=\"robots\" content=\"index, follow, max-snippet:-1, max-image-preview:large, max-video-preview:-1\" \/>\n<link rel=\"canonical\" href=\"https:\/\/www.civiluavsinitiative.com\/los-talleres-fly-the-future-acercan-a-estudiantes-de-secundaria-las-oportunidades-de-la-industria-de-los-vehiculos-no-tripulados\/\" \/>\n<meta property=\"og:locale\" content=\"gl_ES\" \/>\n<meta property=\"og:type\" content=\"article\" \/>\n<meta property=\"og:title\" content=\"Os obradoiros \u201cFly the future\u201d achegan a estudantes de secundaria as oportunidades da industria dos veh\u00edculos non tripulados - Civil UAVs Initiative\" \/>\n<meta property=\"og:description\" content=\"A directora da Axencia Galega de Innovaci\u00f3n, (Gain), Patricia Argerey, participou esta ma\u00f1\u00e1 nunha das actividades desta iniciativa que se desenvolver\u00e1 ata xu\u00f1o no Centro de Investigaci\u00f3n Aerotransportada de Rozas (CIAR) en Castro de Rei (Lugo) Participar\u00e1n centros de ensino de Burela, Ortigueira, Cedeira, Foz e Viveiro Esta actividade, organizada coa colaboraci\u00f3n de Babcock, enm\u00e1rcase [&hellip;]\" \/>\n<meta property=\"og:url\" content=\"https:\/\/www.civiluavsinitiative.com\/los-talleres-fly-the-future-acercan-a-estudiantes-de-secundaria-las-oportunidades-de-la-industria-de-los-vehiculos-no-tripulados\/\" \/>\n<meta property=\"og:site_name\" content=\"Civil UAVs Initiative\" \/>\n<meta property=\"article:published_time\" content=\"2020-02-14T12:12:54+00:00\" \/>\n<meta property=\"article:modified_time\" content=\"2021-02-02T12:46:09+00:00\" \/>\n<meta property=\"og:image\" content=\"https:\/\/www.civiluavsinitiative.com\/wp-content\/uploads\/2020\/02\/DJI_0101-1024x690.jpg\" \/>\n\t<meta property=\"og:image:width\" content=\"1024\" \/>\n\t<meta property=\"og:image:height\" content=\"690\" \/>\n\t<meta property=\"og:image:type\" content=\"image\/jpeg\" \/>\n<meta name=\"author\" content=\"pvillanueva\" \/>\n<meta name=\"twitter:card\" content=\"summary_large_image\" \/>\n<meta name=\"twitter:label1\" content=\"Escrito por\" \/>\n\t<meta name=\"twitter:data1\" content=\"pvillanueva\" \/>\n\t<meta name=\"twitter:label2\" content=\"Tempo de lectura\" \/>\n\t<meta name=\"twitter:data2\" content=\"3 minutos\" \/>\n<script type=\"application\/ld+json\" class=\"yoast-schema-graph\">{\"@context\":\"https:\/\/schema.org\",\"@graph\":[{\"@type\":\"WebPage\",\"@id\":\"https:\/\/www.civiluavsinitiative.com\/los-talleres-fly-the-future-acercan-a-estudiantes-de-secundaria-las-oportunidades-de-la-industria-de-los-vehiculos-no-tripulados\/\",\"url\":\"https:\/\/www.civiluavsinitiative.com\/los-talleres-fly-the-future-acercan-a-estudiantes-de-secundaria-las-oportunidades-de-la-industria-de-los-vehiculos-no-tripulados\/\",\"name\":\"Os obradoiros \u201cFly the future\u201d achegan a estudantes de secundaria as oportunidades da industria dos veh\u00edculos non tripulados - Civil UAVs Initiative\",\"isPartOf\":{\"@id\":\"https:\/\/www.civiluavsinitiative.com\/#website\"},\"datePublished\":\"2020-02-14T12:12:54+00:00\",\"dateModified\":\"2021-02-02T12:46:09+00:00\",\"author\":{\"@id\":\"https:\/\/www.civiluavsinitiative.com\/#\/schema\/person\/58af028627c8c00ec53ba6f40d2f9bac\"},\"breadcrumb\":{\"@id\":\"https:\/\/www.civiluavsinitiative.com\/los-talleres-fly-the-future-acercan-a-estudiantes-de-secundaria-las-oportunidades-de-la-industria-de-los-vehiculos-no-tripulados\/#breadcrumb\"},\"inLanguage\":\"gl-ES\",\"potentialAction\":[{\"@type\":\"ReadAction\",\"target\":[\"https:\/\/www.civiluavsinitiative.com\/los-talleres-fly-the-future-acercan-a-estudiantes-de-secundaria-las-oportunidades-de-la-industria-de-los-vehiculos-no-tripulados\/\"]}]},{\"@type\":\"BreadcrumbList\",\"@id\":\"https:\/\/www.civiluavsinitiative.com\/los-talleres-fly-the-future-acercan-a-estudiantes-de-secundaria-las-oportunidades-de-la-industria-de-los-vehiculos-no-tripulados\/#breadcrumb\",\"itemListElement\":[{\"@type\":\"ListItem\",\"position\":1,\"name\":\"Home\",\"item\":\"https:\/\/www.civiluavsinitiative.com\/gl\/\"},{\"@type\":\"ListItem\",\"position\":2,\"name\":\"Os obradoiros \u201cFly the future\u201d achegan a estudantes de secundaria as oportunidades da industria dos veh\u00edculos non tripulados\"}]},{\"@type\":\"WebSite\",\"@id\":\"https:\/\/www.civiluavsinitiative.com\/#website\",\"url\":\"https:\/\/www.civiluavsinitiative.com\/\",\"name\":\"Civil UAVs Initiative\",\"description\":\"Civil UAVs Initiative, favorece y fomenta el emprendimiento innovador, con el fin de atraer y retener en Galicia talento en el sector aeroespacial.\",\"potentialAction\":[{\"@type\":\"SearchAction\",\"target\":{\"@type\":\"EntryPoint\",\"urlTemplate\":\"https:\/\/www.civiluavsinitiative.com\/?s={search_term_string}\"},\"query-input\":\"required name=search_term_string\"}],\"inLanguage\":\"gl-ES\"},{\"@type\":\"Person\",\"@id\":\"https:\/\/www.civiluavsinitiative.com\/#\/schema\/person\/58af028627c8c00ec53ba6f40d2f9bac\",\"name\":\"pvillanueva\",\"image\":{\"@type\":\"ImageObject\",\"inLanguage\":\"gl-ES\",\"@id\":\"https:\/\/www.civiluavsinitiative.com\/#\/schema\/person\/image\/\",\"url\":\"https:\/\/secure.gravatar.com\/avatar\/26c228395505196df76a7de2e9ed4de6?s=96&d=mm&r=g\",\"contentUrl\":\"https:\/\/secure.gravatar.com\/avatar\/26c228395505196df76a7de2e9ed4de6?s=96&d=mm&r=g\",\"caption\":\"pvillanueva\"}}]}<\/script>\n<!-- \/ Yoast SEO plugin. -->","yoast_head_json":{"title":"Os obradoiros \u201cFly the future\u201d achegan a estudantes de secundaria as oportunidades da industria dos veh\u00edculos non tripulados - Civil UAVs Initiative","robots":{"index":"index","follow":"follow","max-snippet":"max-snippet:-1","max-image-preview":"max-image-preview:large","max-video-preview":"max-video-preview:-1"},"canonical":"https:\/\/www.civiluavsinitiative.com\/los-talleres-fly-the-future-acercan-a-estudiantes-de-secundaria-las-oportunidades-de-la-industria-de-los-vehiculos-no-tripulados\/","og_locale":"gl_ES","og_type":"article","og_title":"Os obradoiros \u201cFly the future\u201d achegan a estudantes de secundaria as oportunidades da industria dos veh\u00edculos non tripulados - Civil UAVs Initiative","og_description":"A directora da Axencia Galega de Innovaci\u00f3n, (Gain), Patricia Argerey, participou esta ma\u00f1\u00e1 nunha das actividades desta iniciativa que se desenvolver\u00e1 ata xu\u00f1o no Centro de Investigaci\u00f3n Aerotransportada de Rozas (CIAR) en Castro de Rei (Lugo) Participar\u00e1n centros de ensino de Burela, Ortigueira, Cedeira, Foz e Viveiro Esta actividade, organizada coa colaboraci\u00f3n de Babcock, enm\u00e1rcase [&hellip;]","og_url":"https:\/\/www.civiluavsinitiative.com\/los-talleres-fly-the-future-acercan-a-estudiantes-de-secundaria-las-oportunidades-de-la-industria-de-los-vehiculos-no-tripulados\/","og_site_name":"Civil UAVs Initiative","article_published_time":"2020-02-14T12:12:54+00:00","article_modified_time":"2021-02-02T12:46:09+00:00","og_image":[{"width":1024,"height":690,"url":"https:\/\/www.civiluavsinitiative.com\/wp-content\/uploads\/2020\/02\/DJI_0101-1024x690.jpg","type":"image\/jpeg"}],"author":"pvillanueva","twitter_card":"summary_large_image","twitter_misc":{"Escrito por":"pvillanueva","Tempo de lectura":"3 minutos"},"schema":{"@context":"https:\/\/schema.org","@graph":[{"@type":"WebPage","@id":"https:\/\/www.civiluavsinitiative.com\/los-talleres-fly-the-future-acercan-a-estudiantes-de-secundaria-las-oportunidades-de-la-industria-de-los-vehiculos-no-tripulados\/","url":"https:\/\/www.civiluavsinitiative.com\/los-talleres-fly-the-future-acercan-a-estudiantes-de-secundaria-las-oportunidades-de-la-industria-de-los-vehiculos-no-tripulados\/","name":"Os obradoiros \u201cFly the future\u201d achegan a estudantes de secundaria as oportunidades da industria dos veh\u00edculos non tripulados - Civil UAVs Initiative","isPartOf":{"@id":"https:\/\/www.civiluavsinitiative.com\/#website"},"datePublished":"2020-02-14T12:12:54+00:00","dateModified":"2021-02-02T12:46:09+00:00","author":{"@id":"https:\/\/www.civiluavsinitiative.com\/#\/schema\/person\/58af028627c8c00ec53ba6f40d2f9bac"},"breadcrumb":{"@id":"https:\/\/www.civiluavsinitiative.com\/los-talleres-fly-the-future-acercan-a-estudiantes-de-secundaria-las-oportunidades-de-la-industria-de-los-vehiculos-no-tripulados\/#breadcrumb"},"inLanguage":"gl-ES","potentialAction":[{"@type":"ReadAction","target":["https:\/\/www.civiluavsinitiative.com\/los-talleres-fly-the-future-acercan-a-estudiantes-de-secundaria-las-oportunidades-de-la-industria-de-los-vehiculos-no-tripulados\/"]}]},{"@type":"BreadcrumbList","@id":"https:\/\/www.civiluavsinitiative.com\/los-talleres-fly-the-future-acercan-a-estudiantes-de-secundaria-las-oportunidades-de-la-industria-de-los-vehiculos-no-tripulados\/#breadcrumb","itemListElement":[{"@type":"ListItem","position":1,"name":"Home","item":"https:\/\/www.civiluavsinitiative.com\/gl\/"},{"@type":"ListItem","position":2,"name":"Os obradoiros \u201cFly the future\u201d achegan a estudantes de secundaria as oportunidades da industria dos veh\u00edculos non tripulados"}]},{"@type":"WebSite","@id":"https:\/\/www.civiluavsinitiative.com\/#website","url":"https:\/\/www.civiluavsinitiative.com\/","name":"Civil UAVs Initiative","description":"Civil UAVs Initiative, favorece y fomenta el emprendimiento innovador, con el fin de atraer y retener en Galicia talento en el sector aeroespacial.","potentialAction":[{"@type":"SearchAction","target":{"@type":"EntryPoint","urlTemplate":"https:\/\/www.civiluavsinitiative.com\/?s={search_term_string}"},"query-input":"required name=search_term_string"}],"inLanguage":"gl-ES"},{"@type":"Person","@id":"https:\/\/www.civiluavsinitiative.com\/#\/schema\/person\/58af028627c8c00ec53ba6f40d2f9bac","name":"pvillanueva","image":{"@type":"ImageObject","inLanguage":"gl-ES","@id":"https:\/\/www.civiluavsinitiative.com\/#\/schema\/person\/image\/","url":"https:\/\/secure.gravatar.com\/avatar\/26c228395505196df76a7de2e9ed4de6?s=96&d=mm&r=g","contentUrl":"https:\/\/secure.gravatar.com\/avatar\/26c228395505196df76a7de2e9ed4de6?s=96&d=mm&r=g","caption":"pvillanueva"}}]}},"_links":{"self":[{"href":"https:\/\/www.civiluavsinitiative.com\/gl\/wp-json\/wp\/v2\/posts\/36624"}],"collection":[{"href":"https:\/\/www.civiluavsinitiative.com\/gl\/wp-json\/wp\/v2\/posts"}],"about":[{"href":"https:\/\/www.civiluavsinitiative.com\/gl\/wp-json\/wp\/v2\/types\/post"}],"author":[{"embeddable":true,"href":"https:\/\/www.civiluavsinitiative.com\/gl\/wp-json\/wp\/v2\/users\/3"}],"replies":[{"embeddable":true,"href":"https:\/\/www.civiluavsinitiative.com\/gl\/wp-json\/wp\/v2\/comments?post=36624"}],"version-history":[{"count":3,"href":"https:\/\/www.civiluavsinitiative.com\/gl\/wp-json\/wp\/v2\/posts\/36624\/revisions"}],"predecessor-version":[{"id":36646,"href":"https:\/\/www.civiluavsinitiative.com\/gl\/wp-json\/wp\/v2\/posts\/36624\/revisions\/36646"}],"wp:featuredmedia":[{"embeddable":true,"href":"https:\/\/www.civiluavsinitiative.com\/gl\/wp-json\/wp\/v2\/media\/36527"}],"wp:attachment":[{"href":"https:\/\/www.civiluavsinitiative.com\/gl\/wp-json\/wp\/v2\/media?parent=36624"}],"wp:term":[{"taxonomy":"category","embeddable":true,"href":"https:\/\/www.civiluavsinitiative.com\/gl\/wp-json\/wp\/v2\/categories?post=36624"},{"taxonomy":"post_tag","embeddable":true,"href":"https:\/\/www.civiluavsinitiative.com\/gl\/wp-json\/wp\/v2\/tags?post=36624"}],"curies":[{"name":"wp","href":"https:\/\/api.w.org\/{rel}","templated":true}]}}