{"id":36622,"date":"2020-02-18T13:12:09","date_gmt":"2020-02-18T12:12:09","guid":{"rendered":"https:\/\/www.civiluavsinitiative.com\/?p=36622"},"modified":"2021-02-02T13:32:03","modified_gmt":"2021-02-02T12:32:03","slug":"conde-apunta-que-a-colaboracion-de-imatia-no-polo-aeroespacial-fai-visible-o-valor-engadido-co-que-conta-galicia-a-traves-da-innovacion-e-o-talento","status":"publish","type":"post","link":"https:\/\/www.civiluavsinitiative.com\/gl\/conde-apunta-que-a-colaboracion-de-imatia-no-polo-aeroespacial-fai-visible-o-valor-engadido-co-que-conta-galicia-a-traves-da-innovacion-e-o-talento\/","title":{"rendered":"Conde apunta que a colaboraci\u00f3n de Imatia no Polo Aeroespacial fai visible o valor engadido co que conta Galicia a trav\u00e9s da innovaci\u00f3n e o talento"},"content":{"rendered":"<h1><\/h1>\n<ul>\n<li><em><strong>No Polo Aeroespacial de Galicia, Imatia traballa no proxecto MAR-1, para mellorar a seguridade da frota Pesqueira mediante un sistema de seguimento e monitoraxe continua que integra unha plataforma de software<\/strong><\/em><\/li>\n<li><strong><em>Segundo o conselleiro, o traballo desta compa\u00f1\u00eda reflicte como os mercados est\u00e1n exixindo respostas innovadoras; de a\u00ed a importancia de dotar o tecido empresarial das ferramentas necesarias parta avanzar na s\u00faa transformaci\u00f3n dixital<\/em><\/strong><\/li>\n<li><strong><em>Imatia \u00e9 unha das empresas que forma parte do Cluster TIC coa que a Xunta est\u00e1 impulsando este sector na cidade da Coru\u00f1a en colaboraci\u00f3n coa Universidade<\/em><\/strong><\/li>\n<\/ul>\n<p>&nbsp;<\/p>\n<p><strong>A Coru\u00f1a, 18 de febreiro de 2020.- <\/strong>O conselleiro de Econom\u00eda, Emprego e Industria, Francisco Conde, destacou hoxe que a colaboraci\u00f3n de Imatia no Polo Aeroespacial d\u00e1 visibilidade ao valor engadido co que conta Galicia a trav\u00e9s da innovaci\u00f3n e o talento. As\u00ed o manifestou durante unha visita \u00e1s instalaci\u00f3ns desta compa\u00f1\u00eda dedicada desde hai 15 anos ao desenvolvemento de produtos e servizos de software.<\/p>\n<p>No Polo Aeroespacial de Galicia, Imatia traballa no proxecto MAR-1, para mellorar a seguridade da frota pesqueira mediante un sistema de seguimento e monitorizaci\u00f3n continua que integra unha plataforma de software. Liderado por Imatia, dixo, nel est\u00e1n participando diferentes empresas con 29 empregos vinculados e en colaboraci\u00f3n coa Conseller\u00eda do Mar. Este proxecto est\u00e1 a ser un exemplo de colaboraci\u00f3n p\u00fablico-privada que, segundo sinalou, est\u00e1 permitindo a Galicia ser un referente nacional e internacional no sector dos avi\u00f3ns non tripulados.<\/p>\n<p>O traballo desta compa\u00f1\u00eda, apuntou Conde, reflicte como os mercados est\u00e1n exixindo respostas innovadoras; de a\u00ed a importancia de dotar o tecido empresarial das ferramentas necesarias para avanzar na s\u00faa transformaci\u00f3n dixital. Ao respecto, subli\u00f1ou que o Polo Aeroespacial \u00e9 unha iniciativa pioneira que converte Galicia nunha referencia internacional dentro do sector e permite desenvolver proxectos onde a I+D+i \u00e9 o elemento diferencial.<\/p>\n<p>O conselleiro destacou, ademais, que Imatia \u00e9 unha das empresas que forma parte do Cl\u00faster TIC coa que a Xunta est\u00e1 impulsando o Polo TIC na cidade da Coru\u00f1a. Un proxecto que o Goberno galego desenvolve xunto coa Universidade da Coru\u00f1a e o propio cl\u00faster para que a cidade sexa o centro e o referente no desenvolvemento de proxectos vinculados ao sector TIC.<\/p>\n<p><a href=\"https:\/\/www.civiluavsinitiative.com\/wp-content\/uploads\/2020\/02\/20200218-CONDE-FALA-DA-COLABORACI\u00d3N-DE-IMATIA-NO-POLO-AEROESPACIAL-GAL.pdf\">Descargar artigo<\/a><\/p>\n","protected":false},"excerpt":{"rendered":"<p>No Polo Aeroespacial de Galicia, Imatia traballa no proxecto MAR-1, para mellorar a seguridade da frota Pesqueira mediante un sistema de seguimento e monitoraxe continua que integra unha plataforma de software Segundo o conselleiro, o traballo desta compa\u00f1\u00eda reflicte como os mercados est\u00e1n exixindo respostas innovadoras; de a\u00ed a importancia de dotar o tecido empresarial [&hellip;]<\/p>\n","protected":false},"author":3,"featured_media":36493,"comment_status":"open","ping_status":"open","sticky":false,"template":"","format":"standard","meta":{"_et_pb_use_builder":"","_et_pb_old_content":"","_et_gb_content_width":""},"categories":[150],"tags":[],"acf":[],"yoast_head":"<!-- This site is optimized with the Yoast SEO plugin v20.9 - https:\/\/yoast.com\/wordpress\/plugins\/seo\/ -->\n<title>Conde apunta que a colaboraci\u00f3n de Imatia no Polo Aeroespacial fai visible o valor engadido co que conta Galicia a trav\u00e9s da innovaci\u00f3n e o talento - Civil UAVs Initiative<\/title>\n<meta name=\"robots\" content=\"index, follow, max-snippet:-1, max-image-preview:large, max-video-preview:-1\" \/>\n<link rel=\"canonical\" href=\"https:\/\/www.civiluavsinitiative.com\/conde-apunta-que-la-colaboracion-de-imatia-en-el-polo-aeroespacial-hace-visible-el-valor-anadido-con-el-que-cuenta-galicia-a-traves-de-la-innovacion-y-el-talento\/\" \/>\n<meta property=\"og:locale\" content=\"gl_ES\" \/>\n<meta property=\"og:type\" content=\"article\" \/>\n<meta property=\"og:title\" content=\"Conde apunta que a colaboraci\u00f3n de Imatia no Polo Aeroespacial fai visible o valor engadido co que conta Galicia a trav\u00e9s da innovaci\u00f3n e o talento - Civil UAVs Initiative\" \/>\n<meta property=\"og:description\" content=\"No Polo Aeroespacial de Galicia, Imatia traballa no proxecto MAR-1, para mellorar a seguridade da frota Pesqueira mediante un sistema de seguimento e monitoraxe continua que integra unha plataforma de software Segundo o conselleiro, o traballo desta compa\u00f1\u00eda reflicte como os mercados est\u00e1n exixindo respostas innovadoras; de a\u00ed a importancia de dotar o tecido empresarial [&hellip;]\" \/>\n<meta property=\"og:url\" content=\"https:\/\/www.civiluavsinitiative.com\/conde-apunta-que-la-colaboracion-de-imatia-en-el-polo-aeroespacial-hace-visible-el-valor-anadido-con-el-que-cuenta-galicia-a-traves-de-la-innovacion-y-el-talento\/\" \/>\n<meta property=\"og:site_name\" content=\"Civil UAVs Initiative\" \/>\n<meta property=\"article:published_time\" content=\"2020-02-18T12:12:09+00:00\" \/>\n<meta property=\"article:modified_time\" content=\"2021-02-02T12:32:03+00:00\" \/>\n<meta property=\"og:image\" content=\"https:\/\/www.civiluavsinitiative.com\/wp-content\/uploads\/2021\/02\/20200218_conde_imatia_005.jpg\" \/>\n\t<meta property=\"og:image:width\" content=\"1701\" \/>\n\t<meta property=\"og:image:height\" content=\"1134\" \/>\n\t<meta property=\"og:image:type\" content=\"image\/jpeg\" \/>\n<meta name=\"author\" content=\"pvillanueva\" \/>\n<meta name=\"twitter:card\" content=\"summary_large_image\" \/>\n<meta name=\"twitter:label1\" content=\"Escrito por\" \/>\n\t<meta name=\"twitter:data1\" content=\"pvillanueva\" \/>\n\t<meta name=\"twitter:label2\" content=\"Tempo de lectura\" \/>\n\t<meta name=\"twitter:data2\" content=\"2 minutos\" \/>\n<script type=\"application\/ld+json\" class=\"yoast-schema-graph\">{\"@context\":\"https:\/\/schema.org\",\"@graph\":[{\"@type\":\"WebPage\",\"@id\":\"https:\/\/www.civiluavsinitiative.com\/conde-apunta-que-la-colaboracion-de-imatia-en-el-polo-aeroespacial-hace-visible-el-valor-anadido-con-el-que-cuenta-galicia-a-traves-de-la-innovacion-y-el-talento\/\",\"url\":\"https:\/\/www.civiluavsinitiative.com\/conde-apunta-que-la-colaboracion-de-imatia-en-el-polo-aeroespacial-hace-visible-el-valor-anadido-con-el-que-cuenta-galicia-a-traves-de-la-innovacion-y-el-talento\/\",\"name\":\"Conde apunta que a colaboraci\u00f3n de Imatia no Polo Aeroespacial fai visible o valor engadido co que conta Galicia a trav\u00e9s da innovaci\u00f3n e o talento - Civil UAVs Initiative\",\"isPartOf\":{\"@id\":\"https:\/\/www.civiluavsinitiative.com\/#website\"},\"datePublished\":\"2020-02-18T12:12:09+00:00\",\"dateModified\":\"2021-02-02T12:32:03+00:00\",\"author\":{\"@id\":\"https:\/\/www.civiluavsinitiative.com\/#\/schema\/person\/58af028627c8c00ec53ba6f40d2f9bac\"},\"breadcrumb\":{\"@id\":\"https:\/\/www.civiluavsinitiative.com\/conde-apunta-que-la-colaboracion-de-imatia-en-el-polo-aeroespacial-hace-visible-el-valor-anadido-con-el-que-cuenta-galicia-a-traves-de-la-innovacion-y-el-talento\/#breadcrumb\"},\"inLanguage\":\"gl-ES\",\"potentialAction\":[{\"@type\":\"ReadAction\",\"target\":[\"https:\/\/www.civiluavsinitiative.com\/conde-apunta-que-la-colaboracion-de-imatia-en-el-polo-aeroespacial-hace-visible-el-valor-anadido-con-el-que-cuenta-galicia-a-traves-de-la-innovacion-y-el-talento\/\"]}]},{\"@type\":\"BreadcrumbList\",\"@id\":\"https:\/\/www.civiluavsinitiative.com\/conde-apunta-que-la-colaboracion-de-imatia-en-el-polo-aeroespacial-hace-visible-el-valor-anadido-con-el-que-cuenta-galicia-a-traves-de-la-innovacion-y-el-talento\/#breadcrumb\",\"itemListElement\":[{\"@type\":\"ListItem\",\"position\":1,\"name\":\"Home\",\"item\":\"https:\/\/www.civiluavsinitiative.com\/gl\/\"},{\"@type\":\"ListItem\",\"position\":2,\"name\":\"Conde apunta que a colaboraci\u00f3n de Imatia no Polo Aeroespacial fai visible o valor engadido co que conta Galicia a trav\u00e9s da innovaci\u00f3n e o talento\"}]},{\"@type\":\"WebSite\",\"@id\":\"https:\/\/www.civiluavsinitiative.com\/#website\",\"url\":\"https:\/\/www.civiluavsinitiative.com\/\",\"name\":\"Civil UAVs Initiative\",\"description\":\"Civil UAVs Initiative, favorece y fomenta el emprendimiento innovador, con el fin de atraer y retener en Galicia talento en el sector aeroespacial.\",\"potentialAction\":[{\"@type\":\"SearchAction\",\"target\":{\"@type\":\"EntryPoint\",\"urlTemplate\":\"https:\/\/www.civiluavsinitiative.com\/?s={search_term_string}\"},\"query-input\":\"required name=search_term_string\"}],\"inLanguage\":\"gl-ES\"},{\"@type\":\"Person\",\"@id\":\"https:\/\/www.civiluavsinitiative.com\/#\/schema\/person\/58af028627c8c00ec53ba6f40d2f9bac\",\"name\":\"pvillanueva\",\"image\":{\"@type\":\"ImageObject\",\"inLanguage\":\"gl-ES\",\"@id\":\"https:\/\/www.civiluavsinitiative.com\/#\/schema\/person\/image\/\",\"url\":\"https:\/\/secure.gravatar.com\/avatar\/26c228395505196df76a7de2e9ed4de6?s=96&d=mm&r=g\",\"contentUrl\":\"https:\/\/secure.gravatar.com\/avatar\/26c228395505196df76a7de2e9ed4de6?s=96&d=mm&r=g\",\"caption\":\"pvillanueva\"}}]}<\/script>\n<!-- \/ Yoast SEO plugin. -->","yoast_head_json":{"title":"Conde apunta que a colaboraci\u00f3n de Imatia no Polo Aeroespacial fai visible o valor engadido co que conta Galicia a trav\u00e9s da innovaci\u00f3n e o talento - Civil UAVs Initiative","robots":{"index":"index","follow":"follow","max-snippet":"max-snippet:-1","max-image-preview":"max-image-preview:large","max-video-preview":"max-video-preview:-1"},"canonical":"https:\/\/www.civiluavsinitiative.com\/conde-apunta-que-la-colaboracion-de-imatia-en-el-polo-aeroespacial-hace-visible-el-valor-anadido-con-el-que-cuenta-galicia-a-traves-de-la-innovacion-y-el-talento\/","og_locale":"gl_ES","og_type":"article","og_title":"Conde apunta que a colaboraci\u00f3n de Imatia no Polo Aeroespacial fai visible o valor engadido co que conta Galicia a trav\u00e9s da innovaci\u00f3n e o talento - Civil UAVs Initiative","og_description":"No Polo Aeroespacial de Galicia, Imatia traballa no proxecto MAR-1, para mellorar a seguridade da frota Pesqueira mediante un sistema de seguimento e monitoraxe continua que integra unha plataforma de software Segundo o conselleiro, o traballo desta compa\u00f1\u00eda reflicte como os mercados est\u00e1n exixindo respostas innovadoras; de a\u00ed a importancia de dotar o tecido empresarial [&hellip;]","og_url":"https:\/\/www.civiluavsinitiative.com\/conde-apunta-que-la-colaboracion-de-imatia-en-el-polo-aeroespacial-hace-visible-el-valor-anadido-con-el-que-cuenta-galicia-a-traves-de-la-innovacion-y-el-talento\/","og_site_name":"Civil UAVs Initiative","article_published_time":"2020-02-18T12:12:09+00:00","article_modified_time":"2021-02-02T12:32:03+00:00","og_image":[{"width":1701,"height":1134,"url":"https:\/\/www.civiluavsinitiative.com\/wp-content\/uploads\/2021\/02\/20200218_conde_imatia_005.jpg","type":"image\/jpeg"}],"author":"pvillanueva","twitter_card":"summary_large_image","twitter_misc":{"Escrito por":"pvillanueva","Tempo de lectura":"2 minutos"},"schema":{"@context":"https:\/\/schema.org","@graph":[{"@type":"WebPage","@id":"https:\/\/www.civiluavsinitiative.com\/conde-apunta-que-la-colaboracion-de-imatia-en-el-polo-aeroespacial-hace-visible-el-valor-anadido-con-el-que-cuenta-galicia-a-traves-de-la-innovacion-y-el-talento\/","url":"https:\/\/www.civiluavsinitiative.com\/conde-apunta-que-la-colaboracion-de-imatia-en-el-polo-aeroespacial-hace-visible-el-valor-anadido-con-el-que-cuenta-galicia-a-traves-de-la-innovacion-y-el-talento\/","name":"Conde apunta que a colaboraci\u00f3n de Imatia no Polo Aeroespacial fai visible o valor engadido co que conta Galicia a trav\u00e9s da innovaci\u00f3n e o talento - Civil UAVs Initiative","isPartOf":{"@id":"https:\/\/www.civiluavsinitiative.com\/#website"},"datePublished":"2020-02-18T12:12:09+00:00","dateModified":"2021-02-02T12:32:03+00:00","author":{"@id":"https:\/\/www.civiluavsinitiative.com\/#\/schema\/person\/58af028627c8c00ec53ba6f40d2f9bac"},"breadcrumb":{"@id":"https:\/\/www.civiluavsinitiative.com\/conde-apunta-que-la-colaboracion-de-imatia-en-el-polo-aeroespacial-hace-visible-el-valor-anadido-con-el-que-cuenta-galicia-a-traves-de-la-innovacion-y-el-talento\/#breadcrumb"},"inLanguage":"gl-ES","potentialAction":[{"@type":"ReadAction","target":["https:\/\/www.civiluavsinitiative.com\/conde-apunta-que-la-colaboracion-de-imatia-en-el-polo-aeroespacial-hace-visible-el-valor-anadido-con-el-que-cuenta-galicia-a-traves-de-la-innovacion-y-el-talento\/"]}]},{"@type":"BreadcrumbList","@id":"https:\/\/www.civiluavsinitiative.com\/conde-apunta-que-la-colaboracion-de-imatia-en-el-polo-aeroespacial-hace-visible-el-valor-anadido-con-el-que-cuenta-galicia-a-traves-de-la-innovacion-y-el-talento\/#breadcrumb","itemListElement":[{"@type":"ListItem","position":1,"name":"Home","item":"https:\/\/www.civiluavsinitiative.com\/gl\/"},{"@type":"ListItem","position":2,"name":"Conde apunta que a colaboraci\u00f3n de Imatia no Polo Aeroespacial fai visible o valor engadido co que conta Galicia a trav\u00e9s da innovaci\u00f3n e o talento"}]},{"@type":"WebSite","@id":"https:\/\/www.civiluavsinitiative.com\/#website","url":"https:\/\/www.civiluavsinitiative.com\/","name":"Civil UAVs Initiative","description":"Civil UAVs Initiative, favorece y fomenta el emprendimiento innovador, con el fin de atraer y retener en Galicia talento en el sector aeroespacial.","potentialAction":[{"@type":"SearchAction","target":{"@type":"EntryPoint","urlTemplate":"https:\/\/www.civiluavsinitiative.com\/?s={search_term_string}"},"query-input":"required name=search_term_string"}],"inLanguage":"gl-ES"},{"@type":"Person","@id":"https:\/\/www.civiluavsinitiative.com\/#\/schema\/person\/58af028627c8c00ec53ba6f40d2f9bac","name":"pvillanueva","image":{"@type":"ImageObject","inLanguage":"gl-ES","@id":"https:\/\/www.civiluavsinitiative.com\/#\/schema\/person\/image\/","url":"https:\/\/secure.gravatar.com\/avatar\/26c228395505196df76a7de2e9ed4de6?s=96&d=mm&r=g","contentUrl":"https:\/\/secure.gravatar.com\/avatar\/26c228395505196df76a7de2e9ed4de6?s=96&d=mm&r=g","caption":"pvillanueva"}}]}},"_links":{"self":[{"href":"https:\/\/www.civiluavsinitiative.com\/gl\/wp-json\/wp\/v2\/posts\/36622"}],"collection":[{"href":"https:\/\/www.civiluavsinitiative.com\/gl\/wp-json\/wp\/v2\/posts"}],"about":[{"href":"https:\/\/www.civiluavsinitiative.com\/gl\/wp-json\/wp\/v2\/types\/post"}],"author":[{"embeddable":true,"href":"https:\/\/www.civiluavsinitiative.com\/gl\/wp-json\/wp\/v2\/users\/3"}],"replies":[{"embeddable":true,"href":"https:\/\/www.civiluavsinitiative.com\/gl\/wp-json\/wp\/v2\/comments?post=36622"}],"version-history":[{"count":2,"href":"https:\/\/www.civiluavsinitiative.com\/gl\/wp-json\/wp\/v2\/posts\/36622\/revisions"}],"predecessor-version":[{"id":36635,"href":"https:\/\/www.civiluavsinitiative.com\/gl\/wp-json\/wp\/v2\/posts\/36622\/revisions\/36635"}],"wp:featuredmedia":[{"embeddable":true,"href":"https:\/\/www.civiluavsinitiative.com\/gl\/wp-json\/wp\/v2\/media\/36493"}],"wp:attachment":[{"href":"https:\/\/www.civiluavsinitiative.com\/gl\/wp-json\/wp\/v2\/media?parent=36622"}],"wp:term":[{"taxonomy":"category","embeddable":true,"href":"https:\/\/www.civiluavsinitiative.com\/gl\/wp-json\/wp\/v2\/categories?post=36622"},{"taxonomy":"post_tag","embeddable":true,"href":"https:\/\/www.civiluavsinitiative.com\/gl\/wp-json\/wp\/v2\/tags?post=36622"}],"curies":[{"name":"wp","href":"https:\/\/api.w.org\/{rel}","templated":true}]}}