{"id":36592,"date":"2020-06-17T12:23:15","date_gmt":"2020-06-17T10:23:15","guid":{"rendered":"https:\/\/www.civiluavsinitiative.com\/?p=36592"},"modified":"2021-02-02T12:23:31","modified_gmt":"2021-02-02T11:23:31","slug":"a-xunta-reforzara-a-xestion-da-planificacion-territorial-e-o-control-forestal-coa-utilizacion-de-duas-innovadoras-solucions-baseadas-no-uso-de-vehiculos-non-tripulados","status":"publish","type":"post","link":"https:\/\/www.civiluavsinitiative.com\/gl\/a-xunta-reforzara-a-xestion-da-planificacion-territorial-e-o-control-forestal-coa-utilizacion-de-duas-innovadoras-solucions-baseadas-no-uso-de-vehiculos-non-tripulados\/","title":{"rendered":"A Xunta reforzar\u00e1 a xesti\u00f3n da planificaci\u00f3n territorial e o control forestal coa utilizaci\u00f3n de d\u00faas innovadoras soluci\u00f3ns baseadas no uso de veh\u00edculos non tripulados"},"content":{"rendered":"<ul>\n<li><strong><em>O conselleiro de Econom\u00eda, Emprego e Industria, Francisco Conde, participou hoxe na xornada para informar destes proxectos que forman parte do Polo Aeroespacial de Galicia<\/em><\/strong><\/li>\n<li><strong><em>O acto, celebrado na Axencia Galega de Innovaci\u00f3n, contou coa presenza de representantes de diferentes departamentos do Goberno galego que ser\u00e1n usuarios das ferramentas<\/em><\/strong><\/li>\n<\/ul>\n<p>&nbsp;<\/p>\n<p><strong>Santiago de Compostela, 17 de xu\u00f1o de 2020.-<\/strong> A Xunta de Galicia reforzar\u00e1 este ano a xesti\u00f3n da planificaci\u00f3n territorial e do control das masas forestais con dous dos proxectos innovadores desenvolvidos no Polo Aeroespacial de Galicia baseados na utilizaci\u00f3n de sensores transportados en veh\u00edculos non tripulados. Deste xeito, estas d\u00faas soluci\u00f3ns pasan a ser unha realidade que mellorar\u00e1 a prestaci\u00f3n dos servizos p\u00fablicos.<\/p>\n<p>O conselleiro de Econom\u00eda, Emprego e Industria, Francisco Conde, participou hoxe na xornada t\u00e9cnica para informar dos proxectos de seguimento das din\u00e1micas de ocupaci\u00f3n do solo e axuda \u00e1 planificaci\u00f3n territorial mediante o uso de veh\u00edculos a\u00e9reos non tripulados -o que permitir\u00e1 o control e a ordenaci\u00f3n urban\u00edstica, a planificaci\u00f3n de \u00e1reas empresariais e agrarias ou a xesti\u00f3n hidrol\u00f3xica- e de soluci\u00f3ns para a xesti\u00f3n e control forestal, detecci\u00f3n e tratamento de pragas forestais mediante o uso de veh\u00edculos a\u00e9reos non tripulados \u2013que tam\u00e9n permitir\u00e1 formular inventarios de masa arborada, detectar posibles situaci\u00f3ns de abandono ou avaliar franxas de seguridade antilume arredor dos n\u00facleos de poboaci\u00f3n-, que forman parte da Civil UAVs Initiative, a iniciativa estrat\u00e9xica da Xunta de Galicia para promover o uso de drons no \u00e1mbito civil.<\/p>\n<p>Conde puxo en valor o clima de cooperaci\u00f3n xerado entre os dous consorcios que lideran a creaci\u00f3n destas soluci\u00f3ns -integrados por pemes, universidades e centros de investigaci\u00f3n- que fixo posible o desenvolvemento de novas funcionalidades e aplicaci\u00f3ns derivadas do seu uso conxunto. En concreto, no proxecto Terra 3 participaron Altia Consultores, Aeromedia UAV, o Centro de Observaci\u00f3n y Teledetecci\u00f3n Espacial (COTESA), contando coa subcontrataci\u00f3n do grupo de investigaci\u00f3n Laborate, da USC, e a empresa lucense 3EData. En canto ao proxecto Terra 4, participaron 3EData Ingenier\u00eda Ambiental, a Universidade de Santiago de Compostela, o Centro Tecnol\u00f3gico Forestal y de la Madera (CETEMAS) e o Centro de Observaci\u00f3n y Teledetecci\u00f3n Espacial (COTESA).<\/p>\n<p>A xornada contou coa participaci\u00f3n de representantes dos diferentes departamentos da Xunta de Galicia que ser\u00e1n os primeiros usuarios destas ferramentas en \u00e1reas como a ordenaci\u00f3n do territorio e o urbanismo, a planificaci\u00f3n de \u00e1reas empresariais, a planificaci\u00f3n agraria, a cartograf\u00eda de h\u00e1bitats, as estat\u00edsticas de ocupaci\u00f3n do solo, a planificaci\u00f3n hidrol\u00f3xica, o inventariado de masas arboradas no monte, a avaliaci\u00f3n de franxas de seguridade antilumes ou a detecci\u00f3n, identificaci\u00f3n e tratamento de pragas forestais.<\/p>\n<p>O conselleiro destacou, ademais, que con estas soluci\u00f3ns optimizarase o labor que se est\u00e1 a desenvolver desde o Instituto de Estudos do Territorio, a Direcci\u00f3n Xeral de Ordenaci\u00f3n do Territorio, o Instituto Galego de Vivenda e Solo, Augas de Galicia, Agader, a Direcci\u00f3n Xeral de Gandar\u00eda, Agricultura e Industrias Alimentarias, a Direcci\u00f3n Xeral de Patrimonio Natural, a Direcci\u00f3n Xeral de Calidade ambiental e Cambio clim\u00e1tico, a Direcci\u00f3n Xeral de Desenvolvemento Rural ou a Direcci\u00f3n Xeral de Ordenaci\u00f3n e Produci\u00f3n Forestal.<\/p>\n<p>Conde finalizou subli\u00f1ando que soluci\u00f3ns como as presentadas hoxe garanten unha transici\u00f3n tecnol\u00f3xica necesaria para Galicia, mellorando a eficacia dos servizos p\u00fablicos e contribu\u00edndo \u00e1 mellora da competitividade das empresas galegas.<\/p>\n<p>&nbsp;<\/p>\n<p><strong>A Civil UAVs Initiative<\/strong><\/p>\n<p>Os proxectos de seguimento das din\u00e1micas de ocupaci\u00f3n do solo e axuda \u00e1 planificaci\u00f3n territorial mediante o uso de veh\u00edculos a\u00e9reos non tripulados e de soluci\u00f3ns para a xesti\u00f3n e control forestal, detecci\u00f3n e tratamento de pragas forestais mediante o uso de veh\u00edculos a\u00e9reos non tripulados forman parte da fase de Soluci\u00f3ns da Civil UAVs Initiative, financiada ao 80 % con fondos FEDER, e foron licitados a trav\u00e9s de Compra P\u00fablica de Tecnolox\u00eda Innovadora (CPTI).<\/p>\n<p><a href=\"https:\/\/www.civiluavsinitiative.com\/wp-content\/uploads\/2021\/02\/20200617NPTierra3y4GAL.pdf\">Descargar artigo<\/a><\/p>\n","protected":false},"excerpt":{"rendered":"<p>O conselleiro de Econom\u00eda, Emprego e Industria, Francisco Conde, participou hoxe na xornada para informar destes proxectos que forman parte do Polo Aeroespacial de Galicia O acto, celebrado na Axencia Galega de Innovaci\u00f3n, contou coa presenza de representantes de diferentes departamentos do Goberno galego que ser\u00e1n usuarios das ferramentas &nbsp; Santiago de Compostela, 17 de [&hellip;]<\/p>\n","protected":false},"author":3,"featured_media":36454,"comment_status":"open","ping_status":"open","sticky":false,"template":"","format":"standard","meta":{"_et_pb_use_builder":"","_et_pb_old_content":"","_et_gb_content_width":""},"categories":[150],"tags":[],"acf":[],"yoast_head":"<!-- This site is optimized with the Yoast SEO plugin v20.9 - https:\/\/yoast.com\/wordpress\/plugins\/seo\/ -->\n<title>A Xunta reforzar\u00e1 a xesti\u00f3n da planificaci\u00f3n territorial e o control forestal coa utilizaci\u00f3n de d\u00faas innovadoras soluci\u00f3ns baseadas no uso de veh\u00edculos non tripulados - Civil UAVs Initiative<\/title>\n<meta name=\"robots\" content=\"index, follow, max-snippet:-1, max-image-preview:large, max-video-preview:-1\" \/>\n<link rel=\"canonical\" href=\"https:\/\/www.civiluavsinitiative.com\/la-xunta-reforzara-la-gestion-de-la-planificacion-territorial-y-el-control-forestal-con-la-utilizacion-de-dos-innovadoras-soluciones-basadas-en-el-uso-de-vehiculos-no-tripulados\/\" \/>\n<meta property=\"og:locale\" content=\"gl_ES\" \/>\n<meta property=\"og:type\" content=\"article\" \/>\n<meta property=\"og:title\" content=\"A Xunta reforzar\u00e1 a xesti\u00f3n da planificaci\u00f3n territorial e o control forestal coa utilizaci\u00f3n de d\u00faas innovadoras soluci\u00f3ns baseadas no uso de veh\u00edculos non tripulados - Civil UAVs Initiative\" \/>\n<meta property=\"og:description\" content=\"O conselleiro de Econom\u00eda, Emprego e Industria, Francisco Conde, participou hoxe na xornada para informar destes proxectos que forman parte do Polo Aeroespacial de Galicia O acto, celebrado na Axencia Galega de Innovaci\u00f3n, contou coa presenza de representantes de diferentes departamentos do Goberno galego que ser\u00e1n usuarios das ferramentas &nbsp; Santiago de Compostela, 17 de [&hellip;]\" \/>\n<meta property=\"og:url\" content=\"https:\/\/www.civiluavsinitiative.com\/la-xunta-reforzara-la-gestion-de-la-planificacion-territorial-y-el-control-forestal-con-la-utilizacion-de-dos-innovadoras-soluciones-basadas-en-el-uso-de-vehiculos-no-tripulados\/\" \/>\n<meta property=\"og:site_name\" content=\"Civil UAVs Initiative\" \/>\n<meta property=\"article:published_time\" content=\"2020-06-17T10:23:15+00:00\" \/>\n<meta property=\"article:modified_time\" content=\"2021-02-02T11:23:31+00:00\" \/>\n<meta property=\"og:image\" content=\"https:\/\/www.civiluavsinitiative.com\/wp-content\/uploads\/2021\/02\/20200617CondeTerra3e41.jpg\" \/>\n\t<meta property=\"og:image:width\" content=\"1600\" \/>\n\t<meta property=\"og:image:height\" content=\"1071\" \/>\n\t<meta property=\"og:image:type\" content=\"image\/jpeg\" \/>\n<meta name=\"author\" content=\"pvillanueva\" \/>\n<meta name=\"twitter:card\" content=\"summary_large_image\" \/>\n<meta name=\"twitter:label1\" content=\"Escrito por\" \/>\n\t<meta name=\"twitter:data1\" content=\"pvillanueva\" \/>\n\t<meta name=\"twitter:label2\" content=\"Tempo de lectura\" \/>\n\t<meta name=\"twitter:data2\" content=\"4 minutos\" \/>\n<script type=\"application\/ld+json\" class=\"yoast-schema-graph\">{\"@context\":\"https:\/\/schema.org\",\"@graph\":[{\"@type\":\"WebPage\",\"@id\":\"https:\/\/www.civiluavsinitiative.com\/la-xunta-reforzara-la-gestion-de-la-planificacion-territorial-y-el-control-forestal-con-la-utilizacion-de-dos-innovadoras-soluciones-basadas-en-el-uso-de-vehiculos-no-tripulados\/\",\"url\":\"https:\/\/www.civiluavsinitiative.com\/la-xunta-reforzara-la-gestion-de-la-planificacion-territorial-y-el-control-forestal-con-la-utilizacion-de-dos-innovadoras-soluciones-basadas-en-el-uso-de-vehiculos-no-tripulados\/\",\"name\":\"A Xunta reforzar\u00e1 a xesti\u00f3n da planificaci\u00f3n territorial e o control forestal coa utilizaci\u00f3n de d\u00faas innovadoras soluci\u00f3ns baseadas no uso de veh\u00edculos non tripulados - Civil UAVs Initiative\",\"isPartOf\":{\"@id\":\"https:\/\/www.civiluavsinitiative.com\/#website\"},\"datePublished\":\"2020-06-17T10:23:15+00:00\",\"dateModified\":\"2021-02-02T11:23:31+00:00\",\"author\":{\"@id\":\"https:\/\/www.civiluavsinitiative.com\/#\/schema\/person\/58af028627c8c00ec53ba6f40d2f9bac\"},\"breadcrumb\":{\"@id\":\"https:\/\/www.civiluavsinitiative.com\/la-xunta-reforzara-la-gestion-de-la-planificacion-territorial-y-el-control-forestal-con-la-utilizacion-de-dos-innovadoras-soluciones-basadas-en-el-uso-de-vehiculos-no-tripulados\/#breadcrumb\"},\"inLanguage\":\"gl-ES\",\"potentialAction\":[{\"@type\":\"ReadAction\",\"target\":[\"https:\/\/www.civiluavsinitiative.com\/la-xunta-reforzara-la-gestion-de-la-planificacion-territorial-y-el-control-forestal-con-la-utilizacion-de-dos-innovadoras-soluciones-basadas-en-el-uso-de-vehiculos-no-tripulados\/\"]}]},{\"@type\":\"BreadcrumbList\",\"@id\":\"https:\/\/www.civiluavsinitiative.com\/la-xunta-reforzara-la-gestion-de-la-planificacion-territorial-y-el-control-forestal-con-la-utilizacion-de-dos-innovadoras-soluciones-basadas-en-el-uso-de-vehiculos-no-tripulados\/#breadcrumb\",\"itemListElement\":[{\"@type\":\"ListItem\",\"position\":1,\"name\":\"Home\",\"item\":\"https:\/\/www.civiluavsinitiative.com\/gl\/\"},{\"@type\":\"ListItem\",\"position\":2,\"name\":\"A Xunta reforzar\u00e1 a xesti\u00f3n da planificaci\u00f3n territorial e o control forestal coa utilizaci\u00f3n de d\u00faas innovadoras soluci\u00f3ns baseadas no uso de veh\u00edculos non tripulados\"}]},{\"@type\":\"WebSite\",\"@id\":\"https:\/\/www.civiluavsinitiative.com\/#website\",\"url\":\"https:\/\/www.civiluavsinitiative.com\/\",\"name\":\"Civil UAVs Initiative\",\"description\":\"Civil UAVs Initiative, favorece y fomenta el emprendimiento innovador, con el fin de atraer y retener en Galicia talento en el sector aeroespacial.\",\"potentialAction\":[{\"@type\":\"SearchAction\",\"target\":{\"@type\":\"EntryPoint\",\"urlTemplate\":\"https:\/\/www.civiluavsinitiative.com\/?s={search_term_string}\"},\"query-input\":\"required name=search_term_string\"}],\"inLanguage\":\"gl-ES\"},{\"@type\":\"Person\",\"@id\":\"https:\/\/www.civiluavsinitiative.com\/#\/schema\/person\/58af028627c8c00ec53ba6f40d2f9bac\",\"name\":\"pvillanueva\",\"image\":{\"@type\":\"ImageObject\",\"inLanguage\":\"gl-ES\",\"@id\":\"https:\/\/www.civiluavsinitiative.com\/#\/schema\/person\/image\/\",\"url\":\"https:\/\/secure.gravatar.com\/avatar\/26c228395505196df76a7de2e9ed4de6?s=96&d=mm&r=g\",\"contentUrl\":\"https:\/\/secure.gravatar.com\/avatar\/26c228395505196df76a7de2e9ed4de6?s=96&d=mm&r=g\",\"caption\":\"pvillanueva\"}}]}<\/script>\n<!-- \/ Yoast SEO plugin. -->","yoast_head_json":{"title":"A Xunta reforzar\u00e1 a xesti\u00f3n da planificaci\u00f3n territorial e o control forestal coa utilizaci\u00f3n de d\u00faas innovadoras soluci\u00f3ns baseadas no uso de veh\u00edculos non tripulados - Civil UAVs Initiative","robots":{"index":"index","follow":"follow","max-snippet":"max-snippet:-1","max-image-preview":"max-image-preview:large","max-video-preview":"max-video-preview:-1"},"canonical":"https:\/\/www.civiluavsinitiative.com\/la-xunta-reforzara-la-gestion-de-la-planificacion-territorial-y-el-control-forestal-con-la-utilizacion-de-dos-innovadoras-soluciones-basadas-en-el-uso-de-vehiculos-no-tripulados\/","og_locale":"gl_ES","og_type":"article","og_title":"A Xunta reforzar\u00e1 a xesti\u00f3n da planificaci\u00f3n territorial e o control forestal coa utilizaci\u00f3n de d\u00faas innovadoras soluci\u00f3ns baseadas no uso de veh\u00edculos non tripulados - Civil UAVs Initiative","og_description":"O conselleiro de Econom\u00eda, Emprego e Industria, Francisco Conde, participou hoxe na xornada para informar destes proxectos que forman parte do Polo Aeroespacial de Galicia O acto, celebrado na Axencia Galega de Innovaci\u00f3n, contou coa presenza de representantes de diferentes departamentos do Goberno galego que ser\u00e1n usuarios das ferramentas &nbsp; Santiago de Compostela, 17 de [&hellip;]","og_url":"https:\/\/www.civiluavsinitiative.com\/la-xunta-reforzara-la-gestion-de-la-planificacion-territorial-y-el-control-forestal-con-la-utilizacion-de-dos-innovadoras-soluciones-basadas-en-el-uso-de-vehiculos-no-tripulados\/","og_site_name":"Civil UAVs Initiative","article_published_time":"2020-06-17T10:23:15+00:00","article_modified_time":"2021-02-02T11:23:31+00:00","og_image":[{"width":1600,"height":1071,"url":"https:\/\/www.civiluavsinitiative.com\/wp-content\/uploads\/2021\/02\/20200617CondeTerra3e41.jpg","type":"image\/jpeg"}],"author":"pvillanueva","twitter_card":"summary_large_image","twitter_misc":{"Escrito por":"pvillanueva","Tempo de lectura":"4 minutos"},"schema":{"@context":"https:\/\/schema.org","@graph":[{"@type":"WebPage","@id":"https:\/\/www.civiluavsinitiative.com\/la-xunta-reforzara-la-gestion-de-la-planificacion-territorial-y-el-control-forestal-con-la-utilizacion-de-dos-innovadoras-soluciones-basadas-en-el-uso-de-vehiculos-no-tripulados\/","url":"https:\/\/www.civiluavsinitiative.com\/la-xunta-reforzara-la-gestion-de-la-planificacion-territorial-y-el-control-forestal-con-la-utilizacion-de-dos-innovadoras-soluciones-basadas-en-el-uso-de-vehiculos-no-tripulados\/","name":"A Xunta reforzar\u00e1 a xesti\u00f3n da planificaci\u00f3n territorial e o control forestal coa utilizaci\u00f3n de d\u00faas innovadoras soluci\u00f3ns baseadas no uso de veh\u00edculos non tripulados - Civil UAVs Initiative","isPartOf":{"@id":"https:\/\/www.civiluavsinitiative.com\/#website"},"datePublished":"2020-06-17T10:23:15+00:00","dateModified":"2021-02-02T11:23:31+00:00","author":{"@id":"https:\/\/www.civiluavsinitiative.com\/#\/schema\/person\/58af028627c8c00ec53ba6f40d2f9bac"},"breadcrumb":{"@id":"https:\/\/www.civiluavsinitiative.com\/la-xunta-reforzara-la-gestion-de-la-planificacion-territorial-y-el-control-forestal-con-la-utilizacion-de-dos-innovadoras-soluciones-basadas-en-el-uso-de-vehiculos-no-tripulados\/#breadcrumb"},"inLanguage":"gl-ES","potentialAction":[{"@type":"ReadAction","target":["https:\/\/www.civiluavsinitiative.com\/la-xunta-reforzara-la-gestion-de-la-planificacion-territorial-y-el-control-forestal-con-la-utilizacion-de-dos-innovadoras-soluciones-basadas-en-el-uso-de-vehiculos-no-tripulados\/"]}]},{"@type":"BreadcrumbList","@id":"https:\/\/www.civiluavsinitiative.com\/la-xunta-reforzara-la-gestion-de-la-planificacion-territorial-y-el-control-forestal-con-la-utilizacion-de-dos-innovadoras-soluciones-basadas-en-el-uso-de-vehiculos-no-tripulados\/#breadcrumb","itemListElement":[{"@type":"ListItem","position":1,"name":"Home","item":"https:\/\/www.civiluavsinitiative.com\/gl\/"},{"@type":"ListItem","position":2,"name":"A Xunta reforzar\u00e1 a xesti\u00f3n da planificaci\u00f3n territorial e o control forestal coa utilizaci\u00f3n de d\u00faas innovadoras soluci\u00f3ns baseadas no uso de veh\u00edculos non tripulados"}]},{"@type":"WebSite","@id":"https:\/\/www.civiluavsinitiative.com\/#website","url":"https:\/\/www.civiluavsinitiative.com\/","name":"Civil UAVs Initiative","description":"Civil UAVs Initiative, favorece y fomenta el emprendimiento innovador, con el fin de atraer y retener en Galicia talento en el sector aeroespacial.","potentialAction":[{"@type":"SearchAction","target":{"@type":"EntryPoint","urlTemplate":"https:\/\/www.civiluavsinitiative.com\/?s={search_term_string}"},"query-input":"required name=search_term_string"}],"inLanguage":"gl-ES"},{"@type":"Person","@id":"https:\/\/www.civiluavsinitiative.com\/#\/schema\/person\/58af028627c8c00ec53ba6f40d2f9bac","name":"pvillanueva","image":{"@type":"ImageObject","inLanguage":"gl-ES","@id":"https:\/\/www.civiluavsinitiative.com\/#\/schema\/person\/image\/","url":"https:\/\/secure.gravatar.com\/avatar\/26c228395505196df76a7de2e9ed4de6?s=96&d=mm&r=g","contentUrl":"https:\/\/secure.gravatar.com\/avatar\/26c228395505196df76a7de2e9ed4de6?s=96&d=mm&r=g","caption":"pvillanueva"}}]}},"_links":{"self":[{"href":"https:\/\/www.civiluavsinitiative.com\/gl\/wp-json\/wp\/v2\/posts\/36592"}],"collection":[{"href":"https:\/\/www.civiluavsinitiative.com\/gl\/wp-json\/wp\/v2\/posts"}],"about":[{"href":"https:\/\/www.civiluavsinitiative.com\/gl\/wp-json\/wp\/v2\/types\/post"}],"author":[{"embeddable":true,"href":"https:\/\/www.civiluavsinitiative.com\/gl\/wp-json\/wp\/v2\/users\/3"}],"replies":[{"embeddable":true,"href":"https:\/\/www.civiluavsinitiative.com\/gl\/wp-json\/wp\/v2\/comments?post=36592"}],"version-history":[{"count":1,"href":"https:\/\/www.civiluavsinitiative.com\/gl\/wp-json\/wp\/v2\/posts\/36592\/revisions"}],"predecessor-version":[{"id":36601,"href":"https:\/\/www.civiluavsinitiative.com\/gl\/wp-json\/wp\/v2\/posts\/36592\/revisions\/36601"}],"wp:featuredmedia":[{"embeddable":true,"href":"https:\/\/www.civiluavsinitiative.com\/gl\/wp-json\/wp\/v2\/media\/36454"}],"wp:attachment":[{"href":"https:\/\/www.civiluavsinitiative.com\/gl\/wp-json\/wp\/v2\/media?parent=36592"}],"wp:term":[{"taxonomy":"category","embeddable":true,"href":"https:\/\/www.civiluavsinitiative.com\/gl\/wp-json\/wp\/v2\/categories?post=36592"},{"taxonomy":"post_tag","embeddable":true,"href":"https:\/\/www.civiluavsinitiative.com\/gl\/wp-json\/wp\/v2\/tags?post=36592"}],"curies":[{"name":"wp","href":"https:\/\/api.w.org\/{rel}","templated":true}]}}