{"id":36583,"date":"2020-11-26T11:52:52","date_gmt":"2020-11-26T10:52:52","guid":{"rendered":"https:\/\/www.civiluavsinitiative.com\/?p=36583"},"modified":"2021-02-02T11:54:01","modified_gmt":"2021-02-02T10:54:01","slug":"a-aceleradora-bfaero-escolle-28-proxectos-finalistas-do-sector-aeronautico-que-optan-as-sete-prazas-da-sua-terceira-edicion","status":"publish","type":"post","link":"https:\/\/www.civiluavsinitiative.com\/gl\/a-aceleradora-bfaero-escolle-28-proxectos-finalistas-do-sector-aeronautico-que-optan-as-sete-prazas-da-sua-terceira-edicion\/","title":{"rendered":"A aceleradora BFAero escolle 28 proxectos finalistas do sector aeron\u00e1utico que optan \u00e1s sete prazas da s\u00faa terceira edici\u00f3n"},"content":{"rendered":"<ul>\n<li><strong><em>O Comit\u00e9 Executivo do programa impulsado pola Xunta de Galicia anunciar\u00e1 as sete candidaturas ga\u00f1adoras o vindeiro 1 de decembro <\/em><\/strong><\/li>\n<li><strong><em>Galicia \u00e9 a comunidade aut\u00f3noma que m\u00e1is proxectos achega nesta fase final, con dez iniciativas; seguida por Madrid, con sete; e Catalu\u00f1a e a Comunidade Valenciana, con tres<\/em><\/strong><\/li>\n<li><strong><em>Destacan os proxectos relacionados coas tecnolox\u00edas habilitadoras e co tratamento de datos e informaci\u00f3n<\/em><\/strong><\/li>\n<\/ul>\n<p><strong><em>\u00a0<\/em><\/strong><\/p>\n<p><strong>Lugo<\/strong><strong>, 26 de novembro de 2020<\/strong>.- A aceleradora do sector aeroespacial Business Factory Aero (BFAero), impulsada pola Xunta de Galicia no marco do Polo Aeroespacial de Galicia, v\u00e9n de seleccionar 28 proxectos finalistas de entre as 85 candidaturas que se presentaron \u00e1 fase de selecci\u00f3n da s\u00faa terceira convocatoria.<\/p>\n<p>Estas 28 propostas vinculadas ao sector aeroespacial e dos veh\u00edculos non tripulados poder\u00e1n defenderse este venres 27 de decembro e o luns 30 de decembro nunha entrevista t\u00e9cnica e <em>pitch online<\/em> ante o Comit\u00e9 Executivo. O martes 1 de decembro daranse a co\u00f1ecer os sete proxectos que finalmente entrar\u00e1n nesta terceira edici\u00f3n da aceleradora, tres deles en fase de incubaci\u00f3n e catro en aceleraci\u00f3n.<\/p>\n<p>Galicia \u00e9 a comunidade aut\u00f3noma que m\u00e1is proxectos achega nesta fase final, con dez (catro da provincia de Pontevedra, tres da Coru\u00f1a e tres de Lugo). Os restantes proceden de Madrid (7), Catalu\u00f1a (3), Comunidade Valenciana (3), Castela e Le\u00f3n (2), Asturias, Euskadi e Arag\u00f3n, cunha candidatura cada unha.<\/p>\n<p>No referente ao tipo de programa ao que optan, a metade, 14, aspiran a entrar na fase de incubaci\u00f3n e os 14 restantes na de aceleraci\u00f3n. En canto \u00e1s \u00e1reas tem\u00e1ticas dos finalistas, destacan os proxectos relacionados coas tecnolox\u00edas habilitadoras e co tratamento de datos e informaci\u00f3n, seguidas da automatizaci\u00f3n, cargas de pago e sistemas, dese\u00f1o e produci\u00f3n, navegabilidade e fabricaci\u00f3n. Tam\u00e9n hai un proxecto finalista da nova \u00e1rea introducida nesta convocatoria para soluci\u00f3ns contra a covid-19.<\/p>\n<p>Os promotores de BFAero destacan o alto nivel t\u00e9cnico e calidade da maior\u00eda das 85 candidaturas empresariais presentadas nesta edici\u00f3n, o que fixo que excedesen o n\u00famero m\u00ednimo de proxectos finalistas establecido nas bases da convocatoria. As normas contemplaban unha selecci\u00f3n dun m\u00ednimo de 12 propostas finalistas (d\u00faas delas elixidas por votaci\u00f3n popular na web e 10 delas seleccionadas polo Comit\u00e9 Executivo). Finalmente son 28 os proxectos que pasan \u00e1 fase final (os dous da votaci\u00f3n popular m\u00e1is 26 que pasaron a primeira criba do Comit\u00e9).<\/p>\n<p>Os resultados desta terceira edici\u00f3n confirman o interese que esperta un sector en auxe como o da aeron\u00e1utica e os veh\u00edculos non tripulados. En apenas dous anos, BFAero lanzou tres convocatorias nas que se presentaron 179 candidaturas, a metade delas (89) procedentes de Galicia. Estes datos reforzan o importante papel do Polo Aeroespacial da Xunta de Galicia para reter e captar talento na comunidade galega, que conseguiu converterse xa nun polo de referencia en Espa\u00f1a que resulta de interese para os emprendedores deste sector.<\/p>\n<p>&nbsp;<\/p>\n<p>Os proxectos finalistas son os seguintes:<\/p>\n<p>&nbsp;<\/p>\n<p>Para a fase de incubaci\u00f3n:<\/p>\n<ul>\n<li>PHARMADRON<\/li>\n<li>Aerotaxi No tripulado<\/li>\n<li>Smartdrone<\/li>\n<li>Uso UAVs para Realidad Aumentada<\/li>\n<li>SOLARbotix<\/li>\n<li>VTOL de largo alcance<\/li>\n<li>DroneSuite<\/li>\n<li>CAMODrone<\/li>\n<li>DRONE4SAFE<\/li>\n<li>SIMULMAP<\/li>\n<li>SERENA2<\/li>\n<li>Inteligencia Artificial para el cubicaje forestal<\/li>\n<li>AT-Link &amp; A14M<\/li>\n<\/ul>\n<p>&nbsp;<\/p>\n<p>Para a fase de aceleraci\u00f3n:<\/p>\n<ul>\n<li>SAQQARAH<\/li>\n<li>PrimeCor<\/li>\n<li>DroNDT<\/li>\n<li>OSSIE UARX Space<\/li>\n<li>ELECTRICGREEN, The Smart Grid Service Area.<\/li>\n<li>TRansporte basado en ENjambre de Drones (TREND)<\/li>\n<li>DIGITALIZACION FOTOVOLTAICA MEDIANTE DRONES<\/li>\n<li>Plataforma webGIS<\/li>\n<li>Sistema de Inspecci\u00f3n en tiempo<\/li>\n<li>CIES UAV SOLAR<\/li>\n<li>ATOM<\/li>\n<li>Dise\u00f1o y producci\u00f3n de UAV&#8217;s ALA FIJA PLUS<\/li>\n<li>Aerial Insights<\/li>\n<\/ul>\n<p>&nbsp;<\/p>\n<p>Os dous proxectos m\u00e1is apoiados na votaci\u00f3n popular foron:<\/p>\n<ul>\n<li>UAV 5G (Incubaci\u00f3n)<\/li>\n<li>Aerocovid (Aceleraci\u00f3n)<\/li>\n<\/ul>\n<p><a href=\"https:\/\/www.civiluavsinitiative.com\/wp-content\/uploads\/2021\/02\/20201126NPSeleccionBFAERO_gal.pdf\">Descargar artigo<\/a><\/p>\n","protected":false},"excerpt":{"rendered":"<p>O Comit\u00e9 Executivo do programa impulsado pola Xunta de Galicia anunciar\u00e1 as sete candidaturas ga\u00f1adoras o vindeiro 1 de decembro Galicia \u00e9 a comunidade aut\u00f3noma que m\u00e1is proxectos achega nesta fase final, con dez iniciativas; seguida por Madrid, con sete; e Catalu\u00f1a e a Comunidade Valenciana, con tres Destacan os proxectos relacionados coas tecnolox\u00edas habilitadoras [&hellip;]<\/p>\n","protected":false},"author":3,"featured_media":35069,"comment_status":"open","ping_status":"open","sticky":false,"template":"","format":"standard","meta":{"_et_pb_use_builder":"","_et_pb_old_content":"","_et_gb_content_width":""},"categories":[150],"tags":[],"acf":[],"yoast_head":"<!-- This site is optimized with the Yoast SEO plugin v20.9 - https:\/\/yoast.com\/wordpress\/plugins\/seo\/ -->\n<title>A aceleradora BFAero escolle 28 proxectos finalistas do sector aeron\u00e1utico que optan \u00e1s sete prazas da s\u00faa terceira edici\u00f3n - Civil UAVs Initiative<\/title>\n<meta name=\"robots\" content=\"index, follow, max-snippet:-1, max-image-preview:large, max-video-preview:-1\" \/>\n<link rel=\"canonical\" href=\"https:\/\/www.civiluavsinitiative.com\/la-aceleradora-bfaero-escoge-28-proyectos-finalistas-del-sector-aeronautico-que-optan-a-las-siete-plazas-de-su-tercera-edicion\/\" \/>\n<meta property=\"og:locale\" content=\"gl_ES\" \/>\n<meta property=\"og:type\" content=\"article\" \/>\n<meta property=\"og:title\" content=\"A aceleradora BFAero escolle 28 proxectos finalistas do sector aeron\u00e1utico que optan \u00e1s sete prazas da s\u00faa terceira edici\u00f3n - Civil UAVs Initiative\" \/>\n<meta property=\"og:description\" content=\"O Comit\u00e9 Executivo do programa impulsado pola Xunta de Galicia anunciar\u00e1 as sete candidaturas ga\u00f1adoras o vindeiro 1 de decembro Galicia \u00e9 a comunidade aut\u00f3noma que m\u00e1is proxectos achega nesta fase final, con dez iniciativas; seguida por Madrid, con sete; e Catalu\u00f1a e a Comunidade Valenciana, con tres Destacan os proxectos relacionados coas tecnolox\u00edas habilitadoras [&hellip;]\" \/>\n<meta property=\"og:url\" content=\"https:\/\/www.civiluavsinitiative.com\/la-aceleradora-bfaero-escoge-28-proyectos-finalistas-del-sector-aeronautico-que-optan-a-las-siete-plazas-de-su-tercera-edicion\/\" \/>\n<meta property=\"og:site_name\" content=\"Civil UAVs Initiative\" \/>\n<meta property=\"article:published_time\" content=\"2020-11-26T10:52:52+00:00\" \/>\n<meta property=\"article:modified_time\" content=\"2021-02-02T10:54:01+00:00\" \/>\n<meta property=\"og:image\" content=\"https:\/\/www.civiluavsinitiative.com\/wp-content\/uploads\/2020\/07\/BFAero.jpg\" \/>\n\t<meta property=\"og:image:width\" content=\"809\" \/>\n\t<meta property=\"og:image:height\" content=\"403\" \/>\n\t<meta property=\"og:image:type\" content=\"image\/jpeg\" \/>\n<meta name=\"author\" content=\"pvillanueva\" \/>\n<meta name=\"twitter:card\" content=\"summary_large_image\" \/>\n<meta name=\"twitter:label1\" content=\"Escrito por\" \/>\n\t<meta name=\"twitter:data1\" content=\"pvillanueva\" \/>\n\t<meta name=\"twitter:label2\" content=\"Tempo de lectura\" \/>\n\t<meta name=\"twitter:data2\" content=\"3 minutos\" \/>\n<script type=\"application\/ld+json\" class=\"yoast-schema-graph\">{\"@context\":\"https:\/\/schema.org\",\"@graph\":[{\"@type\":\"WebPage\",\"@id\":\"https:\/\/www.civiluavsinitiative.com\/la-aceleradora-bfaero-escoge-28-proyectos-finalistas-del-sector-aeronautico-que-optan-a-las-siete-plazas-de-su-tercera-edicion\/\",\"url\":\"https:\/\/www.civiluavsinitiative.com\/la-aceleradora-bfaero-escoge-28-proyectos-finalistas-del-sector-aeronautico-que-optan-a-las-siete-plazas-de-su-tercera-edicion\/\",\"name\":\"A aceleradora BFAero escolle 28 proxectos finalistas do sector aeron\u00e1utico que optan \u00e1s sete prazas da s\u00faa terceira edici\u00f3n - Civil UAVs Initiative\",\"isPartOf\":{\"@id\":\"https:\/\/www.civiluavsinitiative.com\/#website\"},\"datePublished\":\"2020-11-26T10:52:52+00:00\",\"dateModified\":\"2021-02-02T10:54:01+00:00\",\"author\":{\"@id\":\"https:\/\/www.civiluavsinitiative.com\/#\/schema\/person\/58af028627c8c00ec53ba6f40d2f9bac\"},\"breadcrumb\":{\"@id\":\"https:\/\/www.civiluavsinitiative.com\/la-aceleradora-bfaero-escoge-28-proyectos-finalistas-del-sector-aeronautico-que-optan-a-las-siete-plazas-de-su-tercera-edicion\/#breadcrumb\"},\"inLanguage\":\"gl-ES\",\"potentialAction\":[{\"@type\":\"ReadAction\",\"target\":[\"https:\/\/www.civiluavsinitiative.com\/la-aceleradora-bfaero-escoge-28-proyectos-finalistas-del-sector-aeronautico-que-optan-a-las-siete-plazas-de-su-tercera-edicion\/\"]}]},{\"@type\":\"BreadcrumbList\",\"@id\":\"https:\/\/www.civiluavsinitiative.com\/la-aceleradora-bfaero-escoge-28-proyectos-finalistas-del-sector-aeronautico-que-optan-a-las-siete-plazas-de-su-tercera-edicion\/#breadcrumb\",\"itemListElement\":[{\"@type\":\"ListItem\",\"position\":1,\"name\":\"Home\",\"item\":\"https:\/\/www.civiluavsinitiative.com\/gl\/\"},{\"@type\":\"ListItem\",\"position\":2,\"name\":\"A aceleradora BFAero escolle 28 proxectos finalistas do sector aeron\u00e1utico que optan \u00e1s sete prazas da s\u00faa terceira edici\u00f3n\"}]},{\"@type\":\"WebSite\",\"@id\":\"https:\/\/www.civiluavsinitiative.com\/#website\",\"url\":\"https:\/\/www.civiluavsinitiative.com\/\",\"name\":\"Civil UAVs Initiative\",\"description\":\"Civil UAVs Initiative, favorece y fomenta el emprendimiento innovador, con el fin de atraer y retener en Galicia talento en el sector aeroespacial.\",\"potentialAction\":[{\"@type\":\"SearchAction\",\"target\":{\"@type\":\"EntryPoint\",\"urlTemplate\":\"https:\/\/www.civiluavsinitiative.com\/?s={search_term_string}\"},\"query-input\":\"required name=search_term_string\"}],\"inLanguage\":\"gl-ES\"},{\"@type\":\"Person\",\"@id\":\"https:\/\/www.civiluavsinitiative.com\/#\/schema\/person\/58af028627c8c00ec53ba6f40d2f9bac\",\"name\":\"pvillanueva\",\"image\":{\"@type\":\"ImageObject\",\"inLanguage\":\"gl-ES\",\"@id\":\"https:\/\/www.civiluavsinitiative.com\/#\/schema\/person\/image\/\",\"url\":\"https:\/\/secure.gravatar.com\/avatar\/26c228395505196df76a7de2e9ed4de6?s=96&d=mm&r=g\",\"contentUrl\":\"https:\/\/secure.gravatar.com\/avatar\/26c228395505196df76a7de2e9ed4de6?s=96&d=mm&r=g\",\"caption\":\"pvillanueva\"}}]}<\/script>\n<!-- \/ Yoast SEO plugin. -->","yoast_head_json":{"title":"A aceleradora BFAero escolle 28 proxectos finalistas do sector aeron\u00e1utico que optan \u00e1s sete prazas da s\u00faa terceira edici\u00f3n - Civil UAVs Initiative","robots":{"index":"index","follow":"follow","max-snippet":"max-snippet:-1","max-image-preview":"max-image-preview:large","max-video-preview":"max-video-preview:-1"},"canonical":"https:\/\/www.civiluavsinitiative.com\/la-aceleradora-bfaero-escoge-28-proyectos-finalistas-del-sector-aeronautico-que-optan-a-las-siete-plazas-de-su-tercera-edicion\/","og_locale":"gl_ES","og_type":"article","og_title":"A aceleradora BFAero escolle 28 proxectos finalistas do sector aeron\u00e1utico que optan \u00e1s sete prazas da s\u00faa terceira edici\u00f3n - Civil UAVs Initiative","og_description":"O Comit\u00e9 Executivo do programa impulsado pola Xunta de Galicia anunciar\u00e1 as sete candidaturas ga\u00f1adoras o vindeiro 1 de decembro Galicia \u00e9 a comunidade aut\u00f3noma que m\u00e1is proxectos achega nesta fase final, con dez iniciativas; seguida por Madrid, con sete; e Catalu\u00f1a e a Comunidade Valenciana, con tres Destacan os proxectos relacionados coas tecnolox\u00edas habilitadoras [&hellip;]","og_url":"https:\/\/www.civiluavsinitiative.com\/la-aceleradora-bfaero-escoge-28-proyectos-finalistas-del-sector-aeronautico-que-optan-a-las-siete-plazas-de-su-tercera-edicion\/","og_site_name":"Civil UAVs Initiative","article_published_time":"2020-11-26T10:52:52+00:00","article_modified_time":"2021-02-02T10:54:01+00:00","og_image":[{"width":809,"height":403,"url":"https:\/\/www.civiluavsinitiative.com\/wp-content\/uploads\/2020\/07\/BFAero.jpg","type":"image\/jpeg"}],"author":"pvillanueva","twitter_card":"summary_large_image","twitter_misc":{"Escrito por":"pvillanueva","Tempo de lectura":"3 minutos"},"schema":{"@context":"https:\/\/schema.org","@graph":[{"@type":"WebPage","@id":"https:\/\/www.civiluavsinitiative.com\/la-aceleradora-bfaero-escoge-28-proyectos-finalistas-del-sector-aeronautico-que-optan-a-las-siete-plazas-de-su-tercera-edicion\/","url":"https:\/\/www.civiluavsinitiative.com\/la-aceleradora-bfaero-escoge-28-proyectos-finalistas-del-sector-aeronautico-que-optan-a-las-siete-plazas-de-su-tercera-edicion\/","name":"A aceleradora BFAero escolle 28 proxectos finalistas do sector aeron\u00e1utico que optan \u00e1s sete prazas da s\u00faa terceira edici\u00f3n - Civil UAVs Initiative","isPartOf":{"@id":"https:\/\/www.civiluavsinitiative.com\/#website"},"datePublished":"2020-11-26T10:52:52+00:00","dateModified":"2021-02-02T10:54:01+00:00","author":{"@id":"https:\/\/www.civiluavsinitiative.com\/#\/schema\/person\/58af028627c8c00ec53ba6f40d2f9bac"},"breadcrumb":{"@id":"https:\/\/www.civiluavsinitiative.com\/la-aceleradora-bfaero-escoge-28-proyectos-finalistas-del-sector-aeronautico-que-optan-a-las-siete-plazas-de-su-tercera-edicion\/#breadcrumb"},"inLanguage":"gl-ES","potentialAction":[{"@type":"ReadAction","target":["https:\/\/www.civiluavsinitiative.com\/la-aceleradora-bfaero-escoge-28-proyectos-finalistas-del-sector-aeronautico-que-optan-a-las-siete-plazas-de-su-tercera-edicion\/"]}]},{"@type":"BreadcrumbList","@id":"https:\/\/www.civiluavsinitiative.com\/la-aceleradora-bfaero-escoge-28-proyectos-finalistas-del-sector-aeronautico-que-optan-a-las-siete-plazas-de-su-tercera-edicion\/#breadcrumb","itemListElement":[{"@type":"ListItem","position":1,"name":"Home","item":"https:\/\/www.civiluavsinitiative.com\/gl\/"},{"@type":"ListItem","position":2,"name":"A aceleradora BFAero escolle 28 proxectos finalistas do sector aeron\u00e1utico que optan \u00e1s sete prazas da s\u00faa terceira edici\u00f3n"}]},{"@type":"WebSite","@id":"https:\/\/www.civiluavsinitiative.com\/#website","url":"https:\/\/www.civiluavsinitiative.com\/","name":"Civil UAVs Initiative","description":"Civil UAVs Initiative, favorece y fomenta el emprendimiento innovador, con el fin de atraer y retener en Galicia talento en el sector aeroespacial.","potentialAction":[{"@type":"SearchAction","target":{"@type":"EntryPoint","urlTemplate":"https:\/\/www.civiluavsinitiative.com\/?s={search_term_string}"},"query-input":"required name=search_term_string"}],"inLanguage":"gl-ES"},{"@type":"Person","@id":"https:\/\/www.civiluavsinitiative.com\/#\/schema\/person\/58af028627c8c00ec53ba6f40d2f9bac","name":"pvillanueva","image":{"@type":"ImageObject","inLanguage":"gl-ES","@id":"https:\/\/www.civiluavsinitiative.com\/#\/schema\/person\/image\/","url":"https:\/\/secure.gravatar.com\/avatar\/26c228395505196df76a7de2e9ed4de6?s=96&d=mm&r=g","contentUrl":"https:\/\/secure.gravatar.com\/avatar\/26c228395505196df76a7de2e9ed4de6?s=96&d=mm&r=g","caption":"pvillanueva"}}]}},"_links":{"self":[{"href":"https:\/\/www.civiluavsinitiative.com\/gl\/wp-json\/wp\/v2\/posts\/36583"}],"collection":[{"href":"https:\/\/www.civiluavsinitiative.com\/gl\/wp-json\/wp\/v2\/posts"}],"about":[{"href":"https:\/\/www.civiluavsinitiative.com\/gl\/wp-json\/wp\/v2\/types\/post"}],"author":[{"embeddable":true,"href":"https:\/\/www.civiluavsinitiative.com\/gl\/wp-json\/wp\/v2\/users\/3"}],"replies":[{"embeddable":true,"href":"https:\/\/www.civiluavsinitiative.com\/gl\/wp-json\/wp\/v2\/comments?post=36583"}],"version-history":[{"count":2,"href":"https:\/\/www.civiluavsinitiative.com\/gl\/wp-json\/wp\/v2\/posts\/36583\/revisions"}],"predecessor-version":[{"id":36588,"href":"https:\/\/www.civiluavsinitiative.com\/gl\/wp-json\/wp\/v2\/posts\/36583\/revisions\/36588"}],"wp:featuredmedia":[{"embeddable":true,"href":"https:\/\/www.civiluavsinitiative.com\/gl\/wp-json\/wp\/v2\/media\/35069"}],"wp:attachment":[{"href":"https:\/\/www.civiluavsinitiative.com\/gl\/wp-json\/wp\/v2\/media?parent=36583"}],"wp:term":[{"taxonomy":"category","embeddable":true,"href":"https:\/\/www.civiluavsinitiative.com\/gl\/wp-json\/wp\/v2\/categories?post=36583"},{"taxonomy":"post_tag","embeddable":true,"href":"https:\/\/www.civiluavsinitiative.com\/gl\/wp-json\/wp\/v2\/tags?post=36583"}],"curies":[{"name":"wp","href":"https:\/\/api.w.org\/{rel}","templated":true}]}}