{"id":36556,"date":"2020-12-17T11:14:56","date_gmt":"2020-12-17T10:14:56","guid":{"rendered":"https:\/\/www.civiluavsinitiative.com\/?p=36556"},"modified":"2021-02-02T11:15:29","modified_gmt":"2021-02-02T10:15:29","slug":"a-xunta-aposta-pola-tecnoloxia-de-vangarda-para-avanzar-na-integracion-dos-vehiculos-aereos-non-tripulados-no-futuro-da-mobilidade-sostible","status":"publish","type":"post","link":"https:\/\/www.civiluavsinitiative.com\/gl\/a-xunta-aposta-pola-tecnoloxia-de-vangarda-para-avanzar-na-integracion-dos-vehiculos-aereos-non-tripulados-no-futuro-da-mobilidade-sostible\/","title":{"rendered":"A Xunta aposta pola tecnolox\u00eda de vangarda para avanzar na integraci\u00f3n dos veh\u00edculos a\u00e9reos non tripulados no futuro da mobilidade sostible"},"content":{"rendered":"<ul>\n<li><strong><em>A directora da Axencia Galega de Innovaci\u00f3n (Gain) Patricia Argerey, participou nunha mesa de debate organizado polo colectivo\u00a0Ellas Vuelan Alto<\/em><\/strong><\/li>\n<li><strong><em>Sinala que no marco do <\/em><\/strong><strong><em>Polo Aeroespacial de Galicia, trab\u00e1llase nos grandes retos da seguridade no uso de drons, a trav\u00e9s do proxecto Galician Skyway ou a pr\u00f3xima licitaci\u00f3n dun entorno de simulaci\u00f3n U-Space en Rozas<\/em><\/strong><\/li>\n<\/ul>\n<p><strong>\u00a0<\/strong><\/p>\n<p><strong>Lugo, 17<\/strong><strong> de decembro de 2020<\/strong>.- A directora da Axencia Galega de Innovaci\u00f3n (Gain), Patricia Argerey Vilar, participou esta tarde nunha mesa redonda sobre o futuro da mobilidade urbana sostible organizada polo colectivo \u201cEllas vuelan alto\u201d que integra a mulleres expertas e de referencia no sector aeroespacial.<\/p>\n<p>Na s\u00faa intervenci\u00f3n, Argerey apuntou que o uso extenso dos drons para o transporte de mercador\u00edas ou de persoas nas cidades precisa dun avance moi relevante, tanto a nivel de tecnolox\u00eda como de regulaci\u00f3n que afecta ao uso do espazo a\u00e9reo. No entanto, a directora de Gain informou de que desde a Xunta se est\u00e1 a traballar para dotar a Galicia dunha infraestrutura \u00fanica para facilitar un entorno seguro de probas que permita avanzar de xeito paralelo tanto a nivel de tecnolox\u00eda como de regulaci\u00f3n.<\/p>\n<p>En concreto, a directora da Axencia Galega de Innovaci\u00f3n destacou o proxecto <em>Galician Skyway<\/em>, que acaba de rematar, e no que a Xunta e Boeing traballaron conxuntamente no marco do Polo Aeroespacial de Galicia no desenvolvemento de soluci\u00f3ns tecnol\u00f3xicas para avanzar na xesti\u00f3n e seguridade do tr\u00e1fico de drons en espazos a\u00e9reos compartidos. Este proxecto achega soluci\u00f3ns a situaci\u00f3ns clave identificadas neste \u00e1mbito que son fundamentais para o despegue definitivo do segmento dos UAV. Entre os fitos acadados neste proxecto destaca a instalaci\u00f3n en Rozas dun laboratorio de simulaci\u00f3n de continxencias en voo para UAV, que sit\u00faa ao Centro de Investigaci\u00f3n Aeroportada de Rozas (CIAR) como unha infraestrutura cient\u00edfico-tecnol\u00f3xica de referencia no \u00e1mbito da I+D+i en veh\u00edculos non tripulados.<\/p>\n<p>Para complementar esta infraestrutura, o Centro para el Desarrollo Tecnol\u00f3gico Industrial (CDTI) lanzar\u00e1 proximamente unha licitaci\u00f3n para dotar a Rozas dun simulador de xesti\u00f3n de tr\u00e1fico a\u00e9reo U-Space. O concepto U-Space ref\u00edrese ao sistema de xesti\u00f3n de tr\u00e1fico a\u00e9reo non tripulado dese\u00f1ado pola Uni\u00f3n Europea para dar resposta aos novos paradigmas do transporte urbano. O conxunto de infraestruturas de simulaci\u00f3n das que se dotar\u00e1 o CIAR permitir\u00e1n operar ao centro como unha infraestrutura de referencia de soporte ao desenvolvemento en paralelo da tecnolox\u00eda e da regulaci\u00f3n co obxectivo de ampliar o mercado de usos civ\u00eds dos drons e acelerar a xeraci\u00f3n de actividade econ\u00f3mica e industrial arredor deste sector.<\/p>\n<p>Argerey anunciou que estes proxectos ter\u00e1n continuidade no pr\u00f3ximos cinco anos a trav\u00e9s dun novo per\u00edodo de programaci\u00f3n do Polo Aeroespacial de Galicia que, cunha previsi\u00f3n de investimento p\u00fablico-privado de m\u00e1is de 160 mill\u00f3ns de euros, tratar\u00e1 de transformar os resultados tecnol\u00f3xicos acadados en desenvolvemento industrial e crecemento econ\u00f3mico a longo prazo.<\/p>\n<p>A directora de Gain tam\u00e9n puntualizou que os retos da mobilidade non se circunscriben exclusivamente \u00e1 contorna urbana, sen\u00f3n que no \u00e1mbito rural tam\u00e9n atopamos desaf\u00edos importantes como o transporte de paqueter\u00eda ou a asistencia m\u00e9dica. Por \u00faltimo, apuntou que Galicia est\u00e1 a traballar xa nos proxectos para captar fondos europeos Next Generation, entre os que te\u00f1en un papel protagonista o sector aeroespacial e a mobilidade sustentable.<\/p>\n<p><a href=\"https:\/\/www.civiluavsinitiative.com\/wp-content\/uploads\/2021\/02\/20201217NPGainEllasVuelanAlto-GAL.pdf\">Descargar artigo<\/a><\/p>\n","protected":false},"excerpt":{"rendered":"<p>A directora da Axencia Galega de Innovaci\u00f3n (Gain) Patricia Argerey, participou nunha mesa de debate organizado polo colectivo\u00a0Ellas Vuelan Alto Sinala que no marco do Polo Aeroespacial de Galicia, trab\u00e1llase nos grandes retos da seguridade no uso de drons, a trav\u00e9s do proxecto Galician Skyway ou a pr\u00f3xima licitaci\u00f3n dun entorno de simulaci\u00f3n U-Space en [&hellip;]<\/p>\n","protected":false},"author":3,"featured_media":36405,"comment_status":"open","ping_status":"open","sticky":false,"template":"","format":"standard","meta":{"_et_pb_use_builder":"","_et_pb_old_content":"","_et_gb_content_width":""},"categories":[150],"tags":[],"acf":[],"yoast_head":"<!-- This site is optimized with the Yoast SEO plugin v20.9 - https:\/\/yoast.com\/wordpress\/plugins\/seo\/ -->\n<title>A Xunta aposta pola tecnolox\u00eda de vangarda para avanzar na integraci\u00f3n dos veh\u00edculos a\u00e9reos non tripulados no futuro da mobilidade sostible - Civil UAVs Initiative<\/title>\n<meta name=\"robots\" content=\"index, follow, max-snippet:-1, max-image-preview:large, max-video-preview:-1\" \/>\n<link rel=\"canonical\" href=\"https:\/\/www.civiluavsinitiative.com\/la-xunta-apuesta-por-la-tecnologia-de-vanguardia-para-avanzar-en-la-integracion-de-los-vehiculos-aereos-no-tripulados-en-el-futuro-de-la-movilidad-sostenible\/\" \/>\n<meta property=\"og:locale\" content=\"gl_ES\" \/>\n<meta property=\"og:type\" content=\"article\" \/>\n<meta property=\"og:title\" content=\"A Xunta aposta pola tecnolox\u00eda de vangarda para avanzar na integraci\u00f3n dos veh\u00edculos a\u00e9reos non tripulados no futuro da mobilidade sostible - Civil UAVs Initiative\" \/>\n<meta property=\"og:description\" content=\"A directora da Axencia Galega de Innovaci\u00f3n (Gain) Patricia Argerey, participou nunha mesa de debate organizado polo colectivo\u00a0Ellas Vuelan Alto Sinala que no marco do Polo Aeroespacial de Galicia, trab\u00e1llase nos grandes retos da seguridade no uso de drons, a trav\u00e9s do proxecto Galician Skyway ou a pr\u00f3xima licitaci\u00f3n dun entorno de simulaci\u00f3n U-Space en [&hellip;]\" \/>\n<meta property=\"og:url\" content=\"https:\/\/www.civiluavsinitiative.com\/la-xunta-apuesta-por-la-tecnologia-de-vanguardia-para-avanzar-en-la-integracion-de-los-vehiculos-aereos-no-tripulados-en-el-futuro-de-la-movilidad-sostenible\/\" \/>\n<meta property=\"og:site_name\" content=\"Civil UAVs Initiative\" \/>\n<meta property=\"article:published_time\" content=\"2020-12-17T10:14:56+00:00\" \/>\n<meta property=\"article:modified_time\" content=\"2021-02-02T10:15:29+00:00\" \/>\n<meta property=\"og:image\" content=\"https:\/\/www.civiluavsinitiative.com\/wp-content\/uploads\/2021\/02\/20201217GainEllasVuelanAlto.jpg\" \/>\n\t<meta property=\"og:image:width\" content=\"1600\" \/>\n\t<meta property=\"og:image:height\" content=\"1200\" \/>\n\t<meta property=\"og:image:type\" content=\"image\/jpeg\" \/>\n<meta name=\"author\" content=\"pvillanueva\" \/>\n<meta name=\"twitter:card\" content=\"summary_large_image\" \/>\n<meta name=\"twitter:label1\" content=\"Escrito por\" \/>\n\t<meta name=\"twitter:data1\" content=\"pvillanueva\" \/>\n\t<meta name=\"twitter:label2\" content=\"Tempo de lectura\" \/>\n\t<meta name=\"twitter:data2\" content=\"3 minutos\" \/>\n<script type=\"application\/ld+json\" class=\"yoast-schema-graph\">{\"@context\":\"https:\/\/schema.org\",\"@graph\":[{\"@type\":\"WebPage\",\"@id\":\"https:\/\/www.civiluavsinitiative.com\/la-xunta-apuesta-por-la-tecnologia-de-vanguardia-para-avanzar-en-la-integracion-de-los-vehiculos-aereos-no-tripulados-en-el-futuro-de-la-movilidad-sostenible\/\",\"url\":\"https:\/\/www.civiluavsinitiative.com\/la-xunta-apuesta-por-la-tecnologia-de-vanguardia-para-avanzar-en-la-integracion-de-los-vehiculos-aereos-no-tripulados-en-el-futuro-de-la-movilidad-sostenible\/\",\"name\":\"A Xunta aposta pola tecnolox\u00eda de vangarda para avanzar na integraci\u00f3n dos veh\u00edculos a\u00e9reos non tripulados no futuro da mobilidade sostible - Civil UAVs Initiative\",\"isPartOf\":{\"@id\":\"https:\/\/www.civiluavsinitiative.com\/#website\"},\"datePublished\":\"2020-12-17T10:14:56+00:00\",\"dateModified\":\"2021-02-02T10:15:29+00:00\",\"author\":{\"@id\":\"https:\/\/www.civiluavsinitiative.com\/#\/schema\/person\/58af028627c8c00ec53ba6f40d2f9bac\"},\"breadcrumb\":{\"@id\":\"https:\/\/www.civiluavsinitiative.com\/la-xunta-apuesta-por-la-tecnologia-de-vanguardia-para-avanzar-en-la-integracion-de-los-vehiculos-aereos-no-tripulados-en-el-futuro-de-la-movilidad-sostenible\/#breadcrumb\"},\"inLanguage\":\"gl-ES\",\"potentialAction\":[{\"@type\":\"ReadAction\",\"target\":[\"https:\/\/www.civiluavsinitiative.com\/la-xunta-apuesta-por-la-tecnologia-de-vanguardia-para-avanzar-en-la-integracion-de-los-vehiculos-aereos-no-tripulados-en-el-futuro-de-la-movilidad-sostenible\/\"]}]},{\"@type\":\"BreadcrumbList\",\"@id\":\"https:\/\/www.civiluavsinitiative.com\/la-xunta-apuesta-por-la-tecnologia-de-vanguardia-para-avanzar-en-la-integracion-de-los-vehiculos-aereos-no-tripulados-en-el-futuro-de-la-movilidad-sostenible\/#breadcrumb\",\"itemListElement\":[{\"@type\":\"ListItem\",\"position\":1,\"name\":\"Home\",\"item\":\"https:\/\/www.civiluavsinitiative.com\/gl\/\"},{\"@type\":\"ListItem\",\"position\":2,\"name\":\"A Xunta aposta pola tecnolox\u00eda de vangarda para avanzar na integraci\u00f3n dos veh\u00edculos a\u00e9reos non tripulados no futuro da mobilidade sostible\"}]},{\"@type\":\"WebSite\",\"@id\":\"https:\/\/www.civiluavsinitiative.com\/#website\",\"url\":\"https:\/\/www.civiluavsinitiative.com\/\",\"name\":\"Civil UAVs Initiative\",\"description\":\"Civil UAVs Initiative, favorece y fomenta el emprendimiento innovador, con el fin de atraer y retener en Galicia talento en el sector aeroespacial.\",\"potentialAction\":[{\"@type\":\"SearchAction\",\"target\":{\"@type\":\"EntryPoint\",\"urlTemplate\":\"https:\/\/www.civiluavsinitiative.com\/?s={search_term_string}\"},\"query-input\":\"required name=search_term_string\"}],\"inLanguage\":\"gl-ES\"},{\"@type\":\"Person\",\"@id\":\"https:\/\/www.civiluavsinitiative.com\/#\/schema\/person\/58af028627c8c00ec53ba6f40d2f9bac\",\"name\":\"pvillanueva\",\"image\":{\"@type\":\"ImageObject\",\"inLanguage\":\"gl-ES\",\"@id\":\"https:\/\/www.civiluavsinitiative.com\/#\/schema\/person\/image\/\",\"url\":\"https:\/\/secure.gravatar.com\/avatar\/26c228395505196df76a7de2e9ed4de6?s=96&d=mm&r=g\",\"contentUrl\":\"https:\/\/secure.gravatar.com\/avatar\/26c228395505196df76a7de2e9ed4de6?s=96&d=mm&r=g\",\"caption\":\"pvillanueva\"}}]}<\/script>\n<!-- \/ Yoast SEO plugin. -->","yoast_head_json":{"title":"A Xunta aposta pola tecnolox\u00eda de vangarda para avanzar na integraci\u00f3n dos veh\u00edculos a\u00e9reos non tripulados no futuro da mobilidade sostible - Civil UAVs Initiative","robots":{"index":"index","follow":"follow","max-snippet":"max-snippet:-1","max-image-preview":"max-image-preview:large","max-video-preview":"max-video-preview:-1"},"canonical":"https:\/\/www.civiluavsinitiative.com\/la-xunta-apuesta-por-la-tecnologia-de-vanguardia-para-avanzar-en-la-integracion-de-los-vehiculos-aereos-no-tripulados-en-el-futuro-de-la-movilidad-sostenible\/","og_locale":"gl_ES","og_type":"article","og_title":"A Xunta aposta pola tecnolox\u00eda de vangarda para avanzar na integraci\u00f3n dos veh\u00edculos a\u00e9reos non tripulados no futuro da mobilidade sostible - Civil UAVs Initiative","og_description":"A directora da Axencia Galega de Innovaci\u00f3n (Gain) Patricia Argerey, participou nunha mesa de debate organizado polo colectivo\u00a0Ellas Vuelan Alto Sinala que no marco do Polo Aeroespacial de Galicia, trab\u00e1llase nos grandes retos da seguridade no uso de drons, a trav\u00e9s do proxecto Galician Skyway ou a pr\u00f3xima licitaci\u00f3n dun entorno de simulaci\u00f3n U-Space en [&hellip;]","og_url":"https:\/\/www.civiluavsinitiative.com\/la-xunta-apuesta-por-la-tecnologia-de-vanguardia-para-avanzar-en-la-integracion-de-los-vehiculos-aereos-no-tripulados-en-el-futuro-de-la-movilidad-sostenible\/","og_site_name":"Civil UAVs Initiative","article_published_time":"2020-12-17T10:14:56+00:00","article_modified_time":"2021-02-02T10:15:29+00:00","og_image":[{"width":1600,"height":1200,"url":"https:\/\/www.civiluavsinitiative.com\/wp-content\/uploads\/2021\/02\/20201217GainEllasVuelanAlto.jpg","type":"image\/jpeg"}],"author":"pvillanueva","twitter_card":"summary_large_image","twitter_misc":{"Escrito por":"pvillanueva","Tempo de lectura":"3 minutos"},"schema":{"@context":"https:\/\/schema.org","@graph":[{"@type":"WebPage","@id":"https:\/\/www.civiluavsinitiative.com\/la-xunta-apuesta-por-la-tecnologia-de-vanguardia-para-avanzar-en-la-integracion-de-los-vehiculos-aereos-no-tripulados-en-el-futuro-de-la-movilidad-sostenible\/","url":"https:\/\/www.civiluavsinitiative.com\/la-xunta-apuesta-por-la-tecnologia-de-vanguardia-para-avanzar-en-la-integracion-de-los-vehiculos-aereos-no-tripulados-en-el-futuro-de-la-movilidad-sostenible\/","name":"A Xunta aposta pola tecnolox\u00eda de vangarda para avanzar na integraci\u00f3n dos veh\u00edculos a\u00e9reos non tripulados no futuro da mobilidade sostible - Civil UAVs Initiative","isPartOf":{"@id":"https:\/\/www.civiluavsinitiative.com\/#website"},"datePublished":"2020-12-17T10:14:56+00:00","dateModified":"2021-02-02T10:15:29+00:00","author":{"@id":"https:\/\/www.civiluavsinitiative.com\/#\/schema\/person\/58af028627c8c00ec53ba6f40d2f9bac"},"breadcrumb":{"@id":"https:\/\/www.civiluavsinitiative.com\/la-xunta-apuesta-por-la-tecnologia-de-vanguardia-para-avanzar-en-la-integracion-de-los-vehiculos-aereos-no-tripulados-en-el-futuro-de-la-movilidad-sostenible\/#breadcrumb"},"inLanguage":"gl-ES","potentialAction":[{"@type":"ReadAction","target":["https:\/\/www.civiluavsinitiative.com\/la-xunta-apuesta-por-la-tecnologia-de-vanguardia-para-avanzar-en-la-integracion-de-los-vehiculos-aereos-no-tripulados-en-el-futuro-de-la-movilidad-sostenible\/"]}]},{"@type":"BreadcrumbList","@id":"https:\/\/www.civiluavsinitiative.com\/la-xunta-apuesta-por-la-tecnologia-de-vanguardia-para-avanzar-en-la-integracion-de-los-vehiculos-aereos-no-tripulados-en-el-futuro-de-la-movilidad-sostenible\/#breadcrumb","itemListElement":[{"@type":"ListItem","position":1,"name":"Home","item":"https:\/\/www.civiluavsinitiative.com\/gl\/"},{"@type":"ListItem","position":2,"name":"A Xunta aposta pola tecnolox\u00eda de vangarda para avanzar na integraci\u00f3n dos veh\u00edculos a\u00e9reos non tripulados no futuro da mobilidade sostible"}]},{"@type":"WebSite","@id":"https:\/\/www.civiluavsinitiative.com\/#website","url":"https:\/\/www.civiluavsinitiative.com\/","name":"Civil UAVs Initiative","description":"Civil UAVs Initiative, favorece y fomenta el emprendimiento innovador, con el fin de atraer y retener en Galicia talento en el sector aeroespacial.","potentialAction":[{"@type":"SearchAction","target":{"@type":"EntryPoint","urlTemplate":"https:\/\/www.civiluavsinitiative.com\/?s={search_term_string}"},"query-input":"required name=search_term_string"}],"inLanguage":"gl-ES"},{"@type":"Person","@id":"https:\/\/www.civiluavsinitiative.com\/#\/schema\/person\/58af028627c8c00ec53ba6f40d2f9bac","name":"pvillanueva","image":{"@type":"ImageObject","inLanguage":"gl-ES","@id":"https:\/\/www.civiluavsinitiative.com\/#\/schema\/person\/image\/","url":"https:\/\/secure.gravatar.com\/avatar\/26c228395505196df76a7de2e9ed4de6?s=96&d=mm&r=g","contentUrl":"https:\/\/secure.gravatar.com\/avatar\/26c228395505196df76a7de2e9ed4de6?s=96&d=mm&r=g","caption":"pvillanueva"}}]}},"_links":{"self":[{"href":"https:\/\/www.civiluavsinitiative.com\/gl\/wp-json\/wp\/v2\/posts\/36556"}],"collection":[{"href":"https:\/\/www.civiluavsinitiative.com\/gl\/wp-json\/wp\/v2\/posts"}],"about":[{"href":"https:\/\/www.civiluavsinitiative.com\/gl\/wp-json\/wp\/v2\/types\/post"}],"author":[{"embeddable":true,"href":"https:\/\/www.civiluavsinitiative.com\/gl\/wp-json\/wp\/v2\/users\/3"}],"replies":[{"embeddable":true,"href":"https:\/\/www.civiluavsinitiative.com\/gl\/wp-json\/wp\/v2\/comments?post=36556"}],"version-history":[{"count":1,"href":"https:\/\/www.civiluavsinitiative.com\/gl\/wp-json\/wp\/v2\/posts\/36556\/revisions"}],"predecessor-version":[{"id":36560,"href":"https:\/\/www.civiluavsinitiative.com\/gl\/wp-json\/wp\/v2\/posts\/36556\/revisions\/36560"}],"wp:featuredmedia":[{"embeddable":true,"href":"https:\/\/www.civiluavsinitiative.com\/gl\/wp-json\/wp\/v2\/media\/36405"}],"wp:attachment":[{"href":"https:\/\/www.civiluavsinitiative.com\/gl\/wp-json\/wp\/v2\/media?parent=36556"}],"wp:term":[{"taxonomy":"category","embeddable":true,"href":"https:\/\/www.civiluavsinitiative.com\/gl\/wp-json\/wp\/v2\/categories?post=36556"},{"taxonomy":"post_tag","embeddable":true,"href":"https:\/\/www.civiluavsinitiative.com\/gl\/wp-json\/wp\/v2\/tags?post=36556"}],"curies":[{"name":"wp","href":"https:\/\/api.w.org\/{rel}","templated":true}]}}