{"id":36543,"date":"2021-01-18T10:50:25","date_gmt":"2021-01-18T09:50:25","guid":{"rendered":"https:\/\/www.civiluavsinitiative.com\/?p=36543"},"modified":"2021-02-02T10:50:40","modified_gmt":"2021-02-02T09:50:40","slug":"conde-afirma-que-o-principal-obxectivo-do-polo-aeroespacial-de-galicia-2025-e-crear-tecido-industrial-ao-redor-deste-sector","status":"publish","type":"post","link":"https:\/\/www.civiluavsinitiative.com\/gl\/conde-afirma-que-o-principal-obxectivo-do-polo-aeroespacial-de-galicia-2025-e-crear-tecido-industrial-ao-redor-deste-sector\/","title":{"rendered":"Conde afirma que o principal obxectivo do Polo Aeroespacial de Galicia 2025 \u00e9 crear tecido industrial ao redor deste sector"},"content":{"rendered":"<ul>\n<li><strong><em>O vicepresidente econ\u00f3mico e conselleiro de Econom\u00eda, Empresa e Innovaci\u00f3n, Francisco Conde, participou esta ma\u00f1\u00e1 na reuni\u00f3n do Consello Asesor da Civil UAVs Initiative<\/em><\/strong><\/li>\n<li><strong><em>Explicou que durante os dous vindeiros anos desenvolverase unha infraestrutura \u00fanica para avanzar no regulamento do sector a trav\u00e9s da simulaci\u00f3n e dun laboratorio 5G<\/em><\/strong><\/li>\n<li><strong><em>O Polo, que xa leva mobilizado 164M\u20ac, busca nesta nova etapa crear a Galicia das pr\u00f3ximas xeraci\u00f3ns mantendo a aposta pola colaboraci\u00f3n p\u00fablico-privada<\/em><\/strong><\/li>\n<li><strong><em>A Xunta aspira a captar fondos europeos Next Generation para os novos retos da industria aeroespacial en Galicia<\/em><\/strong><\/li>\n<\/ul>\n<p><strong>\u00a0<\/strong><\/p>\n<p><strong>Santiago de Compostela, 18 de xaneiro de 2020<\/strong>.- O vicepresidente econ\u00f3mico e conselleiro de Econom\u00eda, Empresa e Innovaci\u00f3n, Francisco Conde, participou esta ma\u00f1\u00e1 no Consello Asesor da Civil UAVs Initiative, no que asegurou que o principal obxectivo do Polo Aeroespacial de Galicia 2025 \u00e9 crear tecido industrial ao redor deste sector.<\/p>\n<p>Conde, que subli\u00f1ou a importancia da colaboraci\u00f3n p\u00fablico-privada desta iniciativa, agradeceu a s\u00faa implicaci\u00f3n a todos os organismos, empresas, asociaci\u00f3ns e colexios profesionais que forman parte e apoian este polo pioneiro en Espa\u00f1a no eido da industria aeroespacial. Destacou, ademais, que se trata dunha infraestrutura \u00fanica polo seu tama\u00f1o, especializaci\u00f3n, equipamento e pola s\u00faa capacidade de crecemento.<\/p>\n<p>As\u00ed, o vicepresidente econ\u00f3mico explicou que \u00e9 o momento de dar o salto de cualidade e, por iso, sinalou que Rozas \u00e9 un dos grandes proxectos tractores que Galicia xa presentou para optar aos fondos europeos Next Generation, estruturados en sete programas e 30 actuaci\u00f3ns que comezar\u00e1n a executarse neste primeiro trimestre de 2021.<\/p>\n<p>Seguirase apostando, desde o punto de vista tecnol\u00f3xico, polas empresas na identificaci\u00f3n das li\u00f1as tecnol\u00f3xicas de interese, pero tam\u00e9n se crear\u00e1n novos instrumentos de financiamento para investigaci\u00f3ns das universidades e centros de co\u00f1ecemento e tecnol\u00f3xicos; no eido dos mercados, desenvolverase un programa de Compra Privada de Innovaci\u00f3n; e desde o punto de vista regulatorio (a nova figura do sandbox regulatorio) e da seguridade xur\u00eddica, farase de Rozas un lugar de referencia para a experimentaci\u00f3n das novas tecnolox\u00edas que atendan estas demandas do mercado e a s\u00faa viabilidade nun entorno real. Neste sentido, o polo axi\u00f1a contar\u00e1 cun entorno de simulaci\u00f3n grazas \u00e1 colaboraci\u00f3n do Centro para el Desarrollo Tecnol\u00f3gico e Industrial (CDTI) e mais un laboratorio 5G \u2013a previsi\u00f3n \u00e9 poder desenvolver amabas as d\u00faas iniciativas nos dous pr\u00f3ximos anos\u2013.<\/p>\n<p>Conde lembrou que o Polo Aeroespacial de Galicia xa mobilizou un investimento de 164M\u20ac, case 10 veces m\u00e1is que o inicialmente previsto; executou 59 proxectos de I+D e infraestruturas para veh\u00edculos a\u00e9reos non tripulados; contou co traballo de 800 profesionais de toda Espa\u00f1a; propiciou a creaci\u00f3n de cinco novas empresas en Galicia; puxo en macha unha Business Factory Aero na que xa se incubaron ou aceleraron 19 proxectos empresariais; e identific\u00e1ronse 430 soluci\u00f3ns tecnol\u00f3xicas, produtos ou procesos, dos que seis est\u00e1n preparados para o seu despegue inmediato nos servizos da Xunta de Galicia. Son servizos p\u00fablicos como o control da calidade da auga, a produci\u00f3n de cartograf\u00eda para a xesti\u00f3n do territorio, os servizos de protecci\u00f3n de incendios ou o control de pragas forestais.<\/p>\n<p>Conde finalizou asegurando que o traballo feito e os proxectos que se van po\u00f1er en marcha permiten facer do Polo Aeroespacial de Galicia un proxecto transxeracional que busca crear a Galicia das vindeiras xeraci\u00f3ns ofrecendo emprego de calidade, empresas competitivas e a participaci\u00f3n desde Galicia nas grandes tendencias e retos globais.<\/p>\n<p><a href=\"https:\/\/www.civiluavsinitiative.com\/wp-content\/uploads\/2021\/01\/20200118NPCondeCUI-GAL.pdf\">Descargar artigo<\/a><\/p>\n","protected":false},"excerpt":{"rendered":"<p>O vicepresidente econ\u00f3mico e conselleiro de Econom\u00eda, Empresa e Innovaci\u00f3n, Francisco Conde, participou esta ma\u00f1\u00e1 na reuni\u00f3n do Consello Asesor da Civil UAVs Initiative Explicou que durante os dous vindeiros anos desenvolverase unha infraestrutura \u00fanica para avanzar no regulamento do sector a trav\u00e9s da simulaci\u00f3n e dun laboratorio 5G O Polo, que xa leva mobilizado [&hellip;]<\/p>\n","protected":false},"author":3,"featured_media":36400,"comment_status":"open","ping_status":"open","sticky":false,"template":"","format":"standard","meta":{"_et_pb_use_builder":"","_et_pb_old_content":"","_et_gb_content_width":""},"categories":[150],"tags":[],"acf":[],"yoast_head":"<!-- This site is optimized with the Yoast SEO plugin v20.9 - https:\/\/yoast.com\/wordpress\/plugins\/seo\/ -->\n<title>Conde afirma que o principal obxectivo do Polo Aeroespacial de Galicia 2025 \u00e9 crear tecido industrial ao redor deste sector - Civil UAVs Initiative<\/title>\n<meta name=\"robots\" content=\"index, follow, max-snippet:-1, max-image-preview:large, max-video-preview:-1\" \/>\n<link rel=\"canonical\" href=\"https:\/\/www.civiluavsinitiative.com\/conde-afirma-que-el-principal-objetivo-del-polo-aeroespacial-de-galicia-2025-es-crear-tejido-industrial-alrededor-de-este-sector\/\" \/>\n<meta property=\"og:locale\" content=\"gl_ES\" \/>\n<meta property=\"og:type\" content=\"article\" \/>\n<meta property=\"og:title\" content=\"Conde afirma que o principal obxectivo do Polo Aeroespacial de Galicia 2025 \u00e9 crear tecido industrial ao redor deste sector - Civil UAVs Initiative\" \/>\n<meta property=\"og:description\" content=\"O vicepresidente econ\u00f3mico e conselleiro de Econom\u00eda, Empresa e Innovaci\u00f3n, Francisco Conde, participou esta ma\u00f1\u00e1 na reuni\u00f3n do Consello Asesor da Civil UAVs Initiative Explicou que durante os dous vindeiros anos desenvolverase unha infraestrutura \u00fanica para avanzar no regulamento do sector a trav\u00e9s da simulaci\u00f3n e dun laboratorio 5G O Polo, que xa leva mobilizado [&hellip;]\" \/>\n<meta property=\"og:url\" content=\"https:\/\/www.civiluavsinitiative.com\/conde-afirma-que-el-principal-objetivo-del-polo-aeroespacial-de-galicia-2025-es-crear-tejido-industrial-alrededor-de-este-sector\/\" \/>\n<meta property=\"og:site_name\" content=\"Civil UAVs Initiative\" \/>\n<meta property=\"article:published_time\" content=\"2021-01-18T09:50:25+00:00\" \/>\n<meta property=\"article:modified_time\" content=\"2021-02-02T09:50:40+00:00\" \/>\n<meta property=\"og:image\" content=\"https:\/\/www.civiluavsinitiative.com\/wp-content\/uploads\/2021\/02\/Conde_Argerey-CUI.jpg\" \/>\n\t<meta property=\"og:image:width\" content=\"2729\" \/>\n\t<meta property=\"og:image:height\" content=\"1772\" \/>\n\t<meta property=\"og:image:type\" content=\"image\/jpeg\" \/>\n<meta name=\"author\" content=\"pvillanueva\" \/>\n<meta name=\"twitter:card\" content=\"summary_large_image\" \/>\n<meta name=\"twitter:label1\" content=\"Escrito por\" \/>\n\t<meta name=\"twitter:data1\" content=\"pvillanueva\" \/>\n\t<meta name=\"twitter:label2\" content=\"Tempo de lectura\" \/>\n\t<meta name=\"twitter:data2\" content=\"3 minutos\" \/>\n<script type=\"application\/ld+json\" class=\"yoast-schema-graph\">{\"@context\":\"https:\/\/schema.org\",\"@graph\":[{\"@type\":\"WebPage\",\"@id\":\"https:\/\/www.civiluavsinitiative.com\/conde-afirma-que-el-principal-objetivo-del-polo-aeroespacial-de-galicia-2025-es-crear-tejido-industrial-alrededor-de-este-sector\/\",\"url\":\"https:\/\/www.civiluavsinitiative.com\/conde-afirma-que-el-principal-objetivo-del-polo-aeroespacial-de-galicia-2025-es-crear-tejido-industrial-alrededor-de-este-sector\/\",\"name\":\"Conde afirma que o principal obxectivo do Polo Aeroespacial de Galicia 2025 \u00e9 crear tecido industrial ao redor deste sector - Civil UAVs Initiative\",\"isPartOf\":{\"@id\":\"https:\/\/www.civiluavsinitiative.com\/#website\"},\"datePublished\":\"2021-01-18T09:50:25+00:00\",\"dateModified\":\"2021-02-02T09:50:40+00:00\",\"author\":{\"@id\":\"https:\/\/www.civiluavsinitiative.com\/#\/schema\/person\/58af028627c8c00ec53ba6f40d2f9bac\"},\"breadcrumb\":{\"@id\":\"https:\/\/www.civiluavsinitiative.com\/conde-afirma-que-el-principal-objetivo-del-polo-aeroespacial-de-galicia-2025-es-crear-tejido-industrial-alrededor-de-este-sector\/#breadcrumb\"},\"inLanguage\":\"gl-ES\",\"potentialAction\":[{\"@type\":\"ReadAction\",\"target\":[\"https:\/\/www.civiluavsinitiative.com\/conde-afirma-que-el-principal-objetivo-del-polo-aeroespacial-de-galicia-2025-es-crear-tejido-industrial-alrededor-de-este-sector\/\"]}]},{\"@type\":\"BreadcrumbList\",\"@id\":\"https:\/\/www.civiluavsinitiative.com\/conde-afirma-que-el-principal-objetivo-del-polo-aeroespacial-de-galicia-2025-es-crear-tejido-industrial-alrededor-de-este-sector\/#breadcrumb\",\"itemListElement\":[{\"@type\":\"ListItem\",\"position\":1,\"name\":\"Home\",\"item\":\"https:\/\/www.civiluavsinitiative.com\/gl\/\"},{\"@type\":\"ListItem\",\"position\":2,\"name\":\"Conde afirma que o principal obxectivo do Polo Aeroespacial de Galicia 2025 \u00e9 crear tecido industrial ao redor deste sector\"}]},{\"@type\":\"WebSite\",\"@id\":\"https:\/\/www.civiluavsinitiative.com\/#website\",\"url\":\"https:\/\/www.civiluavsinitiative.com\/\",\"name\":\"Civil UAVs Initiative\",\"description\":\"Civil UAVs Initiative, favorece y fomenta el emprendimiento innovador, con el fin de atraer y retener en Galicia talento en el sector aeroespacial.\",\"potentialAction\":[{\"@type\":\"SearchAction\",\"target\":{\"@type\":\"EntryPoint\",\"urlTemplate\":\"https:\/\/www.civiluavsinitiative.com\/?s={search_term_string}\"},\"query-input\":\"required name=search_term_string\"}],\"inLanguage\":\"gl-ES\"},{\"@type\":\"Person\",\"@id\":\"https:\/\/www.civiluavsinitiative.com\/#\/schema\/person\/58af028627c8c00ec53ba6f40d2f9bac\",\"name\":\"pvillanueva\",\"image\":{\"@type\":\"ImageObject\",\"inLanguage\":\"gl-ES\",\"@id\":\"https:\/\/www.civiluavsinitiative.com\/#\/schema\/person\/image\/\",\"url\":\"https:\/\/secure.gravatar.com\/avatar\/26c228395505196df76a7de2e9ed4de6?s=96&d=mm&r=g\",\"contentUrl\":\"https:\/\/secure.gravatar.com\/avatar\/26c228395505196df76a7de2e9ed4de6?s=96&d=mm&r=g\",\"caption\":\"pvillanueva\"}}]}<\/script>\n<!-- \/ Yoast SEO plugin. -->","yoast_head_json":{"title":"Conde afirma que o principal obxectivo do Polo Aeroespacial de Galicia 2025 \u00e9 crear tecido industrial ao redor deste sector - Civil UAVs Initiative","robots":{"index":"index","follow":"follow","max-snippet":"max-snippet:-1","max-image-preview":"max-image-preview:large","max-video-preview":"max-video-preview:-1"},"canonical":"https:\/\/www.civiluavsinitiative.com\/conde-afirma-que-el-principal-objetivo-del-polo-aeroespacial-de-galicia-2025-es-crear-tejido-industrial-alrededor-de-este-sector\/","og_locale":"gl_ES","og_type":"article","og_title":"Conde afirma que o principal obxectivo do Polo Aeroespacial de Galicia 2025 \u00e9 crear tecido industrial ao redor deste sector - Civil UAVs Initiative","og_description":"O vicepresidente econ\u00f3mico e conselleiro de Econom\u00eda, Empresa e Innovaci\u00f3n, Francisco Conde, participou esta ma\u00f1\u00e1 na reuni\u00f3n do Consello Asesor da Civil UAVs Initiative Explicou que durante os dous vindeiros anos desenvolverase unha infraestrutura \u00fanica para avanzar no regulamento do sector a trav\u00e9s da simulaci\u00f3n e dun laboratorio 5G O Polo, que xa leva mobilizado [&hellip;]","og_url":"https:\/\/www.civiluavsinitiative.com\/conde-afirma-que-el-principal-objetivo-del-polo-aeroespacial-de-galicia-2025-es-crear-tejido-industrial-alrededor-de-este-sector\/","og_site_name":"Civil UAVs Initiative","article_published_time":"2021-01-18T09:50:25+00:00","article_modified_time":"2021-02-02T09:50:40+00:00","og_image":[{"width":2729,"height":1772,"url":"https:\/\/www.civiluavsinitiative.com\/wp-content\/uploads\/2021\/02\/Conde_Argerey-CUI.jpg","type":"image\/jpeg"}],"author":"pvillanueva","twitter_card":"summary_large_image","twitter_misc":{"Escrito por":"pvillanueva","Tempo de lectura":"3 minutos"},"schema":{"@context":"https:\/\/schema.org","@graph":[{"@type":"WebPage","@id":"https:\/\/www.civiluavsinitiative.com\/conde-afirma-que-el-principal-objetivo-del-polo-aeroespacial-de-galicia-2025-es-crear-tejido-industrial-alrededor-de-este-sector\/","url":"https:\/\/www.civiluavsinitiative.com\/conde-afirma-que-el-principal-objetivo-del-polo-aeroespacial-de-galicia-2025-es-crear-tejido-industrial-alrededor-de-este-sector\/","name":"Conde afirma que o principal obxectivo do Polo Aeroespacial de Galicia 2025 \u00e9 crear tecido industrial ao redor deste sector - Civil UAVs Initiative","isPartOf":{"@id":"https:\/\/www.civiluavsinitiative.com\/#website"},"datePublished":"2021-01-18T09:50:25+00:00","dateModified":"2021-02-02T09:50:40+00:00","author":{"@id":"https:\/\/www.civiluavsinitiative.com\/#\/schema\/person\/58af028627c8c00ec53ba6f40d2f9bac"},"breadcrumb":{"@id":"https:\/\/www.civiluavsinitiative.com\/conde-afirma-que-el-principal-objetivo-del-polo-aeroespacial-de-galicia-2025-es-crear-tejido-industrial-alrededor-de-este-sector\/#breadcrumb"},"inLanguage":"gl-ES","potentialAction":[{"@type":"ReadAction","target":["https:\/\/www.civiluavsinitiative.com\/conde-afirma-que-el-principal-objetivo-del-polo-aeroespacial-de-galicia-2025-es-crear-tejido-industrial-alrededor-de-este-sector\/"]}]},{"@type":"BreadcrumbList","@id":"https:\/\/www.civiluavsinitiative.com\/conde-afirma-que-el-principal-objetivo-del-polo-aeroespacial-de-galicia-2025-es-crear-tejido-industrial-alrededor-de-este-sector\/#breadcrumb","itemListElement":[{"@type":"ListItem","position":1,"name":"Home","item":"https:\/\/www.civiluavsinitiative.com\/gl\/"},{"@type":"ListItem","position":2,"name":"Conde afirma que o principal obxectivo do Polo Aeroespacial de Galicia 2025 \u00e9 crear tecido industrial ao redor deste sector"}]},{"@type":"WebSite","@id":"https:\/\/www.civiluavsinitiative.com\/#website","url":"https:\/\/www.civiluavsinitiative.com\/","name":"Civil UAVs Initiative","description":"Civil UAVs Initiative, favorece y fomenta el emprendimiento innovador, con el fin de atraer y retener en Galicia talento en el sector aeroespacial.","potentialAction":[{"@type":"SearchAction","target":{"@type":"EntryPoint","urlTemplate":"https:\/\/www.civiluavsinitiative.com\/?s={search_term_string}"},"query-input":"required name=search_term_string"}],"inLanguage":"gl-ES"},{"@type":"Person","@id":"https:\/\/www.civiluavsinitiative.com\/#\/schema\/person\/58af028627c8c00ec53ba6f40d2f9bac","name":"pvillanueva","image":{"@type":"ImageObject","inLanguage":"gl-ES","@id":"https:\/\/www.civiluavsinitiative.com\/#\/schema\/person\/image\/","url":"https:\/\/secure.gravatar.com\/avatar\/26c228395505196df76a7de2e9ed4de6?s=96&d=mm&r=g","contentUrl":"https:\/\/secure.gravatar.com\/avatar\/26c228395505196df76a7de2e9ed4de6?s=96&d=mm&r=g","caption":"pvillanueva"}}]}},"_links":{"self":[{"href":"https:\/\/www.civiluavsinitiative.com\/gl\/wp-json\/wp\/v2\/posts\/36543"}],"collection":[{"href":"https:\/\/www.civiluavsinitiative.com\/gl\/wp-json\/wp\/v2\/posts"}],"about":[{"href":"https:\/\/www.civiluavsinitiative.com\/gl\/wp-json\/wp\/v2\/types\/post"}],"author":[{"embeddable":true,"href":"https:\/\/www.civiluavsinitiative.com\/gl\/wp-json\/wp\/v2\/users\/3"}],"replies":[{"embeddable":true,"href":"https:\/\/www.civiluavsinitiative.com\/gl\/wp-json\/wp\/v2\/comments?post=36543"}],"version-history":[{"count":1,"href":"https:\/\/www.civiluavsinitiative.com\/gl\/wp-json\/wp\/v2\/posts\/36543\/revisions"}],"predecessor-version":[{"id":36544,"href":"https:\/\/www.civiluavsinitiative.com\/gl\/wp-json\/wp\/v2\/posts\/36543\/revisions\/36544"}],"wp:featuredmedia":[{"embeddable":true,"href":"https:\/\/www.civiluavsinitiative.com\/gl\/wp-json\/wp\/v2\/media\/36400"}],"wp:attachment":[{"href":"https:\/\/www.civiluavsinitiative.com\/gl\/wp-json\/wp\/v2\/media?parent=36543"}],"wp:term":[{"taxonomy":"category","embeddable":true,"href":"https:\/\/www.civiluavsinitiative.com\/gl\/wp-json\/wp\/v2\/categories?post=36543"},{"taxonomy":"post_tag","embeddable":true,"href":"https:\/\/www.civiluavsinitiative.com\/gl\/wp-json\/wp\/v2\/tags?post=36543"}],"curies":[{"name":"wp","href":"https:\/\/api.w.org\/{rel}","templated":true}]}}