{"id":36541,"date":"2021-01-24T10:44:16","date_gmt":"2021-01-24T09:44:16","guid":{"rendered":"https:\/\/www.civiluavsinitiative.com\/?p=36541"},"modified":"2021-02-02T16:23:23","modified_gmt":"2021-02-02T15:23:23","slug":"a-xunta-confia-en-que-os-fondos-europeos-next-generation-permitan-afianzar-os-grandes-proxectos-do-polo-aeroespacial-de-galicia-para-os-vindeiros-cinco-anos","status":"publish","type":"post","link":"https:\/\/www.civiluavsinitiative.com\/gl\/a-xunta-confia-en-que-os-fondos-europeos-next-generation-permitan-afianzar-os-grandes-proxectos-do-polo-aeroespacial-de-galicia-para-os-vindeiros-cinco-anos\/","title":{"rendered":"A Xunta conf\u00eda en que os fondos europeos Next Generation permitan afianzar os grandes proxectos do Polo Aeroespacial de Galicia para os vindeiros cinco anos"},"content":{"rendered":"<ul>\n<li><strong><em>Lembra que o Polo Aeroespacial de Galicia \u00e9 un dos proxectos tractores que conforman a candidatura galega para optar a estas axudas europeas<\/em><\/strong><strong><em> co obxectivo de seguir avanzando <\/em><\/strong><strong><em>sobre tres piares: o tecnol\u00f3xico, o mercado e o marco regulatorio<\/em><\/strong><\/li>\n<li><strong><em>Avanza que se afondar\u00e1 na cooperaci\u00f3n con outras administraci\u00f3ns e que se por\u00e1 en marcha un programa de Compra Privada de Innovaci\u00f3n<\/em><\/strong><\/li>\n<li><strong><em>Adianta que seis proxectos baseados no uso de veh\u00edculos a\u00e9reos non tripulados xa est\u00e1n listos para implantar nos servizos p\u00fablicos da Xunta<\/em><\/strong><\/li>\n<\/ul>\n<p><strong>\u00a0<\/strong><\/p>\n<p><strong>Santiago de Compostela, 24 de xaneiro de 2021<\/strong>.- O vicepresidente econ\u00f3mico e conselleiro de Econom\u00eda, Empresa e Innovaci\u00f3n, Francisco Conde, amosou hoxe o seu desexo de que os fondos europeos de reconstruci\u00f3n <em>Next Generation<\/em> permitan afianzar os grandes proxectos do Polo Aeroespacial de Galicia para os vindeiros cinco anos, que pasan por potenciar a I+D+i e crear tecido industrial ao redor deste sector.<\/p>\n<p>Nunha xuntanza que mantivo co Comit\u00e9 de expertos da <em>Civil UAVs Initiative<\/em> \u2014no que participan, entre outros, centros tecnol\u00f3xicos e empresas tractoras e de referencia neste eido\u2014, Conde lembrou que o Polo Aeroespacial de Galicia \u00e9 un dos proxectos tractores que conforman a candidatura galega para optar a estas axudas europeas co obxectivo de seguir avanzando sobre tres piares: o tecnol\u00f3xico, o mercado e o marco regulatorio.<\/p>\n<p>Desde o punto de vista tecnol\u00f3xico, sinalou que, como novidade, se habilitar\u00e1n novos instrumentos de financiamento para apoiar proxectos de investigaci\u00f3n de universidades, centros de co\u00f1ecemento e centros tecnol\u00f3xicos. Por outra banda, no que respecta \u00e1 busca de novos mercados, apuntou que a Xunta vai continuar destinando recursos \u00e1 Compra P\u00fablica Innovadora pero buscando, tam\u00e9n, a cooperaci\u00f3n con outras administraci\u00f3ns e a iniciativa privada a trav\u00e9s dun programa pioneiro de Compra Privada de Innovaci\u00f3n.<\/p>\n<p>Xa no relativo ao marco regulatorio (a partir da figura do <em>sandbox<\/em> regulatorio), adiantou que o obxectivo \u00e9 facer de Rozas un lugar de referencia para testar novas tecnolox\u00edas que permitan avanzar na regulaci\u00f3n para o uso civil dos veh\u00edculos a\u00e9reos no tripulados. Ao respecto, destacou que en pouco tempo, o aer\u00f3dromo contar\u00e1 cun contorno de simulaci\u00f3n grazas \u00e1 colaboraci\u00f3n do Centro para o Desenvolvemento Tecnol\u00f3xico e Industrial (CDTI), e mais cun laboratorio 5G \u2014a previsi\u00f3n \u00e9 poder desenvolver ambas as d\u00faas iniciativas nos dous vindeiros anos\u2014.<\/p>\n<p>Conde destacou que contar con esta tecnolox\u00eda punteira permitir\u00e1 que o Polo Aeroespacial de Galicia se converta nunha infraestrutura \u00fanica polo seu tama\u00f1o, pola s\u00faa especializaci\u00f3n, polo seu equipamento e pola s\u00faa capacidade de crecemento grazas ao parque industrial e tecnol\u00f3xico que xa est\u00e1 \u00e1 disposici\u00f3n das empresas que se queiran implantar nestes terreos, como xa fixeron Indra e Babcock.<\/p>\n<p>&nbsp;<\/p>\n<p><strong>Mellora dos servizos p\u00fablicos<\/strong><\/p>\n<p>O Polo Aeroespacial de Galicia xa mobilizou un investimento de 164M\u20ac, case 10 veces m\u00e1is que o inicialmente previsto. Por agora executou 59 proxectos de I+D e infraestruturas para veh\u00edculos a\u00e9reos non tripulados e contou co traballo de 800 profesionais de toda Espa\u00f1a. Propiciou, tam\u00e9n, a creaci\u00f3n de cinco novas empresas en Galicia e, a trav\u00e9s da aceleradora Business Factory Aero, xa se desenvolveron 19 proxectos empresariais. Xunto con isto, identific\u00e1ronse 430 soluci\u00f3ns tecnol\u00f3xicas, produtos ou procesos, dos que seis est\u00e1n preparados para o seu despegue inmediato nos servizos da Xunta de Galicia. Son servizos p\u00fablicos como o control da calidade da auga, a produci\u00f3n de cartograf\u00eda para a xesti\u00f3n do territorio, os servizos de protecci\u00f3n de incendios ou o control de pragas forestais.<\/p>\n<p>O vicepresidente econ\u00f3mico conclu\u00edu subli\u00f1ando a importancia da colaboraci\u00f3n p\u00fablico-privada desta iniciativa e agradeceu a implicaci\u00f3n de todos os organismos, empresas, asociaci\u00f3ns e colexios profesionais que prestan o seu apio e colaboraci\u00f3n para consolidar este proxecto pioneiro na industria aeroespacial do noso pa\u00eds.<\/p>\n<p><a href=\"https:\/\/www.civiluavsinitiative.com\/wp-content\/uploads\/2021\/01\/20200124NPCondeComiteExpertosCUI-gal.pdf\">Descargar artigo<\/a><\/p>\n","protected":false},"excerpt":{"rendered":"<p>Lembra que o Polo Aeroespacial de Galicia \u00e9 un dos proxectos tractores que conforman a candidatura galega para optar a estas axudas europeas co obxectivo de seguir avanzando sobre tres piares: o tecnol\u00f3xico, o mercado e o marco regulatorio Avanza que se afondar\u00e1 na cooperaci\u00f3n con outras administraci\u00f3ns e que se por\u00e1 en marcha un [&hellip;]<\/p>\n","protected":false},"author":3,"featured_media":36390,"comment_status":"open","ping_status":"open","sticky":false,"template":"","format":"standard","meta":{"_et_pb_use_builder":"","_et_pb_old_content":"","_et_gb_content_width":""},"categories":[150],"tags":[],"acf":[],"yoast_head":"<!-- This site is optimized with the Yoast SEO plugin v20.9 - https:\/\/yoast.com\/wordpress\/plugins\/seo\/ -->\n<title>A Xunta conf\u00eda en que os fondos europeos Next Generation permitan afianzar os grandes proxectos do Polo Aeroespacial de Galicia para os vindeiros cinco anos - Civil UAVs Initiative<\/title>\n<meta name=\"robots\" content=\"index, follow, max-snippet:-1, max-image-preview:large, max-video-preview:-1\" \/>\n<link rel=\"canonical\" href=\"https:\/\/www.civiluavsinitiative.com\/la-xunta-confia-en-que-los-fondos-europeos-next-generation-permitan-afianzar-los-grandes-proyectos-del-polo-aeroespacial-de-galicia-para-los-proximos-cinco-anos\/\" \/>\n<meta property=\"og:locale\" content=\"gl_ES\" \/>\n<meta property=\"og:type\" content=\"article\" \/>\n<meta property=\"og:title\" content=\"A Xunta conf\u00eda en que os fondos europeos Next Generation permitan afianzar os grandes proxectos do Polo Aeroespacial de Galicia para os vindeiros cinco anos - Civil UAVs Initiative\" \/>\n<meta property=\"og:description\" content=\"Lembra que o Polo Aeroespacial de Galicia \u00e9 un dos proxectos tractores que conforman a candidatura galega para optar a estas axudas europeas co obxectivo de seguir avanzando sobre tres piares: o tecnol\u00f3xico, o mercado e o marco regulatorio Avanza que se afondar\u00e1 na cooperaci\u00f3n con outras administraci\u00f3ns e que se por\u00e1 en marcha un [&hellip;]\" \/>\n<meta property=\"og:url\" content=\"https:\/\/www.civiluavsinitiative.com\/la-xunta-confia-en-que-los-fondos-europeos-next-generation-permitan-afianzar-los-grandes-proyectos-del-polo-aeroespacial-de-galicia-para-los-proximos-cinco-anos\/\" \/>\n<meta property=\"og:site_name\" content=\"Civil UAVs Initiative\" \/>\n<meta property=\"article:published_time\" content=\"2021-01-24T09:44:16+00:00\" \/>\n<meta property=\"article:modified_time\" content=\"2021-02-02T15:23:23+00:00\" \/>\n<meta property=\"og:image\" content=\"https:\/\/www.civiluavsinitiative.com\/wp-content\/uploads\/2021\/02\/Grupo-de-expertso-24.01.2021.jpg\" \/>\n\t<meta property=\"og:image:width\" content=\"2632\" \/>\n\t<meta property=\"og:image:height\" content=\"1772\" \/>\n\t<meta property=\"og:image:type\" content=\"image\/jpeg\" \/>\n<meta name=\"author\" content=\"pvillanueva\" \/>\n<meta name=\"twitter:card\" content=\"summary_large_image\" \/>\n<meta name=\"twitter:label1\" content=\"Escrito por\" \/>\n\t<meta name=\"twitter:data1\" content=\"pvillanueva\" \/>\n\t<meta name=\"twitter:label2\" content=\"Tempo de lectura\" \/>\n\t<meta name=\"twitter:data2\" content=\"3 minutos\" \/>\n<script type=\"application\/ld+json\" class=\"yoast-schema-graph\">{\"@context\":\"https:\/\/schema.org\",\"@graph\":[{\"@type\":\"WebPage\",\"@id\":\"https:\/\/www.civiluavsinitiative.com\/la-xunta-confia-en-que-los-fondos-europeos-next-generation-permitan-afianzar-los-grandes-proyectos-del-polo-aeroespacial-de-galicia-para-los-proximos-cinco-anos\/\",\"url\":\"https:\/\/www.civiluavsinitiative.com\/la-xunta-confia-en-que-los-fondos-europeos-next-generation-permitan-afianzar-los-grandes-proyectos-del-polo-aeroespacial-de-galicia-para-los-proximos-cinco-anos\/\",\"name\":\"A Xunta conf\u00eda en que os fondos europeos Next Generation permitan afianzar os grandes proxectos do Polo Aeroespacial de Galicia para os vindeiros cinco anos - Civil UAVs Initiative\",\"isPartOf\":{\"@id\":\"https:\/\/www.civiluavsinitiative.com\/#website\"},\"datePublished\":\"2021-01-24T09:44:16+00:00\",\"dateModified\":\"2021-02-02T15:23:23+00:00\",\"author\":{\"@id\":\"https:\/\/www.civiluavsinitiative.com\/#\/schema\/person\/58af028627c8c00ec53ba6f40d2f9bac\"},\"breadcrumb\":{\"@id\":\"https:\/\/www.civiluavsinitiative.com\/la-xunta-confia-en-que-los-fondos-europeos-next-generation-permitan-afianzar-los-grandes-proyectos-del-polo-aeroespacial-de-galicia-para-los-proximos-cinco-anos\/#breadcrumb\"},\"inLanguage\":\"gl-ES\",\"potentialAction\":[{\"@type\":\"ReadAction\",\"target\":[\"https:\/\/www.civiluavsinitiative.com\/la-xunta-confia-en-que-los-fondos-europeos-next-generation-permitan-afianzar-los-grandes-proyectos-del-polo-aeroespacial-de-galicia-para-los-proximos-cinco-anos\/\"]}]},{\"@type\":\"BreadcrumbList\",\"@id\":\"https:\/\/www.civiluavsinitiative.com\/la-xunta-confia-en-que-los-fondos-europeos-next-generation-permitan-afianzar-los-grandes-proyectos-del-polo-aeroespacial-de-galicia-para-los-proximos-cinco-anos\/#breadcrumb\",\"itemListElement\":[{\"@type\":\"ListItem\",\"position\":1,\"name\":\"Home\",\"item\":\"https:\/\/www.civiluavsinitiative.com\/gl\/\"},{\"@type\":\"ListItem\",\"position\":2,\"name\":\"A Xunta conf\u00eda en que os fondos europeos Next Generation permitan afianzar os grandes proxectos do Polo Aeroespacial de Galicia para os vindeiros cinco anos\"}]},{\"@type\":\"WebSite\",\"@id\":\"https:\/\/www.civiluavsinitiative.com\/#website\",\"url\":\"https:\/\/www.civiluavsinitiative.com\/\",\"name\":\"Civil UAVs Initiative\",\"description\":\"Civil UAVs Initiative, favorece y fomenta el emprendimiento innovador, con el fin de atraer y retener en Galicia talento en el sector aeroespacial.\",\"potentialAction\":[{\"@type\":\"SearchAction\",\"target\":{\"@type\":\"EntryPoint\",\"urlTemplate\":\"https:\/\/www.civiluavsinitiative.com\/?s={search_term_string}\"},\"query-input\":\"required name=search_term_string\"}],\"inLanguage\":\"gl-ES\"},{\"@type\":\"Person\",\"@id\":\"https:\/\/www.civiluavsinitiative.com\/#\/schema\/person\/58af028627c8c00ec53ba6f40d2f9bac\",\"name\":\"pvillanueva\",\"image\":{\"@type\":\"ImageObject\",\"inLanguage\":\"gl-ES\",\"@id\":\"https:\/\/www.civiluavsinitiative.com\/#\/schema\/person\/image\/\",\"url\":\"https:\/\/secure.gravatar.com\/avatar\/26c228395505196df76a7de2e9ed4de6?s=96&d=mm&r=g\",\"contentUrl\":\"https:\/\/secure.gravatar.com\/avatar\/26c228395505196df76a7de2e9ed4de6?s=96&d=mm&r=g\",\"caption\":\"pvillanueva\"}}]}<\/script>\n<!-- \/ Yoast SEO plugin. -->","yoast_head_json":{"title":"A Xunta conf\u00eda en que os fondos europeos Next Generation permitan afianzar os grandes proxectos do Polo Aeroespacial de Galicia para os vindeiros cinco anos - Civil UAVs Initiative","robots":{"index":"index","follow":"follow","max-snippet":"max-snippet:-1","max-image-preview":"max-image-preview:large","max-video-preview":"max-video-preview:-1"},"canonical":"https:\/\/www.civiluavsinitiative.com\/la-xunta-confia-en-que-los-fondos-europeos-next-generation-permitan-afianzar-los-grandes-proyectos-del-polo-aeroespacial-de-galicia-para-los-proximos-cinco-anos\/","og_locale":"gl_ES","og_type":"article","og_title":"A Xunta conf\u00eda en que os fondos europeos Next Generation permitan afianzar os grandes proxectos do Polo Aeroespacial de Galicia para os vindeiros cinco anos - Civil UAVs Initiative","og_description":"Lembra que o Polo Aeroespacial de Galicia \u00e9 un dos proxectos tractores que conforman a candidatura galega para optar a estas axudas europeas co obxectivo de seguir avanzando sobre tres piares: o tecnol\u00f3xico, o mercado e o marco regulatorio Avanza que se afondar\u00e1 na cooperaci\u00f3n con outras administraci\u00f3ns e que se por\u00e1 en marcha un [&hellip;]","og_url":"https:\/\/www.civiluavsinitiative.com\/la-xunta-confia-en-que-los-fondos-europeos-next-generation-permitan-afianzar-los-grandes-proyectos-del-polo-aeroespacial-de-galicia-para-los-proximos-cinco-anos\/","og_site_name":"Civil UAVs Initiative","article_published_time":"2021-01-24T09:44:16+00:00","article_modified_time":"2021-02-02T15:23:23+00:00","og_image":[{"width":2632,"height":1772,"url":"https:\/\/www.civiluavsinitiative.com\/wp-content\/uploads\/2021\/02\/Grupo-de-expertso-24.01.2021.jpg","type":"image\/jpeg"}],"author":"pvillanueva","twitter_card":"summary_large_image","twitter_misc":{"Escrito por":"pvillanueva","Tempo de lectura":"3 minutos"},"schema":{"@context":"https:\/\/schema.org","@graph":[{"@type":"WebPage","@id":"https:\/\/www.civiluavsinitiative.com\/la-xunta-confia-en-que-los-fondos-europeos-next-generation-permitan-afianzar-los-grandes-proyectos-del-polo-aeroespacial-de-galicia-para-los-proximos-cinco-anos\/","url":"https:\/\/www.civiluavsinitiative.com\/la-xunta-confia-en-que-los-fondos-europeos-next-generation-permitan-afianzar-los-grandes-proyectos-del-polo-aeroespacial-de-galicia-para-los-proximos-cinco-anos\/","name":"A Xunta conf\u00eda en que os fondos europeos Next Generation permitan afianzar os grandes proxectos do Polo Aeroespacial de Galicia para os vindeiros cinco anos - Civil UAVs Initiative","isPartOf":{"@id":"https:\/\/www.civiluavsinitiative.com\/#website"},"datePublished":"2021-01-24T09:44:16+00:00","dateModified":"2021-02-02T15:23:23+00:00","author":{"@id":"https:\/\/www.civiluavsinitiative.com\/#\/schema\/person\/58af028627c8c00ec53ba6f40d2f9bac"},"breadcrumb":{"@id":"https:\/\/www.civiluavsinitiative.com\/la-xunta-confia-en-que-los-fondos-europeos-next-generation-permitan-afianzar-los-grandes-proyectos-del-polo-aeroespacial-de-galicia-para-los-proximos-cinco-anos\/#breadcrumb"},"inLanguage":"gl-ES","potentialAction":[{"@type":"ReadAction","target":["https:\/\/www.civiluavsinitiative.com\/la-xunta-confia-en-que-los-fondos-europeos-next-generation-permitan-afianzar-los-grandes-proyectos-del-polo-aeroespacial-de-galicia-para-los-proximos-cinco-anos\/"]}]},{"@type":"BreadcrumbList","@id":"https:\/\/www.civiluavsinitiative.com\/la-xunta-confia-en-que-los-fondos-europeos-next-generation-permitan-afianzar-los-grandes-proyectos-del-polo-aeroespacial-de-galicia-para-los-proximos-cinco-anos\/#breadcrumb","itemListElement":[{"@type":"ListItem","position":1,"name":"Home","item":"https:\/\/www.civiluavsinitiative.com\/gl\/"},{"@type":"ListItem","position":2,"name":"A Xunta conf\u00eda en que os fondos europeos Next Generation permitan afianzar os grandes proxectos do Polo Aeroespacial de Galicia para os vindeiros cinco anos"}]},{"@type":"WebSite","@id":"https:\/\/www.civiluavsinitiative.com\/#website","url":"https:\/\/www.civiluavsinitiative.com\/","name":"Civil UAVs Initiative","description":"Civil UAVs Initiative, favorece y fomenta el emprendimiento innovador, con el fin de atraer y retener en Galicia talento en el sector aeroespacial.","potentialAction":[{"@type":"SearchAction","target":{"@type":"EntryPoint","urlTemplate":"https:\/\/www.civiluavsinitiative.com\/?s={search_term_string}"},"query-input":"required name=search_term_string"}],"inLanguage":"gl-ES"},{"@type":"Person","@id":"https:\/\/www.civiluavsinitiative.com\/#\/schema\/person\/58af028627c8c00ec53ba6f40d2f9bac","name":"pvillanueva","image":{"@type":"ImageObject","inLanguage":"gl-ES","@id":"https:\/\/www.civiluavsinitiative.com\/#\/schema\/person\/image\/","url":"https:\/\/secure.gravatar.com\/avatar\/26c228395505196df76a7de2e9ed4de6?s=96&d=mm&r=g","contentUrl":"https:\/\/secure.gravatar.com\/avatar\/26c228395505196df76a7de2e9ed4de6?s=96&d=mm&r=g","caption":"pvillanueva"}}]}},"_links":{"self":[{"href":"https:\/\/www.civiluavsinitiative.com\/gl\/wp-json\/wp\/v2\/posts\/36541"}],"collection":[{"href":"https:\/\/www.civiluavsinitiative.com\/gl\/wp-json\/wp\/v2\/posts"}],"about":[{"href":"https:\/\/www.civiluavsinitiative.com\/gl\/wp-json\/wp\/v2\/types\/post"}],"author":[{"embeddable":true,"href":"https:\/\/www.civiluavsinitiative.com\/gl\/wp-json\/wp\/v2\/users\/3"}],"replies":[{"embeddable":true,"href":"https:\/\/www.civiluavsinitiative.com\/gl\/wp-json\/wp\/v2\/comments?post=36541"}],"version-history":[{"count":2,"href":"https:\/\/www.civiluavsinitiative.com\/gl\/wp-json\/wp\/v2\/posts\/36541\/revisions"}],"predecessor-version":[{"id":36665,"href":"https:\/\/www.civiluavsinitiative.com\/gl\/wp-json\/wp\/v2\/posts\/36541\/revisions\/36665"}],"wp:featuredmedia":[{"embeddable":true,"href":"https:\/\/www.civiluavsinitiative.com\/gl\/wp-json\/wp\/v2\/media\/36390"}],"wp:attachment":[{"href":"https:\/\/www.civiluavsinitiative.com\/gl\/wp-json\/wp\/v2\/media?parent=36541"}],"wp:term":[{"taxonomy":"category","embeddable":true,"href":"https:\/\/www.civiluavsinitiative.com\/gl\/wp-json\/wp\/v2\/categories?post=36541"},{"taxonomy":"post_tag","embeddable":true,"href":"https:\/\/www.civiluavsinitiative.com\/gl\/wp-json\/wp\/v2\/tags?post=36541"}],"curies":[{"name":"wp","href":"https:\/\/api.w.org\/{rel}","templated":true}]}}